{"id":67728,"date":"2026-06-02T21:30:55","date_gmt":"2026-06-03T00:30:55","guid":{"rendered":"https:\/\/guialimeira.com.br\/previsao-do-tempo-para-quarta-feira-03-em-sp-tempo-estavel-2\/"},"modified":"2026-06-02T21:30:55","modified_gmt":"2026-06-03T00:30:55","slug":"previsao-do-tempo-para-quarta-feira-03-em-sp-tempo-estavel-2","status":"publish","type":"post","link":"https:\/\/guialimeira.com.br\/news\/previsao-do-tempo-para-quarta-feira-03-em-sp-tempo-estavel-2\/","title":{"rendered":"Previs\u00e3o do tempo para quarta-feira (03), em SP: tempo est\u00e1vel"},"content":{"rendered":"<p> <br \/>\n<br \/><img data-recalc-dims=\"1\" decoding=\"async\" src=\"https:\/\/i0.wp.com\/www.agenciasp.sp.gov.br\/wp-content\/uploads\/2024\/10\/54000453608_204e7d5dcf_k.jpg?w=696&#038;ssl=1\" \/><\/p>\n<div>\n<p class=\"wp-block-paragraph\">Nesta quarta-feira, o dia ser\u00e1 bem t\u00edpico do outono, com predom\u00ednio de sol entre algumas nuvens na maior parte do Estado de S\u00e3o Paulo, exceto na faixa leste, onde ter\u00e1 maior cobertura de nuvens.<\/p>\n<p class=\"wp-block-paragraph\">Pela manh\u00e3, a sensa\u00e7\u00e3o t\u00e9rmica fica amena, com forma\u00e7\u00e3o de densos nevoeiros e neblinas, principalmente no centro e leste paulista.<\/p>\n<p class=\"wp-block-paragraph\">J\u00e1 no per\u00edodo da tarde, as temperaturas se elevam um pouco, deixando o tempo mais quente, especialmente nas \u00e1reas do interior, onde a umidade do ar pode, eventualmente, ficar abaixo de 30%.<\/p>\n<p class=\"wp-block-paragraph\">A previs\u00e3o \u00e9 de tempo est\u00e1vel no territ\u00f3rio paulista, devido ao predom\u00ednio do ar mais seco e frio. Contudo, h\u00e1 possibilidade de ocorr\u00eancia de chuvas isoladas em \u00e1reas pr\u00f3ximas ao litoral, em raz\u00e3o da persist\u00eancia dos ventos \u00famidos provenientes do oceano.<\/p>\n<p class=\"wp-block-paragraph\">Na capital, as temperaturas ficar\u00e3o na casa dos 13 e 21 graus. J\u00e1 em Barretos, m\u00ednima de 13 e m\u00e1xima de 28 graus. <\/p>\n<p class=\"wp-block-paragraph\">Em dias frios, consulte a previs\u00e3o do tempo e agasalhe-se para se proteger do frio.<\/p>\n<p class=\"wp-block-paragraph\"><strong>LEIA MAIS:\u00a0<a href=\"https:\/\/www.agenciasp.sp.gov.br\/frente-fria-perde-forca-em-sao-paulo-mas-pancadas-de-chuva-ainda-podem-ocorrer-diz-defesa-civil\/\" rel=\"noopener\"><a href=\"https:\/\/www.agenciasp.sp.gov.br\/sp-sempre-alerta-entenda-o-significado-de-cada-alerta-da-defesa-civil\/\" rel=\"noopener\">SP Sempre Alerta: entenda o significado das cores dos avisos da Defesa Civil<\/a><\/strong><\/p>\n<h2 class=\"wp-block-heading\">Ou\u00e7a a previs\u00e3o do tempo no boletim de r\u00e1dio da Defesa Civil<\/h2>\n<figure class=\"wp-block-embed is-type-rich is-provider-soundcloud wp-block-embed-soundcloud\">\n<p>\n<iframe loading=\"lazy\" title=\"Defesa Civil - Quarta-Feira, dia 03\/06, o dia ser\u00e1 bem t\u00edpico do outono, com predom\u00ednio de sol entre algumas nuvens na maior parte do Estado de S\u00e3o Paulo by Governo do Estado de S\u00e3o Paulo\" width=\"800\" height=\"400\" scrolling=\"no\" frameborder=\"no\" src=\"https:\/\/w.soundcloud.com\/player\/?visual=true&amp;url=https%3A%2F%2Fapi.soundcloud.com%2Ftracks%2F2332326146&amp;show_artwork=true&amp;maxheight=1000&amp;maxwidth=800\"><\/iframe>\n<\/p>\n<\/figure><\/div>\n<p><br \/>\n<br \/><a href=\"https:\/\/www.agenciasp.sp.gov.br\/previsao-do-tempo-para-quarta-feira-03-em-sp-tempo-estavel-2\/\" rel=\"noopener\">Informa\u00e7\u00f5es GOV.SP<\/a><\/p>\n","protected":false},"excerpt":{"rendered":"<p>Nesta quarta-feira, o dia ser\u00e1 bem t\u00edpico do outono, com predom\u00ednio de sol entre algumas nuvens na maior parte do Estado de S\u00e3o Paulo, exceto na faixa leste, onde ter\u00e1 maior cobertura de nuvens. Pela manh\u00e3, a sensa\u00e7\u00e3o t\u00e9rmica fica amena, com forma\u00e7\u00e3o de densos nevoeiros e neblinas, principalmente no centro e leste paulista. J\u00e1 [&hellip;]<\/p>\n","protected":false},"author":1,"featured_media":25261,"comment_status":"","ping_status":"open","sticky":false,"template":"","format":"standard","meta":{"_jetpack_newsletter_access":"","_jetpack_dont_email_post_to_subs":false,"_jetpack_newsletter_tier_id":0,"_jetpack_memberships_contains_paywalled_content":false,"_mbp_banners":[],"_jetpack_feature_clip_id":0,"_jetpack_memberships_contains_paid_content":false,"footnotes":"","jetpack_publicize_message":"","jetpack_publicize_feature_enabled":true,"jetpack_social_post_already_shared":true,"jetpack_social_options":{"image_generator_settings":{"template":"highway","default_image_id":0,"font":"","enabled":false},"version":2},"jetpack_post_was_ever_published":false},"categories":[21],"tags":[],"class_list":["post-67728","post","type-post","status-publish","format-standard","has-post-thumbnail","category-sp-news"],"jetpack_publicize_connections":[],"jetpack-related-posts":[],"jetpack_shortlink":"https:\/\/wp.me\/p7Eq1F-hCo","jetpack_sharing_enabled":true,"jetpack_featured_media_url":"https:\/\/i0.wp.com\/guialimeira.com.br\/news\/wp-content\/uploads\/2025\/02\/SP-realiza-em-marco-Audiencia-Publica-para-a-elaboracao-da.jpg?fit=2048%2C1152&ssl=1","_links":{"self":[{"href":"https:\/\/guialimeira.com.br\/news\/wp-json\/wp\/v2\/posts\/67728","targetHints":{"allow":["GET"]}}],"collection":[{"href":"https:\/\/guialimeira.com.br\/news\/wp-json\/wp\/v2\/posts"}],"about":[{"href":"https:\/\/guialimeira.com.br\/news\/wp-json\/wp\/v2\/types\/post"}],"author":[{"embeddable":true,"href":"https:\/\/guialimeira.com.br\/news\/wp-json\/wp\/v2\/users\/1"}],"replies":[{"embeddable":true,"href":"https:\/\/guialimeira.com.br\/news\/wp-json\/wp\/v2\/comments?post=67728"}],"version-history":[{"count":0,"href":"https:\/\/guialimeira.com.br\/news\/wp-json\/wp\/v2\/posts\/67728\/revisions"}],"wp:featuredmedia":[{"embeddable":true,"href":"https:\/\/guialimeira.com.br\/news\/wp-json\/wp\/v2\/media\/25261"}],"wp:attachment":[{"href":"https:\/\/guialimeira.com.br\/news\/wp-json\/wp\/v2\/media?parent=67728"}],"wp:term":[{"taxonomy":"category","embeddable":true,"href":"https:\/\/guialimeira.com.br\/news\/wp-json\/wp\/v2\/categories?post=67728"},{"taxonomy":"post_tag","embeddable":true,"href":"https:\/\/guialimeira.com.br\/news\/wp-json\/wp\/v2\/tags?post=67728"}],"curies":[{"name":"wp","href":"https:\/\/api.w.org\/{rel}","templated":true}]}}