{"id":67724,"date":"2026-06-02T20:29:22","date_gmt":"2026-06-02T23:29:22","guid":{"rendered":"https:\/\/guialimeira.com.br\/caravana-3d-governo-de-sp-investe-r-15-milhoes-em-modernizacao-de-avenida-em-barretos\/"},"modified":"2026-06-02T20:29:22","modified_gmt":"2026-06-02T23:29:22","slug":"caravana-3d-governo-de-sp-investe-r-15-milhoes-em-modernizacao-de-avenida-em-barretos","status":"publish","type":"post","link":"https:\/\/guialimeira.com.br\/news\/caravana-3d-governo-de-sp-investe-r-15-milhoes-em-modernizacao-de-avenida-em-barretos\/","title":{"rendered":"Caravana 3D: Governo de SP investe R$ 15 milh\u00f5es em moderniza\u00e7\u00e3o de avenida em Barretos"},"content":{"rendered":"<p> <br \/>\n<\/p>\n<div>\n<p class=\"wp-block-paragraph\">O Governo de S\u00e3o Paulo investiu R$ 15 milh\u00f5es na reurbaniza\u00e7\u00e3o da Avenida Engenheiro Necker Carvalho de Camargo, em Barretos. A obra conta com investimento total de R$ 17,05 milh\u00f5es, incluindo contrapartida municipal de R$ 2,05 milh\u00f5es. A entrega, realizada nesta ter\u00e7a-feira (2), integra a programa\u00e7\u00e3o da 15\u00aa edi\u00e7\u00e3o da Caravana 3D na Regi\u00e3o Administrativa de Barretos.<\/p>\n<p>\u201cHoje foi um dia de entregar muita coisa, de entregar muito resultado. Fizemos an\u00fancios de\u00a0 investimentos para a regi\u00e3o e estamos inaugurando esta importante avenida. A Engenheiro Necker Carvalho de Camargo ficou uma via muito bonita, com ilumina\u00e7\u00e3o, ciclovia e uma liga\u00e7\u00e3o importante at\u00e9 a Jos\u00e9 Domingos Ducati, mostrando os investimentos que estamos fazendo em infraestrutura urbana\u201d, afirmou o governador Tarc\u00edsio de Freitas.<\/p>\n<figure class=\"wp-block-image size-large\"><img data-recalc-dims=\"1\" fetchpriority=\"high\" decoding=\"async\" width=\"696\" height=\"464\" src=\"https:\/\/i0.wp.com\/www.agenciasp.sp.gov.br\/wp-content\/uploads\/2026\/06\/Caravana-3D-Reurbanizacao-da-Avenida-Engenheiro-Necker-Carvalho-de-Camargo-1024x683.jpg?resize=696%2C464&#038;ssl=1\" alt=\"\" class=\"wp-image-148811\" srcset=\"https:\/\/www.agenciasp.sp.gov.br\/wp-content\/uploads\/2026\/06\/Caravana-3D-Reurbanizacao-da-Avenida-Engenheiro-Necker-Carvalho-de-Camargo-1024x683.jpg 1024w, https:\/\/www.agenciasp.sp.gov.br\/wp-content\/uploads\/2026\/06\/Caravana-3D-Reurbanizacao-da-Avenida-Engenheiro-Necker-Carvalho-de-Camargo-300x200.jpg 300w, https:\/\/www.agenciasp.sp.gov.br\/wp-content\/uploads\/2026\/06\/Caravana-3D-Reurbanizacao-da-Avenida-Engenheiro-Necker-Carvalho-de-Camargo-768x512.jpg 768w, https:\/\/www.agenciasp.sp.gov.br\/wp-content\/uploads\/2026\/06\/Caravana-3D-Reurbanizacao-da-Avenida-Engenheiro-Necker-Carvalho-de-Camargo-1536x1024.jpg 1536w, https:\/\/www.agenciasp.sp.gov.br\/wp-content\/uploads\/2026\/06\/Caravana-3D-Reurbanizacao-da-Avenida-Engenheiro-Necker-Carvalho-de-Camargo-2048x1365.jpg 2048w, https:\/\/www.agenciasp.sp.gov.br\/wp-content\/uploads\/2026\/06\/Caravana-3D-Reurbanizacao-da-Avenida-Engenheiro-Necker-Carvalho-de-Camargo-150x100.jpg 150w\" sizes=\"(max-width: 1024px) 100vw, 1024px\"\/><figcaption class=\"wp-element-caption\">As interven\u00e7\u00f5es ampliam a seguran\u00e7a vi\u00e1ria, melhoram o escoamento das \u00e1guas pluviais. Foto: Celio Messias\/Governo do Estado<br \/><\/figcaption><\/figure>\n<p class=\"wp-block-paragraph\">As melhorias contemplam nova pavimenta\u00e7\u00e3o asf\u00e1ltica, substitui\u00e7\u00e3o de guias e sarjetas, moderniza\u00e7\u00e3o das instala\u00e7\u00f5es el\u00e9tricas e reforma da rede de drenagem. As interven\u00e7\u00f5es ampliam a seguran\u00e7a vi\u00e1ria, melhoram o escoamento das \u00e1guas pluviais e proporcionam mais conforto e qualidade de vida para a popula\u00e7\u00e3o que acessa a via.<\/p>\n<p class=\"wp-block-paragraph\">Do total de recursos estaduais previstos, R$ 11,5 milh\u00f5es j\u00e1 foram repassados, via Secretaria de Governo e Rela\u00e7\u00f5es Institucionais. Os R$ 3,5 milh\u00f5es restantes, referentes \u00e0 quarta e \u00faltima parcela do conv\u00eanio, ser\u00e3o liberados ap\u00f3s as autoriza\u00e7\u00f5es necess\u00e1rias.<\/p>\n<figure class=\"wp-block-image size-large\"><img data-recalc-dims=\"1\" loading=\"lazy\" decoding=\"async\" width=\"696\" height=\"464\" src=\"https:\/\/i0.wp.com\/www.agenciasp.sp.gov.br\/wp-content\/uploads\/2026\/06\/Caravana-3D-Reurbanizacao-da-Avenida-Engenheiro-Necker-Carvalho-de-Camargo-Governador-1024x683.jpeg?resize=696%2C464&#038;ssl=1\" alt=\"\" class=\"wp-image-148897\" srcset=\"https:\/\/www.agenciasp.sp.gov.br\/wp-content\/uploads\/2026\/06\/Caravana-3D-Reurbanizacao-da-Avenida-Engenheiro-Necker-Carvalho-de-Camargo-Governador-1024x683.jpeg 1024w, https:\/\/www.agenciasp.sp.gov.br\/wp-content\/uploads\/2026\/06\/Caravana-3D-Reurbanizacao-da-Avenida-Engenheiro-Necker-Carvalho-de-Camargo-Governador-300x200.jpeg 300w, https:\/\/www.agenciasp.sp.gov.br\/wp-content\/uploads\/2026\/06\/Caravana-3D-Reurbanizacao-da-Avenida-Engenheiro-Necker-Carvalho-de-Camargo-Governador-768x512.jpeg 768w, https:\/\/www.agenciasp.sp.gov.br\/wp-content\/uploads\/2026\/06\/Caravana-3D-Reurbanizacao-da-Avenida-Engenheiro-Necker-Carvalho-de-Camargo-Governador-150x100.jpeg 150w, https:\/\/www.agenciasp.sp.gov.br\/wp-content\/uploads\/2026\/06\/Caravana-3D-Reurbanizacao-da-Avenida-Engenheiro-Necker-Carvalho-de-Camargo-Governador.jpeg 1500w\" sizes=\"auto, (max-width: 1024px) 100vw, 1024px\"\/><figcaption class=\"wp-element-caption\">Entrega fez parte do primeiro dia de a\u00e7\u00e3o na regi\u00e3o de Barretos. Foto: Governo de SP<\/figcaption><\/figure>\n<h2 class=\"wp-block-heading\"><strong>Caravana 3D<\/strong><\/h2>\n<p class=\"wp-block-paragraph\">A Caravana 3D \u00e9 uma iniciativa do Governo de S\u00e3o Paulo que percorre as regi\u00f5es do estado para levar pol\u00edticas p\u00fablicas com foco nos pilares de desenvolvimento, dignidade e di\u00e1logo. A proposta \u00e9 fortalecer a articula\u00e7\u00e3o com os munic\u00edpios por meio de entregas e investimentos alinhados \u00e0s necessidades locais e voltados \u00e0 melhoria da qualidade de vida da popula\u00e7\u00e3o.<\/p>\n<p class=\"wp-block-paragraph\">A a\u00e7\u00e3o j\u00e1 passou pelas regi\u00f5es de Franca, Vale do Ribeira, Bauru, ABC, Alto Tiet\u00ea, Ribeir\u00e3o Preto, Campinas, Vale do Para\u00edba, S\u00e3o Jos\u00e9 do Rio Preto, Ara\u00e7atuba, Mar\u00edlia, Sorocaba, Presidente Prudente e Itapeva.<\/p>\n<\/p><\/div>\n<p><br \/>\n<br \/><a href=\"https:\/\/www.agenciasp.sp.gov.br\/caravana-3d-governo-de-sp-investe-r-15-milhoes-em-modernizacao-de-avenida-em-barretos\/\" rel=\"noopener\">Informa\u00e7\u00f5es GOV.SP<\/a><\/p>\n","protected":false},"excerpt":{"rendered":"<p>O Governo de S\u00e3o Paulo investiu R$ 15 milh\u00f5es na reurbaniza\u00e7\u00e3o da Avenida Engenheiro Necker Carvalho de Camargo, em Barretos. A obra conta com investimento total de R$ 17,05 milh\u00f5es, incluindo contrapartida municipal de R$ 2,05 milh\u00f5es. A entrega, realizada nesta ter\u00e7a-feira (2), integra a programa\u00e7\u00e3o da 15\u00aa edi\u00e7\u00e3o da Caravana 3D na Regi\u00e3o Administrativa [&hellip;]<\/p>\n","protected":false},"author":1,"featured_media":67725,"comment_status":"","ping_status":"open","sticky":false,"template":"","format":"standard","meta":{"_jetpack_newsletter_access":"","_jetpack_dont_email_post_to_subs":false,"_jetpack_newsletter_tier_id":0,"_jetpack_memberships_contains_paywalled_content":false,"_mbp_banners":[],"_jetpack_feature_clip_id":0,"_jetpack_memberships_contains_paid_content":false,"footnotes":"","jetpack_publicize_message":"","jetpack_publicize_feature_enabled":true,"jetpack_social_post_already_shared":true,"jetpack_social_options":{"image_generator_settings":{"template":"highway","default_image_id":0,"font":"","enabled":false},"version":2},"jetpack_post_was_ever_published":false},"categories":[21],"tags":[],"class_list":["post-67724","post","type-post","status-publish","format-standard","has-post-thumbnail","category-sp-news"],"jetpack_publicize_connections":[],"jetpack-related-posts":[],"jetpack_shortlink":"https:\/\/wp.me\/p7Eq1F-hCk","jetpack_sharing_enabled":true,"jetpack_featured_media_url":"https:\/\/i0.wp.com\/guialimeira.com.br\/news\/wp-content\/uploads\/2026\/06\/Caravana-3D-Governo-de-SP-investe-R-15-milhoes-em.jpg?fit=1024%2C683&ssl=1","_links":{"self":[{"href":"https:\/\/guialimeira.com.br\/news\/wp-json\/wp\/v2\/posts\/67724","targetHints":{"allow":["GET"]}}],"collection":[{"href":"https:\/\/guialimeira.com.br\/news\/wp-json\/wp\/v2\/posts"}],"about":[{"href":"https:\/\/guialimeira.com.br\/news\/wp-json\/wp\/v2\/types\/post"}],"author":[{"embeddable":true,"href":"https:\/\/guialimeira.com.br\/news\/wp-json\/wp\/v2\/users\/1"}],"replies":[{"embeddable":true,"href":"https:\/\/guialimeira.com.br\/news\/wp-json\/wp\/v2\/comments?post=67724"}],"version-history":[{"count":0,"href":"https:\/\/guialimeira.com.br\/news\/wp-json\/wp\/v2\/posts\/67724\/revisions"}],"wp:featuredmedia":[{"embeddable":true,"href":"https:\/\/guialimeira.com.br\/news\/wp-json\/wp\/v2\/media\/67725"}],"wp:attachment":[{"href":"https:\/\/guialimeira.com.br\/news\/wp-json\/wp\/v2\/media?parent=67724"}],"wp:term":[{"taxonomy":"category","embeddable":true,"href":"https:\/\/guialimeira.com.br\/news\/wp-json\/wp\/v2\/categories?post=67724"},{"taxonomy":"post_tag","embeddable":true,"href":"https:\/\/guialimeira.com.br\/news\/wp-json\/wp\/v2\/tags?post=67724"}],"curies":[{"name":"wp","href":"https:\/\/api.w.org\/{rel}","templated":true}]}}