{"id":67714,"date":"2026-06-02T18:10:52","date_gmt":"2026-06-02T21:10:52","guid":{"rendered":"https:\/\/guialimeira.com.br\/projeto-de-estevao-nogueira-regulamenta-novas-formas-de-publicidade-como-paineis-em-led-ou-lcd\/"},"modified":"2026-06-02T18:10:52","modified_gmt":"2026-06-02T21:10:52","slug":"projeto-de-estevao-nogueira-regulamenta-novas-formas-de-publicidade-como-paineis-em-led-ou-lcd","status":"publish","type":"post","link":"https:\/\/guialimeira.com.br\/news\/projeto-de-estevao-nogueira-regulamenta-novas-formas-de-publicidade-como-paineis-em-led-ou-lcd\/","title":{"rendered":"Projeto de Estev\u00e3o Nogueira regulamenta novas formas de publicidade, como pain\u00e9is em LED ou LCD"},"content":{"rendered":"<p>Projeto de Estev\u00e3o Nogueira regulamenta novas formas de publicidade, como pain\u00e9is em LED ou LCD<\/p>\n<p>Para modernizar a legisla\u00e7\u00e3o (Lei N\u00ba 4.268\/2008) que disp\u00f5e sobre a instala\u00e7\u00e3o de mensagens publicit\u00e1rias em Limeira, o vereador Estev\u00e3o Nogueira (Avante) protocolou, no dia 25 de maio, o Projeto de Lei N\u00ba 73\/2026, que regulamenta engenhos publicit\u00e1rios digitais, estabelece normas de seguran\u00e7a vi\u00e1ria e permite a instala\u00e7\u00e3o obl\u00edqua em empenas cegas (coloca\u00e7\u00e3o de pain\u00e9is publicit\u00e1rios em um \u00e2ngulo inclinado na parede lateral ou dos fundos de um edif\u00edcio, sem portas, janelas ou outras aberturas).<\/p>\n<p>Al\u00e9m de elencar os novos engenhos publicit\u00e1rios inclu\u00eddos na norma, como back lights, outdoors e frontlights, por exemplo, a proposta define cada tipo e especifica regras para pain\u00e9is digitais ou eletr\u00f4nicos de LED, LCD ou similares, que n\u00e3o poder\u00e3o apresentar conte\u00fados que simulem sinaliza\u00e7\u00f5es de tr\u00e2nsito nem efeitos estrobosc\u00f3picos (flashes r\u00e1pidos de luz que criam ilus\u00f5es de movimento) ou flashes que causem distra\u00e7\u00e3o acentuada.<\/p>\n<p>O projeto ainda determina que esses pain\u00e9is dever\u00e3o ter ajustes para per\u00edodo noturno e diurno. \u201cPain\u00e9is de LED operando com brilho diurno durante o per\u00edodo noturno causam o fen\u00f4meno do ofuscamento, reduzindo a visibilidade de motoristas e pedestres\u201d, ressaltou Estev\u00e3o.<\/p>\n<p>O texto tamb\u00e9m pro\u00edbe conte\u00fados discriminat\u00f3rios ou que incitem \u00e0 viol\u00eancia, explore de forma inadequada a imagem de crian\u00e7as e adolescentes, fa\u00e7a apologia a drogas il\u00edcitas, explora\u00e7\u00e3o sexual ou outras pr\u00e1ticas vedadas por lei, utilize dados de terceiros sem autoriza\u00e7\u00e3o e viole direitos autorais ou de propriedade intelectual.<\/p>\n<p>Na justificativa o autor afirma que a altera\u00e7\u00e3o na norma pretende adequar o ordenamento jur\u00eddico local aos avan\u00e7os tecnol\u00f3gicos e \u00e0s novas din\u00e2micas da paisagem urbana da cidade. \u201cA aus\u00eancia de par\u00e2metros objetivos para esses novos formatos gera inseguran\u00e7a jur\u00eddica e dificulta a mitiga\u00e7\u00e3o de impactos negativos, como o brilho excessivo e o dinamismo desordenado de imagens\u201d, explicou, assegurando que a proposta n\u00e3o visa proibir a inova\u00e7\u00e3o, mas sim disciplin\u00e1-la.<\/p>\n<p>Do Gabinete Parlamentar \u2013 Vereador Estev\u00e3o Nogueira (Avante)<\/p>\n<p>As mat\u00e9rias de origem dos Gabinetes Parlamentares s\u00e3o de inteira\u00a0 responsabilidade dos parlamentares e de suas assessorias. S\u00e3o devidamente assinadas e n\u00e3o refletem, necessariamente, a opini\u00e3o institucional da C\u00e2mara Municipal de Limeira.<\/p>\n<hr>\n<p><em>Fonte: <a href=\"https:\/\/www.limeira.sp.leg.br\/noticias\/view\/2026-06-02_projeto-de-estevao-nogueira-regulamenta-novas-formas-de-publicidade-como-paineis-em-led-ou-lcd\" target=\"_blank\" rel=\"noopener\">C\u00e2mara Municipal de Limeira<\/a><\/em><\/p>\n","protected":false},"excerpt":{"rendered":"<p>Projeto de Estev\u00e3o Nogueira regulamenta novas formas de publicidade, como pain\u00e9is em LED ou LCD<\/p>\n<p>Para modernizar a legisla\u00e7\u00e3o (Lei N\u00ba 4.268\/2008) que disp\u00f5e sobre a instala\u00e7\u00e3o de mensagens publicit\u00e1rias em Limeira, o vereador Estev\u00e3o Nogueira (Avante) protocolou, no dia 25 de maio, o Projeto de Lei <\/p>\n","protected":false},"author":4,"featured_media":67713,"comment_status":"","ping_status":"open","sticky":false,"template":"","format":"standard","meta":{"_jetpack_newsletter_access":"","_jetpack_dont_email_post_to_subs":false,"_jetpack_newsletter_tier_id":0,"_jetpack_memberships_contains_paywalled_content":false,"_mbp_banners":[],"_jetpack_feature_clip_id":0,"_jetpack_memberships_contains_paid_content":false,"footnotes":"","jetpack_publicize_message":"","jetpack_publicize_feature_enabled":true,"jetpack_social_post_already_shared":true,"jetpack_social_options":{"image_generator_settings":{"template":"highway","default_image_id":0,"font":"","enabled":false},"version":2},"jetpack_post_was_ever_published":false},"categories":[19],"tags":[],"class_list":["post-67714","post","type-post","status-publish","format-standard","has-post-thumbnail","category-politica"],"jetpack_publicize_connections":[],"jetpack-related-posts":[],"jetpack_shortlink":"https:\/\/wp.me\/p7Eq1F-hCa","jetpack_sharing_enabled":true,"jetpack_featured_media_url":"https:\/\/i0.wp.com\/guialimeira.com.br\/news\/wp-content\/uploads\/2026\/06\/noticia-camara-14.jpg?fit=1280%2C640&ssl=1","_links":{"self":[{"href":"https:\/\/guialimeira.com.br\/news\/wp-json\/wp\/v2\/posts\/67714","targetHints":{"allow":["GET"]}}],"collection":[{"href":"https:\/\/guialimeira.com.br\/news\/wp-json\/wp\/v2\/posts"}],"about":[{"href":"https:\/\/guialimeira.com.br\/news\/wp-json\/wp\/v2\/types\/post"}],"author":[{"embeddable":true,"href":"https:\/\/guialimeira.com.br\/news\/wp-json\/wp\/v2\/users\/4"}],"replies":[{"embeddable":true,"href":"https:\/\/guialimeira.com.br\/news\/wp-json\/wp\/v2\/comments?post=67714"}],"version-history":[{"count":0,"href":"https:\/\/guialimeira.com.br\/news\/wp-json\/wp\/v2\/posts\/67714\/revisions"}],"wp:featuredmedia":[{"embeddable":true,"href":"https:\/\/guialimeira.com.br\/news\/wp-json\/wp\/v2\/media\/67713"}],"wp:attachment":[{"href":"https:\/\/guialimeira.com.br\/news\/wp-json\/wp\/v2\/media?parent=67714"}],"wp:term":[{"taxonomy":"category","embeddable":true,"href":"https:\/\/guialimeira.com.br\/news\/wp-json\/wp\/v2\/categories?post=67714"},{"taxonomy":"post_tag","embeddable":true,"href":"https:\/\/guialimeira.com.br\/news\/wp-json\/wp\/v2\/tags?post=67714"}],"curies":[{"name":"wp","href":"https:\/\/api.w.org\/{rel}","templated":true}]}}