{"id":67712,"date":"2026-06-02T18:05:51","date_gmt":"2026-06-02T21:05:51","guid":{"rendered":"https:\/\/guialimeira.com.br\/em-reuniao-comissao-de-constituicao-justica-e-redacao-analisa-nove-projetos\/"},"modified":"2026-06-02T18:05:51","modified_gmt":"2026-06-02T21:05:51","slug":"em-reuniao-comissao-de-constituicao-justica-e-redacao-analisa-nove-projetos","status":"publish","type":"post","link":"https:\/\/guialimeira.com.br\/news\/em-reuniao-comissao-de-constituicao-justica-e-redacao-analisa-nove-projetos\/","title":{"rendered":"Em reuni\u00e3o, Comiss\u00e3o de Constitui\u00e7\u00e3o, Justi\u00e7a e Reda\u00e7\u00e3o analisa nove projetos"},"content":{"rendered":"<p>Em reuni\u00e3o, Comiss\u00e3o de Constitui\u00e7\u00e3o, Justi\u00e7a e Reda\u00e7\u00e3o analisa nove projetos<\/p>\n<p>A Comiss\u00e3o de Constitui\u00e7\u00e3o, Justi\u00e7a e Reda\u00e7\u00e3o (CCJR) da C\u00e2mara analisou nove projetos na reuni\u00e3o desta ter\u00e7a-feira, 2 de junho. Tr\u00eas deles receberam pareceres favor\u00e1veis e os demais permanecem em estudo ou foram encaminhados \u00e0 Procuradoria Legislativa, conforme registro em ata.<\/p>\n<p>A CCJR analisa os aspectos constitucional, legal, regimental, gramatical e l\u00f3gico de todas as proposi\u00e7\u00f5es que tramitam na C\u00e2mara. Fazem parte da Comiss\u00e3o as vereadoras Mara Isa Mattos Silveira (PL), presidente; Mariana Calsa (PSB), vice-presidente; e Joyce Dias (PSD), secret\u00e1ria.<\/p>\n<p>Confira as proposituras com pareceres favor\u00e1veis:<\/p>\n<p>Projeto de Decreto Legislativo N\u00ba 14\/2026, do vereador Guilherme Guido (PL), concede o Diploma de Gratid\u00e3o da Cidade de Limeira e a \u201cMedalha de M\u00e9rito C\u00edvico 15 de Setembro, Ordem Tatuibi\u201d \u00e0 empresa Vac\u00e3o Tudo de Minas, pelos servi\u00e7os prestados a Limeira.<\/p>\n<p>Projeto de Lei N\u00ba 69\/2026, da vereadora Bruna Magalh\u00e3es (PRTB), disp\u00f5e sobre crit\u00e9rios e medidas de transpar\u00eancia visando garantir o tratamento e a interna\u00e7\u00e3o de dependentes qu\u00edmicos em Limeira.<\/p>\n<p>Projeto de Lei N\u00ba 70\/2026, do vereador Dr. Marcelo Rossi (MDB), estabelece diretrizes para a promo\u00e7\u00e3o de a\u00e7\u00f5es de musicoterapia no \u00e2mbito da rede municipal de sa\u00fade.<\/p>\n<hr>\n<p><em>Fonte: <a href=\"https:\/\/www.limeira.sp.leg.br\/noticias\/view\/2026-06-02_em-reuniao-comissao-de-constituicao-justica-e-redacao-analisa-nove-projetos\" target=\"_blank\" rel=\"noopener\">C\u00e2mara Municipal de Limeira<\/a><\/em><\/p>\n","protected":false},"excerpt":{"rendered":"<p>Em reuni\u00e3o, Comiss\u00e3o de Constitui\u00e7\u00e3o, Justi\u00e7a e Reda\u00e7\u00e3o analisa nove projetos<\/p>\n<p>A Comiss\u00e3o de Constitui\u00e7\u00e3o, Justi\u00e7a e Reda\u00e7\u00e3o (CCJR) da C\u00e2mara analisou nove projetos na reuni\u00e3o desta ter\u00e7a-feira, 2 de junho. Tr\u00eas deles receberam pareceres favor\u00e1veis e os demais permanecem em estudo ou foram encaminha<\/p>\n","protected":false},"author":4,"featured_media":67711,"comment_status":"","ping_status":"open","sticky":false,"template":"","format":"standard","meta":{"_jetpack_newsletter_access":"","_jetpack_dont_email_post_to_subs":false,"_jetpack_newsletter_tier_id":0,"_jetpack_memberships_contains_paywalled_content":false,"_mbp_banners":[],"_jetpack_feature_clip_id":0,"_jetpack_memberships_contains_paid_content":false,"footnotes":"","jetpack_publicize_message":"","jetpack_publicize_feature_enabled":true,"jetpack_social_post_already_shared":true,"jetpack_social_options":{"image_generator_settings":{"template":"highway","default_image_id":0,"font":"","enabled":false},"version":2},"jetpack_post_was_ever_published":false},"categories":[19],"tags":[],"class_list":["post-67712","post","type-post","status-publish","format-standard","has-post-thumbnail","category-politica"],"jetpack_publicize_connections":[],"jetpack-related-posts":[],"jetpack_shortlink":"https:\/\/wp.me\/p7Eq1F-hC8","jetpack_sharing_enabled":true,"jetpack_featured_media_url":"https:\/\/i0.wp.com\/guialimeira.com.br\/news\/wp-content\/uploads\/2026\/06\/noticia-camara-13.jpg?fit=1280%2C640&ssl=1","_links":{"self":[{"href":"https:\/\/guialimeira.com.br\/news\/wp-json\/wp\/v2\/posts\/67712","targetHints":{"allow":["GET"]}}],"collection":[{"href":"https:\/\/guialimeira.com.br\/news\/wp-json\/wp\/v2\/posts"}],"about":[{"href":"https:\/\/guialimeira.com.br\/news\/wp-json\/wp\/v2\/types\/post"}],"author":[{"embeddable":true,"href":"https:\/\/guialimeira.com.br\/news\/wp-json\/wp\/v2\/users\/4"}],"replies":[{"embeddable":true,"href":"https:\/\/guialimeira.com.br\/news\/wp-json\/wp\/v2\/comments?post=67712"}],"version-history":[{"count":0,"href":"https:\/\/guialimeira.com.br\/news\/wp-json\/wp\/v2\/posts\/67712\/revisions"}],"wp:featuredmedia":[{"embeddable":true,"href":"https:\/\/guialimeira.com.br\/news\/wp-json\/wp\/v2\/media\/67711"}],"wp:attachment":[{"href":"https:\/\/guialimeira.com.br\/news\/wp-json\/wp\/v2\/media?parent=67712"}],"wp:term":[{"taxonomy":"category","embeddable":true,"href":"https:\/\/guialimeira.com.br\/news\/wp-json\/wp\/v2\/categories?post=67712"},{"taxonomy":"post_tag","embeddable":true,"href":"https:\/\/guialimeira.com.br\/news\/wp-json\/wp\/v2\/tags?post=67712"}],"curies":[{"name":"wp","href":"https:\/\/api.w.org\/{rel}","templated":true}]}}