{"id":67708,"date":"2026-06-02T17:55:48","date_gmt":"2026-06-02T20:55:48","guid":{"rendered":"https:\/\/guialimeira.com.br\/mariana-calsa-cobra-esclarecimentos-sobre-atendimentos-do-servico-de-convivencia-e-fortalecimento-de-vinculos\/"},"modified":"2026-06-02T17:55:48","modified_gmt":"2026-06-02T20:55:48","slug":"mariana-calsa-cobra-esclarecimentos-sobre-atendimentos-do-servico-de-convivencia-e-fortalecimento-de-vinculos","status":"publish","type":"post","link":"https:\/\/guialimeira.com.br\/news\/mariana-calsa-cobra-esclarecimentos-sobre-atendimentos-do-servico-de-convivencia-e-fortalecimento-de-vinculos\/","title":{"rendered":"Mariana Calsa cobra esclarecimentos sobre atendimentos do Servi\u00e7o de Conviv\u00eancia e Fortalecimento de V\u00ednculos"},"content":{"rendered":"<p>Mariana Calsa cobra esclarecimentos sobre atendimentos do Servi\u00e7o de Conviv\u00eancia e Fortalecimento de V\u00ednculos<\/p>\n<p>A vereadora Mariana Calsa (PSB) protocolou nesta segunda-feira, 1\u00b0de junho, o\u00a0 Requerimento N\u00ba 478\/2026 solicitando informa\u00e7\u00f5es \u00e0 Prefeitura sobre os atendimentos realizados pelo Servi\u00e7o de Conviv\u00eancia e Fortalecimento de V\u00ednculos (SCFV) em Limeira. De acordo com a parlamentar, o objetivo \u00e9 compreender o alcance do programa, a distribui\u00e7\u00e3o territorial dos atendimentos e poss\u00edveis demandas reprimidas no Munic\u00edpio.<\/p>\n<p>A parlamentar questionou quantas pessoas s\u00e3o atendidas atualmente pelo SCFV em cada faixa et\u00e1ria, quais regi\u00f5es recebem os servi\u00e7os, se existe fila de espera e quais crit\u00e9rios s\u00e3o utilizados para inclus\u00e3o no programa. O requerimento tamb\u00e9m busca informa\u00e7\u00f5es sobre a integra\u00e7\u00e3o entre assist\u00eancia social e educa\u00e7\u00e3o, incluindo dados sobre crian\u00e7as e adolescentes matriculados na rede municipal de ensino.<\/p>\n<p>Segundo Mariana Calsa, o Servi\u00e7o de Conviv\u00eancia tem papel fundamental na prote\u00e7\u00e3o social b\u00e1sica, promovendo o fortalecimento de v\u00ednculos familiares e comunit\u00e1rios, al\u00e9m da preven\u00e7\u00e3o de situa\u00e7\u00f5es de vulnerabilidade social.<\/p>\n<p>A vereadora ressaltou que a discuss\u00e3o ganha mais relev\u00e2ncia diante da preocupa\u00e7\u00e3o com o poss\u00edvel encerramento dos atendimentos no bairro Ernesto Kuhl. A parlamentar alertou que a popula\u00e7\u00e3o da regi\u00e3o n\u00e3o pode ficar desamparada e criticou a possibilidade de retirada de servi\u00e7os realizados no centro comunit\u00e1rio do bairro. \u201cEstamos diante de uma situa\u00e7\u00e3o muito preocupante: os moradores correm o risco de ficar totalmente desassistidos pelo \u00fanico equipamento p\u00fablico municipal existente no bairro\u201d, destacou.<\/p>\n<p>De acordo com a vereadora, a justificativa apresentada envolve a perman\u00eancia das assistentes sociais no local, por\u00e9m n\u00e3o existe impedimento legal para que as profissionais e demais servidores realizem os atendimentos no centro comunit\u00e1rio.<\/p>\n<p>\u201cRetirar esse servi\u00e7o essencial do bairro n\u00e3o \u00e9 uma exig\u00eancia da lei, mas uma falha grave na garantia de direitos b\u00e1sicos. \u00c9 inadmiss\u00edvel esvaziar a principal rede de apoio da regi\u00e3o e virar as costas para fam\u00edlias que dependem do poder p\u00fablico. O servi\u00e7o social precisa estar exatamente onde o povo est\u00e1\u201d, afirmou.<\/p>\n<p>Mariana Calsa tamb\u00e9m refor\u00e7ou que seguir\u00e1 acompanhando a situa\u00e7\u00e3o de perto, cobrando transpar\u00eancia do Executivo e defendendo a manuten\u00e7\u00e3o dos atendimentos \u00e0 popula\u00e7\u00e3o do Ernesto Kuhl.<\/p>\n<p>Do Gabinete Parlamentar \u2013 Vereadora Mariana Calsa (PSB)<\/p>\n<p>*Fotos do Gabinete Parlamentar<\/p>\n<p>As mat\u00e9rias de origem dos Gabinetes Parlamentares s\u00e3o de inteira\u00a0 responsabilidade dos parlamentares e de suas assessorias. S\u00e3o devidamente assinadas e n\u00e3o refletem, necessariamente, a opini\u00e3o institucional da C\u00e2mara Municipal de Limeira.<\/p>\n<hr>\n<p><em>Fonte: <a href=\"https:\/\/www.limeira.sp.leg.br\/noticias\/view\/2026-06-02_mariana-calsa-cobra-esclarecimentos-sobre-atendimentos-do-servico-de-convivencia-e-fortalecimento-de-vinculos\" target=\"_blank\" rel=\"noopener\">C\u00e2mara Municipal de Limeira<\/a><\/em><\/p>\n","protected":false},"excerpt":{"rendered":"<p>Mariana Calsa cobra esclarecimentos sobre atendimentos do Servi\u00e7o de Conviv\u00eancia e Fortalecimento de V\u00ednculos<\/p>\n<p>A vereadora Mariana Calsa (PSB) protocolou nesta segunda-feira, 1\u00b0de junho, o\u00a0 Requerimento N\u00ba 478\/2026 solicitando informa\u00e7\u00f5es \u00e0 Prefeitura sobre os atendimentos realizados pelo Servi\u00e7o de<\/p>\n","protected":false},"author":4,"featured_media":67707,"comment_status":"","ping_status":"open","sticky":false,"template":"","format":"standard","meta":{"_jetpack_newsletter_access":"","_jetpack_dont_email_post_to_subs":false,"_jetpack_newsletter_tier_id":0,"_jetpack_memberships_contains_paywalled_content":false,"_mbp_banners":[],"_jetpack_feature_clip_id":0,"_jetpack_memberships_contains_paid_content":false,"footnotes":"","jetpack_publicize_message":"","jetpack_publicize_feature_enabled":true,"jetpack_social_post_already_shared":true,"jetpack_social_options":{"image_generator_settings":{"template":"highway","default_image_id":0,"font":"","enabled":false},"version":2},"jetpack_post_was_ever_published":false},"categories":[19],"tags":[],"class_list":["post-67708","post","type-post","status-publish","format-standard","has-post-thumbnail","category-politica"],"jetpack_publicize_connections":[],"jetpack-related-posts":[],"jetpack_shortlink":"https:\/\/wp.me\/p7Eq1F-hC4","jetpack_sharing_enabled":true,"jetpack_featured_media_url":"https:\/\/i0.wp.com\/guialimeira.com.br\/news\/wp-content\/uploads\/2026\/06\/noticia-camara-11.jpg?fit=1280%2C640&ssl=1","_links":{"self":[{"href":"https:\/\/guialimeira.com.br\/news\/wp-json\/wp\/v2\/posts\/67708","targetHints":{"allow":["GET"]}}],"collection":[{"href":"https:\/\/guialimeira.com.br\/news\/wp-json\/wp\/v2\/posts"}],"about":[{"href":"https:\/\/guialimeira.com.br\/news\/wp-json\/wp\/v2\/types\/post"}],"author":[{"embeddable":true,"href":"https:\/\/guialimeira.com.br\/news\/wp-json\/wp\/v2\/users\/4"}],"replies":[{"embeddable":true,"href":"https:\/\/guialimeira.com.br\/news\/wp-json\/wp\/v2\/comments?post=67708"}],"version-history":[{"count":0,"href":"https:\/\/guialimeira.com.br\/news\/wp-json\/wp\/v2\/posts\/67708\/revisions"}],"wp:featuredmedia":[{"embeddable":true,"href":"https:\/\/guialimeira.com.br\/news\/wp-json\/wp\/v2\/media\/67707"}],"wp:attachment":[{"href":"https:\/\/guialimeira.com.br\/news\/wp-json\/wp\/v2\/media?parent=67708"}],"wp:term":[{"taxonomy":"category","embeddable":true,"href":"https:\/\/guialimeira.com.br\/news\/wp-json\/wp\/v2\/categories?post=67708"},{"taxonomy":"post_tag","embeddable":true,"href":"https:\/\/guialimeira.com.br\/news\/wp-json\/wp\/v2\/tags?post=67708"}],"curies":[{"name":"wp","href":"https:\/\/api.w.org\/{rel}","templated":true}]}}