{"id":67706,"date":"2026-06-02T17:50:54","date_gmt":"2026-06-02T20:50:54","guid":{"rendered":"https:\/\/guialimeira.com.br\/nota-de-pesar-pelo-falecimento-do-pastor-anselmo-melo\/"},"modified":"2026-06-02T17:50:54","modified_gmt":"2026-06-02T20:50:54","slug":"nota-de-pesar-pelo-falecimento-do-pastor-anselmo-melo","status":"publish","type":"post","link":"https:\/\/guialimeira.com.br\/news\/nota-de-pesar-pelo-falecimento-do-pastor-anselmo-melo\/","title":{"rendered":"Nota de pesar pelo falecimento do pastor Anselmo Melo"},"content":{"rendered":"<p>Nota de pesar pelo falecimento do pastor Anselmo Melo<\/p>\n<p>A C\u00e2mara Municipal de Limeira, por meio do presidente, Everton Ferreira (PSD), e demais vereadores, manifesta profundo pesar pelo falecimento do pastor Anselmo de Souza Melo, ocorrido na manh\u00e3 desta ter\u00e7a-feira, 2 de junho, aos 63 anos.<\/p>\n<p>O pastor Anselmo era casado com Maria Aparecida de Souza Melo e deixa tamb\u00e9m os filhos Diego, Gustavo e Gabriel. Figura religiosa importante do Munic\u00edpio, era presidente da Apel (Associa\u00e7\u00e3o de Pastores Evang\u00e9licos de Limeira), entidade declarada de utilidade p\u00fablica por meio da Lei Ordin\u00e1ria n\u00ba 7.028\/2024, e da Igreja Aden \u2013 Assembleia de Deus Esperan\u00e7a das Na\u00e7\u00f5es.<\/p>\n<p>A Apel, fundada no dia 30 de novembro de 2020 e sem fins lucrativos, \u00e9 uma das refer\u00eancias na integra\u00e7\u00e3o e comunh\u00e3o de l\u00edderes e igrejas evang\u00e9licas de Limeira a ela associadas. Com o pastor Anselmo \u00e0 frente, promoveu a\u00e7\u00f5es importantes para a cidade, como o aux\u00edlio \u00e0 Campanha de Preven\u00e7\u00e3o ao C\u00e2ncer de Mama \u201cOutubro Rosa\u201d, em que volunt\u00e1rios foram \u00e0s ruas com panfletos, faixas e cartazes alertando a popula\u00e7\u00e3o sobre a doen\u00e7a. Tamb\u00e9m com participa\u00e7\u00e3o ativa em campanhas sociais e de sa\u00fade, como de arrecada\u00e7\u00e3o de agasalhos, alimentos e a\u00e7\u00f5es de combate \u00e0 dengue.<\/p>\n<p>Te\u00f3logo e autor do livro \u201cO irm\u00e3o do pr\u00f3digo sou eu\u201d, pastor Anselmo dedicou sua trajet\u00f3ria ao estudo da alma e da mente humana, unindo f\u00e9 e desenvolvimento pessoal. Em sua obra, buscava trazer uma esp\u00e9cie de guia para a jornada humana, conectando f\u00e9 e ci\u00eancia para a transforma\u00e7\u00e3o. Tamb\u00e9m era reconhecido pela comunidade evang\u00e9lica como um estudioso da B\u00edblia Sagrada, transmitindo li\u00e7\u00f5es sobre resili\u00eancia, autoconhecimento e o poder do perd\u00e3o.<\/p>\n<p>Possu\u00eda ainda forma\u00e7\u00e3o internacional pela Professional Coaching Alliance, o que, como ele pr\u00f3prio definia, o levava a entender \u201cas profundas necessidades espirituais e emocionais que todos n\u00f3s enfrentamos\u201d, oferecendo \u201cum caminho claro e pr\u00e1tico para super\u00e1-las\u201d.<\/p>\n<p>O vel\u00f3rio ser\u00e1 realizado nesta quarta-feira, 3 de junho, a partir das 10h, na Igreja Aden, localizada na rua C\u00e2ndido Souza de Oliveira, 2.463, Vila Santa Ros\u00e1lia. O sepultamento ocorrer\u00e1 \u00e0s 17h, no Cemit\u00e9rio Parque.<\/p>\n<p>A C\u00e2mara Municipal de Limeira manifesta solidariedade e o sentimento de pesar aos familiares e amigos em luto.<\/p>\n<hr>\n<p><em>Fonte: <a href=\"https:\/\/www.limeira.sp.leg.br\/noticias\/view\/2026-06-02_nota-de-pesar-pelo-falecimento-do-pastor-anselmo-melo\" target=\"_blank\" rel=\"noopener\">C\u00e2mara Municipal de Limeira<\/a><\/em><\/p>\n","protected":false},"excerpt":{"rendered":"<p>Nota de pesar pelo falecimento do pastor Anselmo Melo<\/p>\n<p>A C\u00e2mara Municipal de Limeira, por meio do presidente, Everton Ferreira (PSD), e demais vereadores, manifesta profundo pesar pelo falecimento do pastor Anselmo de Souza Melo, ocorrido na manh\u00e3 desta ter\u00e7a-feira, 2 de junho, aos 63 anos.<\/p>\n<p>O pasto<\/p>\n","protected":false},"author":4,"featured_media":67705,"comment_status":"","ping_status":"open","sticky":false,"template":"","format":"standard","meta":{"_jetpack_newsletter_access":"","_jetpack_dont_email_post_to_subs":false,"_jetpack_newsletter_tier_id":0,"_jetpack_memberships_contains_paywalled_content":false,"_mbp_banners":[],"_jetpack_feature_clip_id":0,"_jetpack_memberships_contains_paid_content":false,"footnotes":"","jetpack_publicize_message":"","jetpack_publicize_feature_enabled":true,"jetpack_social_post_already_shared":true,"jetpack_social_options":{"image_generator_settings":{"template":"highway","default_image_id":0,"font":"","enabled":false},"version":2},"jetpack_post_was_ever_published":false},"categories":[19],"tags":[],"class_list":["post-67706","post","type-post","status-publish","format-standard","has-post-thumbnail","category-politica"],"jetpack_publicize_connections":[],"jetpack-related-posts":[],"jetpack_shortlink":"https:\/\/wp.me\/p7Eq1F-hC2","jetpack_sharing_enabled":true,"jetpack_featured_media_url":"https:\/\/i0.wp.com\/guialimeira.com.br\/news\/wp-content\/uploads\/2026\/06\/noticia-camara-10.jpg?fit=1280%2C640&ssl=1","_links":{"self":[{"href":"https:\/\/guialimeira.com.br\/news\/wp-json\/wp\/v2\/posts\/67706","targetHints":{"allow":["GET"]}}],"collection":[{"href":"https:\/\/guialimeira.com.br\/news\/wp-json\/wp\/v2\/posts"}],"about":[{"href":"https:\/\/guialimeira.com.br\/news\/wp-json\/wp\/v2\/types\/post"}],"author":[{"embeddable":true,"href":"https:\/\/guialimeira.com.br\/news\/wp-json\/wp\/v2\/users\/4"}],"replies":[{"embeddable":true,"href":"https:\/\/guialimeira.com.br\/news\/wp-json\/wp\/v2\/comments?post=67706"}],"version-history":[{"count":0,"href":"https:\/\/guialimeira.com.br\/news\/wp-json\/wp\/v2\/posts\/67706\/revisions"}],"wp:featuredmedia":[{"embeddable":true,"href":"https:\/\/guialimeira.com.br\/news\/wp-json\/wp\/v2\/media\/67705"}],"wp:attachment":[{"href":"https:\/\/guialimeira.com.br\/news\/wp-json\/wp\/v2\/media?parent=67706"}],"wp:term":[{"taxonomy":"category","embeddable":true,"href":"https:\/\/guialimeira.com.br\/news\/wp-json\/wp\/v2\/categories?post=67706"},{"taxonomy":"post_tag","embeddable":true,"href":"https:\/\/guialimeira.com.br\/news\/wp-json\/wp\/v2\/tags?post=67706"}],"curies":[{"name":"wp","href":"https:\/\/api.w.org\/{rel}","templated":true}]}}