{"id":67704,"date":"2026-06-02T17:46:00","date_gmt":"2026-06-02T20:46:00","guid":{"rendered":"https:\/\/guialimeira.com.br\/iii-simposio-de-gestao-da-saude-emocional-e-mental-acontece-na-camara\/"},"modified":"2026-06-02T17:46:00","modified_gmt":"2026-06-02T20:46:00","slug":"iii-simposio-de-gestao-da-saude-emocional-e-mental-acontece-na-camara","status":"publish","type":"post","link":"https:\/\/guialimeira.com.br\/news\/iii-simposio-de-gestao-da-saude-emocional-e-mental-acontece-na-camara\/","title":{"rendered":"III Simp\u00f3sio de Gest\u00e3o da Sa\u00fade Emocional e Mental acontece na C\u00e2mara"},"content":{"rendered":"<p>III Simp\u00f3sio de Gest\u00e3o da Sa\u00fade Emocional e Mental acontece na C\u00e2mara<\/p>\n<p>Na \u00faltima sexta-feira, 29 de maio, a C\u00e2mara Municipal de Limeira realizou o III Simp\u00f3sio de Gest\u00e3o da Sa\u00fade Emocional e Mental, com o intuito de ensinar como autorregular as emo\u00e7\u00f5es, ter qualidade de vida e como ter conex\u00e3o entre a mente e intestino. O evento foi realizado pela Escola Legislativa Paulo Freire em parceria com o Grupo Clamem e Prop\u00f3sito.<\/p>\n<p>A atividade foi conduzida pela presidente do Grupo Clamem e Prop\u00f3sito, Audilene Claudino, e contou com a participa\u00e7\u00e3o da psicanalista Katherine Barbosa; a nutricionista Tatiane Gon\u00e7alves; a neuropsic\u00f3loga Carla Rodrigues; a superintendente da Escola Legislativa, Giane Boscolo; e o presidente da C\u00e2mara Municipal, vereador Everton Ferreira (PSD).<\/p>\n<p>Para a superintendente da Escola Legislativa Paulo Freire, Giane Boscolo, \u00e9 uma honra realizar o simp\u00f3sio tendo a sa\u00fade mental como tema. \u201cEu parabenizo a todos voc\u00eas que est\u00e3o aqui hoje para prestigiar esse evento, priorizando a sa\u00fade mental como um tema que n\u00e3o pode ser ignorado, principalmente nos dias de hoje\u201d, expressou.<\/p>\n<p>A fundadora do Grupo Clamem e Prop\u00f3sito, Audilene Claudino, disse que o prop\u00f3sito do grupo nasceu durante a pandemia, quando as pessoas se reuniam de forma volunt\u00e1ria para ajudar as pessoas e come\u00e7aram a realizar palestras online. \u201cHoje estamos aqui tendo essa oportunidade de acolher e ajudar as pessoas e esse \u00e9 o nosso prop\u00f3sito, semear o bem e espalhar o amor. Esse \u00e9 o terceiro ano consecutivo em que as doutoras est\u00e3o comigo, dedicando o tempo e prepara\u00e7\u00e3o delas para semearmos esse lindo prop\u00f3sito\u201d, agradeceu.<\/p>\n<p>Autorregula\u00e7\u00e3o Emocional<\/p>\n<p>A psicanalista Katherine Barbosa disse que a sociedade vive atualmente uma era agitada e estimulante. Como exemplo, citou o estresse ao volante, algo comum no cotidiano, e explicou que a autorregula\u00e7\u00e3o emocional \u00e9 a capacidade de cada um regular as emo\u00e7\u00f5es diante de situa\u00e7\u00f5es estressantes e que existem t\u00e9cnicas e ferramentas que ajudam nisso.<\/p>\n<p>A psicanalista ressaltou que quando o ser humano est\u00e1 estressado, o n\u00edvel de cortisol no organismo sobe, mas afirmou que o cortisol n\u00e3o \u00e9 vil\u00e3o. \u201cPrecisamos dele para termos energia e disposi\u00e7\u00e3o, ent\u00e3o n\u00e3o podemos ter o cortisol baixo e nem muito elevado, pois pode ocasionar problemas f\u00edsicos, como disbiose e irritabilidade no intestino, ins\u00f4nia e baixa imunidade\u201d.<\/p>\n<p>A especialista citou alguns exemplos de t\u00e9cnicas para ter autocontrole, como controlar a respira\u00e7\u00e3o ou o mindfulness, que \u00e9 uma t\u00e9cnica de medita\u00e7\u00e3o e aten\u00e7\u00e3o plena \u00e0s coisas.<\/p>\n<p>Mente saud\u00e1vel<\/p>\n<p>A psic\u00f3loga Carla Rodrigues ensinou aos participantes como ter controle mental. A especialista comparou a mente humana a um carro e disse que o c\u00e9rebro funciona da mesma forma. \u201cSe n\u00e3o tiver o descanso, as manuten\u00e7\u00f5es e as revis\u00f5es, podemos performar de maneira errada, podendo dar uma \u2018pane\u2019 em nosso sistema\u201d, expressou.<\/p>\n<p>Carla enfatizou que todos precisam ter uma vida em equil\u00edbrio entre tempo, fam\u00edlia, atividades f\u00edsicas, alimenta\u00e7\u00e3o, desenvolvimento pessoal, trabalho, sono e amizades e que \u00e9 necess\u00e1rio ter qualidade de vida, porque muita vezes, as pessoas focam em coisas negativas que acabam sobrecarregando a mente por problemas que \u00e0s vezes s\u00e3o de outras pessoas.<\/p>\n<p>Eixo intestino-c\u00e9rebro<\/p>\n<p>A nutricionista Tatiane Gon\u00e7alves destacou que o intestino \u00e9 o segundo c\u00e9rebro do corpo humano e que ele conversa com a mente o tempo todo. Ela afirmou que \u00e9 preciso ter uma sa\u00fade intestinal muito boa, pelo fato do c\u00e9rebro responder a todos os sinais que s\u00e3o enviados a ele. Como exemplo, citou que o ser humano precisa evacuar todos os dias, pois se n\u00e3o ir ao banheiro pode ficar \u201cenfezado\u201d, por conta do intestino enviar sinais negativos \u00e0 mente.<\/p>\n<p>Tatiane Gon\u00e7alves explicou que a liga\u00e7\u00e3o entre intestino-c\u00e9rebro depende de uma combina\u00e7\u00e3o das duas partes, na qual uma alimenta\u00e7\u00e3o saud\u00e1vel pode gerar foco e mem\u00f3ria, diminui\u00e7\u00e3o do estresse, inflama\u00e7\u00e3o, energia, imunidade, sono e humor.<\/p>\n<p>A nutr\u00f3loga trouxe para a palestra a import\u00e2ncia da nutri\u00e7\u00e3o ap\u00f3s o nascimento do beb\u00ea, relatando que nos primeiros 1000 dias da crian\u00e7a \u00e9 preciso estimular a boa alimenta\u00e7\u00e3o antes mesmo do parto. \u201cTendo esse cuidado, o intestino da crian\u00e7a j\u00e1 nasce forte e o c\u00e9rebro feliz e estimulado\u201d.<\/p>\n<p>O presidente da C\u00e2mara, Everton Ferreira (PSD) deixou uma breve fala sobre o Simp\u00f3sio, afirmando que esse evento \u00e9 importante para o cuidado da sa\u00fade da forma correta, de forma que se viva de maneira leve.<\/p>\n<hr>\n<p><em>Fonte: <a href=\"https:\/\/www.limeira.sp.leg.br\/noticias\/view\/2026-06-02_iii-simposio-de-gestao-da-saude-emocional-e-mental-acontece-na-camara\" target=\"_blank\" rel=\"noopener\">C\u00e2mara Municipal de Limeira<\/a><\/em><\/p>\n","protected":false},"excerpt":{"rendered":"<p>III Simp\u00f3sio de Gest\u00e3o da Sa\u00fade Emocional e Mental acontece na C\u00e2mara<\/p>\n<p>Na \u00faltima sexta-feira, 29 de maio, a C\u00e2mara Municipal de Limeira realizou o III Simp\u00f3sio de Gest\u00e3o da Sa\u00fade Emocional e Mental, com o intuito de ensinar como autorregular as emo\u00e7\u00f5es, ter qualidade de vida e como ter conex\u00e3o entre<\/p>\n","protected":false},"author":4,"featured_media":67703,"comment_status":"","ping_status":"open","sticky":false,"template":"","format":"standard","meta":{"_jetpack_newsletter_access":"","_jetpack_dont_email_post_to_subs":false,"_jetpack_newsletter_tier_id":0,"_jetpack_memberships_contains_paywalled_content":false,"_mbp_banners":[],"_jetpack_feature_clip_id":0,"_jetpack_memberships_contains_paid_content":false,"footnotes":"","jetpack_publicize_message":"","jetpack_publicize_feature_enabled":true,"jetpack_social_post_already_shared":true,"jetpack_social_options":{"image_generator_settings":{"template":"highway","default_image_id":0,"font":"","enabled":false},"version":2},"jetpack_post_was_ever_published":false},"categories":[19],"tags":[],"class_list":["post-67704","post","type-post","status-publish","format-standard","has-post-thumbnail","category-politica"],"jetpack_publicize_connections":[],"jetpack-related-posts":[],"jetpack_shortlink":"https:\/\/wp.me\/p7Eq1F-hC0","jetpack_sharing_enabled":true,"jetpack_featured_media_url":"https:\/\/i0.wp.com\/guialimeira.com.br\/news\/wp-content\/uploads\/2026\/06\/noticia-camara-9.jpg?fit=1280%2C640&ssl=1","_links":{"self":[{"href":"https:\/\/guialimeira.com.br\/news\/wp-json\/wp\/v2\/posts\/67704","targetHints":{"allow":["GET"]}}],"collection":[{"href":"https:\/\/guialimeira.com.br\/news\/wp-json\/wp\/v2\/posts"}],"about":[{"href":"https:\/\/guialimeira.com.br\/news\/wp-json\/wp\/v2\/types\/post"}],"author":[{"embeddable":true,"href":"https:\/\/guialimeira.com.br\/news\/wp-json\/wp\/v2\/users\/4"}],"replies":[{"embeddable":true,"href":"https:\/\/guialimeira.com.br\/news\/wp-json\/wp\/v2\/comments?post=67704"}],"version-history":[{"count":0,"href":"https:\/\/guialimeira.com.br\/news\/wp-json\/wp\/v2\/posts\/67704\/revisions"}],"wp:featuredmedia":[{"embeddable":true,"href":"https:\/\/guialimeira.com.br\/news\/wp-json\/wp\/v2\/media\/67703"}],"wp:attachment":[{"href":"https:\/\/guialimeira.com.br\/news\/wp-json\/wp\/v2\/media?parent=67704"}],"wp:term":[{"taxonomy":"category","embeddable":true,"href":"https:\/\/guialimeira.com.br\/news\/wp-json\/wp\/v2\/categories?post=67704"},{"taxonomy":"post_tag","embeddable":true,"href":"https:\/\/guialimeira.com.br\/news\/wp-json\/wp\/v2\/tags?post=67704"}],"curies":[{"name":"wp","href":"https:\/\/api.w.org\/{rel}","templated":true}]}}