{"id":67689,"date":"2026-06-02T16:23:17","date_gmt":"2026-06-02T19:23:17","guid":{"rendered":"https:\/\/guialimeira.com.br\/museu-da-inclusao-abre-exposicao-gratuita-sobre-os-10-anos-do-centro-de-treinamento-paralimpico-brasileiro\/"},"modified":"2026-06-02T16:23:17","modified_gmt":"2026-06-02T19:23:17","slug":"museu-da-inclusao-abre-exposicao-gratuita-sobre-os-10-anos-do-centro-de-treinamento-paralimpico-brasileiro","status":"publish","type":"post","link":"https:\/\/guialimeira.com.br\/news\/museu-da-inclusao-abre-exposicao-gratuita-sobre-os-10-anos-do-centro-de-treinamento-paralimpico-brasileiro\/","title":{"rendered":"Museu da inclus\u00e3o abre exposi\u00e7\u00e3o gratuita sobre os 10 anos do Centro de Treinamento Paral\u00edmpico Brasileiro"},"content":{"rendered":"<p> <br \/>\n<\/p>\n<div>\n<p class=\"wp-block-paragraph\">A exposi\u00e7\u00e3o \u201cCTPB 10 anos\u201d que conta toda a trajet\u00f3ria da constru\u00e7\u00e3o e conquistas do Centro de Treinamento Paral\u00edmpico Brasileiro foi inaugurada nesta ter\u00e7a-feira, 2 de junho, no Museu da Inclus\u00e3o, na sede da Secretaria Estadual dos Direitos da Pessoa com Defici\u00eancia (SEDPcD) no Memorial da Am\u00e9rica Latina, em S\u00e3o Paulo. A mostra pode ser visitada de segunda a sexta-feira, das 10h \u00e0s 17h, com entrada gratuita.<\/p>\n<p class=\"wp-block-paragraph\">A cerim\u00f4nia de abertura contou com a presen\u00e7a de atletas do Time S\u00e3o Paulo, entre eles muitos medalhistas paral\u00edmpicos. A exposi\u00e7\u00e3o, que re\u00fane registros, v\u00eddeos, pain\u00e9is e depoimentos que retratam a trajet\u00f3ria do CTPB.<\/p>\n<p class=\"wp-block-paragraph\">O secret\u00e1rio Marcos da Costa agradeceu a presen\u00e7a de todos e destacou as muitas datas comemorativas ligadas ao paradesporto celebradas ao longo deste ano. \u201cO ano de 2026 est\u00e1 sendo um ano de muitas comemora\u00e7\u00f5es: 31 anos do Comit\u00ea Paral\u00edmpico Brasileiro, 15 anos do Time S\u00e3o Paulo e os 10 anos do Centro de Treinamento Paral\u00edmpico Brasileiro, que colocou o paradesporto nacional em outro n\u00edvel, sendo palco de muitas vit\u00f3rias esportivas e principalmente da vit\u00f3ria da inclus\u00e3o\u201d.<\/p>\n<figure class=\"wp-block-image size-large\"><img data-recalc-dims=\"1\" fetchpriority=\"high\" decoding=\"async\" width=\"696\" height=\"464\" src=\"https:\/\/i0.wp.com\/www.agenciasp.sp.gov.br\/wp-content\/uploads\/2026\/06\/WhatsApp-Image-2026-06-02-at-15.01.20-1-1024x683.jpeg?resize=696%2C464&#038;ssl=1\" alt=\"\" class=\"wp-image-148761\" srcset=\"https:\/\/www.agenciasp.sp.gov.br\/wp-content\/uploads\/2026\/06\/WhatsApp-Image-2026-06-02-at-15.01.20-1-1024x683.jpeg 1024w, https:\/\/www.agenciasp.sp.gov.br\/wp-content\/uploads\/2026\/06\/WhatsApp-Image-2026-06-02-at-15.01.20-1-300x200.jpeg 300w, https:\/\/www.agenciasp.sp.gov.br\/wp-content\/uploads\/2026\/06\/WhatsApp-Image-2026-06-02-at-15.01.20-1-768x512.jpeg 768w, https:\/\/www.agenciasp.sp.gov.br\/wp-content\/uploads\/2026\/06\/WhatsApp-Image-2026-06-02-at-15.01.20-1-1536x1024.jpeg 1536w, https:\/\/www.agenciasp.sp.gov.br\/wp-content\/uploads\/2026\/06\/WhatsApp-Image-2026-06-02-at-15.01.20-1-2048x1366.jpeg 2048w, https:\/\/www.agenciasp.sp.gov.br\/wp-content\/uploads\/2026\/06\/WhatsApp-Image-2026-06-02-at-15.01.20-1-150x100.jpeg 150w\" sizes=\"(max-width: 1024px) 100vw, 1024px\"\/><\/figure>\n<p class=\"wp-block-paragraph\">O presidente do Comit\u00ea Paral\u00edmpico Brasileiro (CPB), Jos\u00e9 Ant\u00f4nio Ferreira Freire, ressaltou a evolu\u00e7\u00e3o do paradesporto brasileiro nesses 10 anos de Centro Paral\u00edmpico. \u201cA hist\u00f3ria est\u00e1 viva e que cada vez mais fam\u00edlias de S\u00e3o Paulo possam conhecer as instala\u00e7\u00f5es do centro e as modalidades trabalhadas\u201d.<\/p>\n<p class=\"wp-block-paragraph\">O gestor de rela\u00e7\u00f5es institucionais do Centro Paral\u00edmpico, Gustavo Carvalho, comentou sobre a import\u00e2ncia de sempre resgatarmos a hist\u00f3ria constru\u00edda por atletas e outros profissionais do esporte no local. \u201cAl\u00e9m dessa exposi\u00e7\u00e3o, temos o projeto de constru\u00e7\u00e3o do museu paral\u00edmpico, fundamental para esse objetivo\u201d, contou ele.<\/p>\n<p class=\"wp-block-paragraph\">A atleta do t\u00eanis de mesa Danielle Rauen, que j\u00e1 conquistou quatro medalhas de bronze paral\u00edmpicas, falou representando os esportistas do Time S\u00e3o Paulo, programa de fomento ao paradesporto nacional idealizado pela SEDPcD em parceria com o CPB. \u201cO Time S\u00e3o Paulo e o Centro de Treinamento Paral\u00edmpico s\u00e3o parte n\u00e3o s\u00f3 da minha hist\u00f3ria, mas da hist\u00f3ria de todos os atletas contemplados. Que venham muitos anos de parceria e conquistas pela frente\u201d.<\/p>\n<figure class=\"wp-block-image size-large\"><img data-recalc-dims=\"1\" loading=\"lazy\" decoding=\"async\" width=\"696\" height=\"464\" src=\"https:\/\/i0.wp.com\/www.agenciasp.sp.gov.br\/wp-content\/uploads\/2026\/06\/WhatsApp-Image-2026-06-02-at-15.01.19-1024x683.jpeg?resize=696%2C464&#038;ssl=1\" alt=\"\" class=\"wp-image-148764\" srcset=\"https:\/\/www.agenciasp.sp.gov.br\/wp-content\/uploads\/2026\/06\/WhatsApp-Image-2026-06-02-at-15.01.19-1024x683.jpeg 1024w, https:\/\/www.agenciasp.sp.gov.br\/wp-content\/uploads\/2026\/06\/WhatsApp-Image-2026-06-02-at-15.01.19-300x200.jpeg 300w, https:\/\/www.agenciasp.sp.gov.br\/wp-content\/uploads\/2026\/06\/WhatsApp-Image-2026-06-02-at-15.01.19-768x512.jpeg 768w, https:\/\/www.agenciasp.sp.gov.br\/wp-content\/uploads\/2026\/06\/WhatsApp-Image-2026-06-02-at-15.01.19-1536x1024.jpeg 1536w, https:\/\/www.agenciasp.sp.gov.br\/wp-content\/uploads\/2026\/06\/WhatsApp-Image-2026-06-02-at-15.01.19-2048x1366.jpeg 2048w, https:\/\/www.agenciasp.sp.gov.br\/wp-content\/uploads\/2026\/06\/WhatsApp-Image-2026-06-02-at-15.01.19-150x100.jpeg 150w\" sizes=\"auto, (max-width: 1024px) 100vw, 1024px\"\/><\/figure>\n<p class=\"wp-block-paragraph\">O corredor Jos\u00e9 Carlos Melo de Farias disputou sua primeira competi\u00e7\u00e3o de atletismo nos Jogos Escolares do estado de S\u00e3o Paulo em 2023. \u201cEstou muito feliz em ver a exposi\u00e7\u00e3o que celebra os 10 anos de um lugar que mudou minha vida e me deu v\u00e1rias amizades feitas por meio do esporte\u201d, disse ele.<\/p>\n<p class=\"wp-block-paragraph\">J\u00e1 o nadador Ronystony Cordeiro Da Silva destacou o significado de uma mostra como essa. \u201cMais do que a celebra\u00e7\u00e3o de conquistas, a exposi\u00e7\u00e3o representa o fortalecimento do movimento paral\u00edmpico, que beneficia desde atletas iniciantes, at\u00e9 os que j\u00e1 t\u00eam mais de 20 anos de carreira como eu\u201d, analisou.<\/p>\n<p class=\"wp-block-paragraph\">O Museu da Inclus\u00e3o trata da narrativa da luta da pessoa com defici\u00eancia, retratando a busca incessante pela inclus\u00e3o e pela independ\u00eancia desse p\u00fablico. Al\u00e9m da exposi\u00e7\u00e3o, o Museu \u00e9 respons\u00e1vel por estudos, debates, simp\u00f3sios, semin\u00e1rios, cursos, rodas de conversa e palestras. Para interessados em visitas guiadas, forma\u00e7\u00f5es ou em receber uma vers\u00e3o itinerante das nossas exposi\u00e7\u00f5es, favor entrar em contato pelo e-mail: cultura.sedpcd@sp.gov.br<\/p>\n<p class=\"wp-block-paragraph\"><strong>Exposi\u00e7\u00e3o: CTPB 10 anos<\/strong><br \/>Local: Museu da Inclus\u00e3o<br \/>Endere\u00e7o: Av. M\u00e1rio de Andrade, 564 \u2013 Port\u00e3o 10<br \/>Visita\u00e7\u00e3o: segunda a sexta-feira, das 10h \u00e0s 17h<br \/>Entrada gratuita<\/p>\n<\/p><\/div>\n<p><br \/>\n<br \/><a href=\"https:\/\/www.agenciasp.sp.gov.br\/museu-da-inclusao-abre-exposicao-gratuita-sobre-os-10-anos-do-centro-de-treinamento-paralimpico-brasileiro\/\" rel=\"noopener\">Informa\u00e7\u00f5es GOV.SP<\/a><\/p>\n","protected":false},"excerpt":{"rendered":"<p>A exposi\u00e7\u00e3o \u201cCTPB 10 anos\u201d que conta toda a trajet\u00f3ria da constru\u00e7\u00e3o e conquistas do Centro de Treinamento Paral\u00edmpico Brasileiro foi inaugurada nesta ter\u00e7a-feira, 2 de junho, no Museu da Inclus\u00e3o, na sede da Secretaria Estadual dos Direitos da Pessoa com Defici\u00eancia (SEDPcD) no Memorial da Am\u00e9rica Latina, em S\u00e3o Paulo. A mostra pode ser [&hellip;]<\/p>\n","protected":false},"author":1,"featured_media":67690,"comment_status":"","ping_status":"open","sticky":false,"template":"","format":"standard","meta":{"_jetpack_newsletter_access":"","_jetpack_dont_email_post_to_subs":false,"_jetpack_newsletter_tier_id":0,"_jetpack_memberships_contains_paywalled_content":false,"_mbp_banners":[],"_jetpack_feature_clip_id":0,"_jetpack_memberships_contains_paid_content":false,"footnotes":"","jetpack_publicize_message":"","jetpack_publicize_feature_enabled":true,"jetpack_social_post_already_shared":true,"jetpack_social_options":{"image_generator_settings":{"template":"highway","default_image_id":0,"font":"","enabled":false},"version":2},"jetpack_post_was_ever_published":false},"categories":[21],"tags":[],"class_list":["post-67689","post","type-post","status-publish","format-standard","has-post-thumbnail","category-sp-news"],"jetpack_publicize_connections":[],"jetpack-related-posts":[],"jetpack_shortlink":"https:\/\/wp.me\/p7Eq1F-hBL","jetpack_sharing_enabled":true,"jetpack_featured_media_url":"https:\/\/i0.wp.com\/guialimeira.com.br\/news\/wp-content\/uploads\/2026\/06\/Museu-da-inclusao-abre-exposicao-gratuita-sobre-os-10-anos.jpeg?fit=1024%2C683&ssl=1","_links":{"self":[{"href":"https:\/\/guialimeira.com.br\/news\/wp-json\/wp\/v2\/posts\/67689","targetHints":{"allow":["GET"]}}],"collection":[{"href":"https:\/\/guialimeira.com.br\/news\/wp-json\/wp\/v2\/posts"}],"about":[{"href":"https:\/\/guialimeira.com.br\/news\/wp-json\/wp\/v2\/types\/post"}],"author":[{"embeddable":true,"href":"https:\/\/guialimeira.com.br\/news\/wp-json\/wp\/v2\/users\/1"}],"replies":[{"embeddable":true,"href":"https:\/\/guialimeira.com.br\/news\/wp-json\/wp\/v2\/comments?post=67689"}],"version-history":[{"count":0,"href":"https:\/\/guialimeira.com.br\/news\/wp-json\/wp\/v2\/posts\/67689\/revisions"}],"wp:featuredmedia":[{"embeddable":true,"href":"https:\/\/guialimeira.com.br\/news\/wp-json\/wp\/v2\/media\/67690"}],"wp:attachment":[{"href":"https:\/\/guialimeira.com.br\/news\/wp-json\/wp\/v2\/media?parent=67689"}],"wp:term":[{"taxonomy":"category","embeddable":true,"href":"https:\/\/guialimeira.com.br\/news\/wp-json\/wp\/v2\/categories?post=67689"},{"taxonomy":"post_tag","embeddable":true,"href":"https:\/\/guialimeira.com.br\/news\/wp-json\/wp\/v2\/tags?post=67689"}],"curies":[{"name":"wp","href":"https:\/\/api.w.org\/{rel}","templated":true}]}}