{"id":67682,"date":"2026-06-02T15:31:40","date_gmt":"2026-06-02T18:31:40","guid":{"rendered":"https:\/\/guialimeira.com.br\/abertura-do-mes-do-meio-ambiente-destaca-uso-consciente-da-agua-e-gestao-responsavel-de-residuos-solidos\/"},"modified":"2026-06-02T15:31:40","modified_gmt":"2026-06-02T18:31:40","slug":"abertura-do-mes-do-meio-ambiente-destaca-uso-consciente-da-agua-e-gestao-responsavel-de-residuos-solidos","status":"publish","type":"post","link":"https:\/\/guialimeira.com.br\/news\/abertura-do-mes-do-meio-ambiente-destaca-uso-consciente-da-agua-e-gestao-responsavel-de-residuos-solidos\/","title":{"rendered":"Abertura do M\u00eas do Meio Ambiente destaca uso consciente da \u00e1gua e gest\u00e3o respons\u00e1vel de res\u00edduos s\u00f3lidos"},"content":{"rendered":"<p> <br \/>\n<\/p>\n<div id=\"\">&#13;<br \/>\n                    &#13;<br \/>\n&#13;<br \/>\n&#13;<br \/>\n&#13;<br \/>\n&#13;<br \/>\n&#13;<br \/>\n    <img data-recalc-dims=\"1\" decoding=\"async\" src=\"https:\/\/i0.wp.com\/ecrie.com.br\/sistema\/conteudos\/imagem\/m_137_0_1_02062026152657.jpeg?w=696&#038;ssl=1\" alt=\"Abertura do M\u00eas do Meio Ambiente destaca uso consciente da \u00e1gua e gest\u00e3o respons\u00e1vel de res\u00edduos s\u00f3lidos\"\/>&#13;<br \/>\n&#13;<br \/>\n&#13;<\/p>\n<p>A Prefeitura de Limeira realizou nesta ter\u00e7a-feira (2), no Teatro Nair Bello, a abertura oficial do M\u00eas do Meio Ambiente. O evento contou com palestras de especialistas que abordaram temas fundamentais para a sustentabilidade, como a preserva\u00e7\u00e3o dos recursos h\u00eddricos e a gest\u00e3o adequada dos res\u00edduos s\u00f3lidos urbanos.<\/p>\n<p>&#13;<\/p>\n<p>Ao longo de junho, a Prefeitura, por meio da Secretaria de Meio Ambiente e Saneamento, promover\u00e1 uma programa\u00e7\u00e3o especial com palestras, trilhas ecol\u00f3gicas, visitas monitoradas e atividades educativas voltadas a estudantes, servidores p\u00fablicos e \u00e0 comunidade em geral.<\/p>\n<p>&#13;<\/p>\n<p>Na abertura, representando o Cons\u00f3rcio PCJ, Jerry Willians de Morais apresentou a palestra \u201cImport\u00e2ncia do Bom Uso da \u00c1gua\u201d e alertou para a necessidade de ado\u00e7\u00e3o de h\u00e1bitos conscientes, especialmente durante o per\u00edodo de estiagem.<\/p>\n<p>&#13;<\/p>\n<p>\u201cCada cidad\u00e3o pode contribuir para a preserva\u00e7\u00e3o dos recursos h\u00eddricos por meio de pequenas atitudes no dia a dia. Utilizar a \u00e1gua de forma consciente, evitando desperd\u00edcios e reduzindo perdas, faz toda a diferen\u00e7a. A soma dessas a\u00e7\u00f5es pode representar a economia de milh\u00f5es de litros de \u00e1gua\u201d, destacou.<\/p>\n<p>&#13;<\/p>\n<p>Na sequ\u00eancia, a professora Carmenlucia Santos Giordano Penteado, da Unicamp, falou sobre \u201cA Responsabilidade Compartilhada na Gest\u00e3o dos Res\u00edduos S\u00f3lidos Urbanos\u201d. Durante a apresenta\u00e7\u00e3o, ela destacou os desafios relacionados \u00e0 gera\u00e7\u00e3o de res\u00edduos no pa\u00eds.<\/p>\n<p>&#13;<\/p>\n<p>Segundo a especialista, o Brasil produz atualmente cerca de um quilo de res\u00edduos por habitante diariamente. \u201cSe utilizarmos Limeira como exemplo, podemos estimar uma gera\u00e7\u00e3o de aproximadamente 300 toneladas de res\u00edduos por dia. \u00c9 um volume muito expressivo e que exige a\u00e7\u00f5es conjuntas de toda a sociedade\u201d, explicou.<\/p>\n<p>&#13;<\/p>\n<p>Tamb\u00e9m participaram da abertura o secret\u00e1rio de Meio Ambiente e Saneamento, F\u00e1bio Luccas Rosa J\u00fanior e os vereadores Mara Isa Mattos Silveira, Lu Bogo e Felipe Penedo.<\/p>\n<p>&#13;<\/p>\n<p><strong>A\u00e7\u00f5es m\u00eas do meio ambiente<\/strong><\/p>\n<p>&#13;<\/p>\n<p>Entre os destaques da programa\u00e7\u00e3o do m\u00eas do meio ambiente, est\u00e3o as visitas \u00e0 Casa Ecol\u00f3gica (no Horto Florestal), as Trilhas das Abelhas e da Arboriza\u00e7\u00e3o (no Parque Cidade) e o Estande de Orienta\u00e7\u00f5es, que ser\u00e1 montado no Pa\u00e7o Municipal.<\/p>\n<p>&#13;<\/p>\n<p>\u00a0<\/p>\n<p>&#13;<\/p>\n<p><strong>CONFIRA A PROGRAMA\u00c7\u00c3O COMPLETA \u2013 JUNHO DE 2026<\/strong><\/p>\n<p>03\/06 (Quarta-feira) | 09h00 \u00e0s 10h30<\/p>\n<p>&#13;<\/p>\n<p>Atividade: Visita Monitorada \u00e0 Casa Ecol\u00f3gica &#8211; Cole\u00e7\u00e3o de Sementes<\/p>\n<p>&#13;<\/p>\n<p>Local: Casa Ecol\u00f3gica (Horto Florestal de Limeira)<\/p>\n<p>&#13;<\/p>\n<p>P\u00fablico: Estudantes da EMEIEF Prof\u00aa Maria Madalena Vasconcellos da Silva<\/p>\n<p>&#13;<\/p>\n<p>\u00a0<\/p>\n<p>&#13;<\/p>\n<p>08\/06 (Segunda-feira) | 08h30 \u00e0s 09h30<\/p>\n<p>&#13;<\/p>\n<p>Atividade: Estande de Orienta\u00e7\u00f5es Ambientais<\/p>\n<p>&#13;<\/p>\n<p>Local: Hall de Entrada do Pa\u00e7o Municipal<\/p>\n<p>&#13;<\/p>\n<p>P\u00fablico: Popula\u00e7\u00e3o em geral<\/p>\n<p>&#13;<\/p>\n<p>\u00a0<\/p>\n<p>&#13;<\/p>\n<p>10\/06 (Quarta-feira) | 13h00 \u00e0s 15h00<\/p>\n<p>&#13;<\/p>\n<p>Atividade: Visita Monitorada \u00e0 Casa Ecol\u00f3gica &#8211; Cole\u00e7\u00e3o de Sementes<\/p>\n<p>&#13;<\/p>\n<p>Local: Casa Ecol\u00f3gica (Horto Florestal de Limeira)<\/p>\n<p>&#13;<\/p>\n<p>P\u00fablico: Estudantes da EMEIEF Prof\u00aa Benedicta de Toledo<\/p>\n<p>&#13;<\/p>\n<p>\u00a0<\/p>\n<p>&#13;<\/p>\n<p>11\/06 e 12\/06 (Quinta e Sexta-feira) | 08h30 \u00e0s 11h00<\/p>\n<p>&#13;<\/p>\n<p>Atividade: Forma\u00e7\u00e3o de Coordenadores Pedag\u00f3gicos<\/p>\n<p>&#13;<\/p>\n<p>Local: Secretaria Municipal de Educa\u00e7\u00e3o (Parque Cidade de Limeira)<\/p>\n<p>&#13;<\/p>\n<p>P\u00fablico: Coordenadores da Rede Municipal de Ensino<\/p>\n<p>&#13;<\/p>\n<p>\u00a0<\/p>\n<p>&#13;<\/p>\n<p>15\/06 (Segunda-feira) | 08h30 \u00e0s 10h00<\/p>\n<p>&#13;<\/p>\n<p>Atividade: Trilha Ecol\u00f3gica das Abelhas<\/p>\n<p>&#13;<\/p>\n<p>Local: Parque Cidade de Limeira<\/p>\n<p>&#13;<\/p>\n<p>P\u00fablico: Estudantes da EMEIEF Alfredo Christiano Stahlberg<\/p>\n<p>&#13;<\/p>\n<p>\u00a0<\/p>\n<p>&#13;<\/p>\n<p>17\/06 (Quarta-feira) | Per\u00edodo da manh\u00e3<\/p>\n<p>&#13;<\/p>\n<p>Atividade: Encontro Presencial do Projeto Gota d\u2019\u00c1gua<\/p>\n<p>&#13;<\/p>\n<p>Local: A ser definido<\/p>\n<p>&#13;<\/p>\n<p>P\u00fablico: Servidores das Secretarias de Educa\u00e7\u00e3o e de Meio Ambiente e Saneamento<\/p>\n<p>&#13;<\/p>\n<p>\u00a0<\/p>\n<p>&#13;<\/p>\n<p>19\/06 (Sexta-feira) | 08h30 \u00e0s 10h00<\/p>\n<p>&#13;<\/p>\n<p>Atividade: Trilha Ecol\u00f3gica das Abelhas<\/p>\n<p>&#13;<\/p>\n<p>Local: Parque Cidade de Limeira<\/p>\n<p>&#13;<\/p>\n<p>P\u00fablico: Estudantes da EMEIEF Alfredo Christiano Stahlberg<\/p>\n<p>&#13;<\/p>\n<p>\u00a0<\/p>\n<p>&#13;<\/p>\n<p>22\/06 (Segunda-feira) | 09h00 \u00e0s 10h30<\/p>\n<p>&#13;<\/p>\n<p>Atividade: Barreira Educativa<\/p>\n<p>&#13;<\/p>\n<p>Local: Rua Jos\u00e9 Alberto Campanini, 1672 \u2013 Jardim Res. Roseira<\/p>\n<p>&#13;<\/p>\n<p>P\u00fablico: Popula\u00e7\u00e3o em geral<\/p>\n<p>&#13;<\/p>\n<p>\u00a0<\/p>\n<p>&#13;<\/p>\n<p>24\/06 (Quarta-feira) | 13h00 \u00e0s 15h00<\/p>\n<p>&#13;<\/p>\n<p>Atividade: Visita Monitorada \u00e0 Casa Ecol\u00f3gica &#8211; Cole\u00e7\u00e3o de Sementes<\/p>\n<p>&#13;<\/p>\n<p>Local: Casa Ecol\u00f3gica (Horto Florestal de Limeira)<\/p>\n<p>&#13;<\/p>\n<p>P\u00fablico: Estudantes da EMEIEF Prof\u00aa Maria Madalena Vasconcellos da Silva<\/p>\n<p>&#13;<\/p>\n<p>\u00a0<\/p>\n<p>&#13;<\/p>\n<p>26\/06 (Sexta-feira) | 08h30 \u00e0s 10h00<\/p>\n<p>&#13;<\/p>\n<p>Atividade: Trilha Ecol\u00f3gica da Arboriza\u00e7\u00e3o<\/p>\n<p>&#13;<\/p>\n<p>Local: Parque Cidade de Limeira<\/p>\n<p>&#13;<\/p>\n<p>P\u00fablico: Estudantes da EMEIEF Alfredo Christiano Stahlberg<\/p>\n<p>&#13;<\/p>\n<p>\u00a0<\/p>\n<p>&#13;<\/p>\n<p>29\/06 (Segunda-feira) | 08h30 \u00e0s 10h00<\/p>\n<p>&#13;<\/p>\n<p>Atividade: Trilha Ecol\u00f3gica das Abelhas<\/p>\n<p>&#13;<\/p>\n<p>Local: Parque Cidade de Limeira<\/p>\n<p>&#13;<\/p>\n<p>P\u00fablico: Estudantes da EMEIEF Alfredo Christiano Stahlberg<\/p>\n<p>&#13;<br \/>\n&#13;<br \/>\n&#13;<br \/>\n&#13;<\/p>\n<article class=\"conteudo-relacionado no-print\">&#13;<br \/>\n        &#13;<br \/>\n&#13;<br \/>\n        &#13;<br \/>\n    <\/article>\n<p>&#13;<br \/>\n&#13;\n                <\/p><\/div>\n<p><br \/>\n<br \/><a href=\"https:\/\/limeira.sp.gov.br\/abertura-do-mes-do-meio-ambiente-destaca-uso-consciente-da-agua-e-gestao-responsavel-de-residuos-solidos\" rel=\"noopener\">Informa\u00e7\u00f5es da PML <\/a><\/p>\n","protected":false},"excerpt":{"rendered":"<p>&#13; &#13; &#13; &#13; &#13; &#13; &#13; &#13; &#13; &#13; A Prefeitura de Limeira realizou nesta ter\u00e7a-feira (2), no Teatro Nair Bello, a abertura oficial do M\u00eas do Meio Ambiente. O evento contou com palestras de especialistas que abordaram temas fundamentais para a sustentabilidade, como a preserva\u00e7\u00e3o dos recursos h\u00eddricos e a gest\u00e3o adequada dos [&hellip;]<\/p>\n","protected":false},"author":1,"featured_media":67683,"comment_status":"","ping_status":"open","sticky":false,"template":"","format":"standard","meta":{"_jetpack_newsletter_access":"","_jetpack_dont_email_post_to_subs":false,"_jetpack_newsletter_tier_id":0,"_jetpack_memberships_contains_paywalled_content":false,"_mbp_banners":[],"_jetpack_feature_clip_id":0,"_jetpack_memberships_contains_paid_content":false,"footnotes":"","jetpack_publicize_message":"","jetpack_publicize_feature_enabled":true,"jetpack_social_post_already_shared":true,"jetpack_social_options":{"image_generator_settings":{"template":"highway","default_image_id":0,"font":"","enabled":false},"version":2},"jetpack_post_was_ever_published":false},"categories":[16],"tags":[],"class_list":["post-67682","post","type-post","status-publish","format-standard","has-post-thumbnail","category-local"],"jetpack_publicize_connections":[],"jetpack-related-posts":[],"jetpack_shortlink":"https:\/\/wp.me\/p7Eq1F-hBE","jetpack_sharing_enabled":true,"jetpack_featured_media_url":"https:\/\/i0.wp.com\/guialimeira.com.br\/news\/wp-content\/uploads\/2026\/06\/m_137_0_1_02062026152657.jpeg?fit=1024%2C768&ssl=1","_links":{"self":[{"href":"https:\/\/guialimeira.com.br\/news\/wp-json\/wp\/v2\/posts\/67682","targetHints":{"allow":["GET"]}}],"collection":[{"href":"https:\/\/guialimeira.com.br\/news\/wp-json\/wp\/v2\/posts"}],"about":[{"href":"https:\/\/guialimeira.com.br\/news\/wp-json\/wp\/v2\/types\/post"}],"author":[{"embeddable":true,"href":"https:\/\/guialimeira.com.br\/news\/wp-json\/wp\/v2\/users\/1"}],"replies":[{"embeddable":true,"href":"https:\/\/guialimeira.com.br\/news\/wp-json\/wp\/v2\/comments?post=67682"}],"version-history":[{"count":0,"href":"https:\/\/guialimeira.com.br\/news\/wp-json\/wp\/v2\/posts\/67682\/revisions"}],"wp:featuredmedia":[{"embeddable":true,"href":"https:\/\/guialimeira.com.br\/news\/wp-json\/wp\/v2\/media\/67683"}],"wp:attachment":[{"href":"https:\/\/guialimeira.com.br\/news\/wp-json\/wp\/v2\/media?parent=67682"}],"wp:term":[{"taxonomy":"category","embeddable":true,"href":"https:\/\/guialimeira.com.br\/news\/wp-json\/wp\/v2\/categories?post=67682"},{"taxonomy":"post_tag","embeddable":true,"href":"https:\/\/guialimeira.com.br\/news\/wp-json\/wp\/v2\/tags?post=67682"}],"curies":[{"name":"wp","href":"https:\/\/api.w.org\/{rel}","templated":true}]}}