{"id":67677,"date":"2026-06-02T15:21:20","date_gmt":"2026-06-02T18:21:20","guid":{"rendered":"https:\/\/guialimeira.com.br\/cetesb-faz-megaoperacao-contra-poluicao-veicular-em-28-pontos-de-sp\/"},"modified":"2026-06-02T15:21:20","modified_gmt":"2026-06-02T18:21:20","slug":"cetesb-faz-megaoperacao-contra-poluicao-veicular-em-28-pontos-de-sp","status":"publish","type":"post","link":"https:\/\/guialimeira.com.br\/news\/cetesb-faz-megaoperacao-contra-poluicao-veicular-em-28-pontos-de-sp\/","title":{"rendered":"Cetesb faz megaopera\u00e7\u00e3o contra polui\u00e7\u00e3o veicular em 28 pontos de SP"},"content":{"rendered":"<p> <br \/>\n<br \/><img data-recalc-dims=\"1\" decoding=\"async\" src=\"https:\/\/i0.wp.com\/www.agenciasp.sp.gov.br\/wp-content\/uploads\/2026\/06\/WhatsApp-Image-2026-06-02-at-11.59.52.jpeg?w=696&#038;ssl=1\" \/><\/p>\n<div id=\"\">\n<tr>\n<td>\u00a0<\/td>\n<td><strong>LOCAL<\/strong><\/td>\n<td colspan=\"2\"><strong>AG\u00caNCIA\/SETOR CETESB<\/strong><\/td>\n<td><strong>APOIO<\/strong><\/td>\n<\/tr>\n<tr>\n<td>1<\/td>\n<td>Rodovia Anchieta, km 17,5 \u2013 Sul, S\u00e3o Bernado do Campo<\/td>\n<td>Ag. ABC I &amp;<br \/>Ag. ABC II<\/td>\n<td>CLA<br \/>CLD<\/td>\n<td>PM Rodovi\u00e1ria<\/td>\n<\/tr>\n<tr>\n<td>2<\/td>\n<td>Rodovia Raposo Tavares, km 35,7, (sentido Oeste) Cotia (Refer\u00eancia: Posto da Pol\u00edcia Militar Rodovi\u00e1ria Estadual)<\/td>\n<td>Ag. Embu das Artes<\/td>\n<td>CLB<\/td>\n<td>PM Rodovi\u00e1ria<\/td>\n<\/tr>\n<tr>\n<td>3<\/td>\n<td>Rodoanel Trecho Oeste km 13,5 \u2013 Barueri<\/td>\n<td>Ag. Osasco<\/td>\n<td>CLO<\/td>\n<td>PM Rodovi\u00e1ria<\/td>\n<\/tr>\n<tr>\n<td>4<\/td>\n<td>Rodovia Anhanguera, km 53, (sentido interior\/capital), Posto de Apoio Autoban \u2013 Balan\u00e7a<\/td>\n<td>Ag. Santana<\/td>\n<td>CLS<\/td>\n<td>PM Rodovi\u00e1ria<\/td>\n<\/tr>\n<tr>\n<td>5<\/td>\n<td>Rodovia Ayrton Senna, km 41 \u2013 Itaquaquecetuba<\/td>\n<td>Ag. Mogi das Cruzes<\/td>\n<td>CLM<\/td>\n<td>PM Rodovi\u00e1ria<\/td>\n<\/tr>\n<tr>\n<td>6<\/td>\n<td>Rodovia Fern\u00e3o Dias, km 62, GRAAL de Mairipor\u00e3<\/td>\n<td>Ag. Tatuap\u00e9<\/td>\n<td>CLE<\/td>\n<td>PRF<\/td>\n<\/tr>\n<tr>\n<td>7<\/td>\n<td>Rodovia Anhanguera, km 128,5<\/td>\n<td>Ag. Americana<\/td>\n<td>CJA<\/td>\n<td>PM Rodovi\u00e1ria<\/td>\n<\/tr>\n<tr>\n<td>8<\/td>\n<td>Rodovia dos Bandeirantes, km 58 (Sentido interior- capital)<\/td>\n<td>Ag. Jundia\u00ed<\/td>\n<td>CJJ<\/td>\n<td>PM Rodovi\u00e1ria<\/td>\n<\/tr>\n<tr>\n<td>9<\/td>\n<td>Rodovia Washington Luiz, km 159+600 Norte (sentido interior)<\/td>\n<td>Ag. Limeira<\/td>\n<td>CJL<\/td>\n<td>PM Rodovi\u00e1ria<\/td>\n<\/tr>\n<tr>\n<td>10<\/td>\n<td>Rodovia Washington Lu\u00eds, km 175 (sentido capital, em frente ao autoposto Confiante)<\/td>\n<td>Ag. Piracicaba<\/td>\n<td>CJP<\/td>\n<td>PM Rodovi\u00e1ria<\/td>\n<\/tr>\n<tr>\n<td>11<\/td>\n<td>Rodovia SP 79, km 71, Bairro \u00c9den (base da Pol\u00edcia Militar)<\/td>\n<td>Ag. Sorocaba &amp;<br \/>Ag. Itu<\/td>\n<td>CJD<br \/>CJI<\/td>\n<td>PM Rodovi\u00e1ria<\/td>\n<\/tr>\n<tr>\n<td>12<\/td>\n<td>Rodovia Marechal Rondon, km 534 + 500 m<\/td>\n<td>Ag. Ara\u00e7atuba<\/td>\n<td>CFU<\/td>\n<td>PM Rodovi\u00e1ria<\/td>\n<\/tr>\n<tr>\n<td>13<\/td>\n<td>Rodovia Raposo Tavares (sentido oeste), km 442 + 600 m<\/td>\n<td>Ag. Assis<\/td>\n<td>CFS<\/td>\n<td>PM Rodovi\u00e1ria<\/td>\n<\/tr>\n<tr>\n<td>14<\/td>\n<td>Rodovia Euclides da Cunha (SP 320), km 582, Jales<\/td>\n<td>Ag. Jales<\/td>\n<td>CFJ<\/td>\n<td>PM Rodovi\u00e1ria<\/td>\n<\/tr>\n<tr>\n<td>15<\/td>\n<td>Rodovia Raposo Tavares, SP 270, km 561,5, ao lado da Pol\u00edcia Rodovi\u00e1ria \u2013 Base Operacional \u2013 Sentido Presidente Prudente\/Assis<\/td>\n<td>Ag. Pres. Prudente e Ag. Dracena<\/td>\n<td>CFP<br \/>CFD<\/td>\n<td>PM Rodovi\u00e1ria<\/td>\n<\/tr>\n<tr>\n<td>16<\/td>\n<td>Rodovia BR-153, km 65, S\u00e3o Jos\u00e9 do Rio Preto-SP (sentido Onda Verde, logo abaixo da passarela de pedestres)<\/td>\n<td>Ag. S\u00e3o Jos\u00e9 do Rio Preto<\/td>\n<td>CFR<\/td>\n<td>PM Rodovi\u00e1ria<\/td>\n<\/tr>\n<tr>\n<td>17<\/td>\n<td>Base Operacional da Pol\u00edcia Rodovi\u00e1ria de Araraquara, Rodovia SP 310, km 273 + 400m (pista Sul)<\/td>\n<td>Ag. Araraquara &amp;<br \/>Ag. S\u00e3o Carlos<\/td>\n<td>CGA<br \/>CGC<\/td>\n<td>PM Rodovi\u00e1ria<\/td>\n<\/tr>\n<tr>\n<td>18<\/td>\n<td>Rodovia Faria Lima, km 411 + 800 m<\/td>\n<td>Ag. Barretos<\/td>\n<td>CGB<\/td>\n<td>PM Rodovi\u00e1ria<\/td>\n<\/tr>\n<tr>\n<td>19<\/td>\n<td>Rodovia Marechal Rondon km 252- Botucatu \u2013 sentido interior<\/td>\n<td>Ag. Botucatu<\/td>\n<td>CGT<\/td>\n<td>PM Rodovi\u00e1ria<\/td>\n<\/tr>\n<tr>\n<td>20<\/td>\n<td>Rodovia Anhanguera (SP330), km 326 \u2013 Norte, Jardin\u00f3polis<\/td>\n<td>Ag. Ribeir\u00e3o Preto<\/td>\n<td>CGR<\/td>\n<td>PM Rodovi\u00e1ria<\/td>\n<\/tr>\n<tr>\n<td>21<\/td>\n<td>Rodovia Adhemar Pereira de Barros (SP 342), km 226,5<\/td>\n<td>Ag. S\u00e3o Jo\u00e3o da Boa Vista<\/td>\n<td>CGV<\/td>\n<td>PM Rodovi\u00e1ria<\/td>\n<\/tr>\n<tr>\n<td>22<\/td>\n<td>Rodovia Francisco Alves Negr\u00e3o (SP-258), km 227\u00a0<\/td>\n<td>Ag. Cap\u00e3o Bonito<\/td>\n<td>CMC<\/td>\n<td>PM Rodovi\u00e1ria<\/td>\n<\/tr>\n<tr>\n<td>23<\/td>\n<td>Rodovia C\u00f4nego Dom\u00eanico Rangoni, km 267 (leste)<\/td>\n<td>Ag. Cubat\u00e3o<\/td>\n<td>CMB<\/td>\n<td>PM Rodovi\u00e1ria<\/td>\n<\/tr>\n<tr>\n<td>24<\/td>\n<td>Rodovia SP-270 (Rod Raposo Tavares), Km 162 \u2013 Leste, Itapetininga<\/td>\n<td>Ag. Itapetininga<\/td>\n<td>CMI<\/td>\n<td>PM Rodovi\u00e1ria<\/td>\n<\/tr>\n<tr>\n<td>25<\/td>\n<td>Rodovia dos Imigrantes, km 56+500, Cubat\u00e3o<\/td>\n<td>Ag. Santos<\/td>\n<td>CMN<\/td>\n<td>PM Rodovi\u00e1ria<\/td>\n<\/tr>\n<tr>\n<td>26<\/td>\n<td>Rodovia dos Tamoios, Contorno Sul, km 20 Leste, SAU 4 (Servi\u00e7o de Atendimento ao Usu\u00e1rio).<\/td>\n<td>Ag. S\u00e3o Sebasti\u00e3o<\/td>\n<td>CMS<\/td>\n<td>PM Rodovi\u00e1ria<\/td>\n<\/tr>\n<tr>\n<td>27<\/td>\n<td>Rodovia Floriano Rodrigues Pinheiro, Km 7,85, Posto SAU (Servi\u00e7o de Atendimento ao Usu\u00e1rio)<\/td>\n<td>Ag. Taubat\u00e9<\/td>\n<td>CMT<\/td>\n<td>PM Rodovi\u00e1ria<\/td>\n<\/tr>\n<tr>\n<td>28<\/td>\n<td>Rodovia Jo\u00e3o Mell\u00e3o, km 261. Pol\u00edcia Rodovi\u00e1ria.<\/td>\n<td>Ag. Avar\u00e9<\/td>\n<td>CMA<\/td>\n<td>PM Rodovi\u00e1ria<\/td>\n<\/tr>\n<\/div>\n<p><br \/>\n<br \/><a href=\"https:\/\/www.agenciasp.sp.gov.br\/cetesb-faz-megaoperacao-poluicao-veicular\/\" rel=\"noopener\">Informa\u00e7\u00f5es GOV.SP<\/a><\/p>\n","protected":false},"excerpt":{"rendered":"<p>\u00a0 LOCAL AG\u00caNCIA\/SETOR CETESB APOIO 1 Rodovia Anchieta, km 17,5 \u2013 Sul, S\u00e3o Bernado do Campo Ag. ABC I &amp;Ag. ABC II CLACLD PM Rodovi\u00e1ria 2 Rodovia Raposo Tavares, km 35,7, (sentido Oeste) Cotia (Refer\u00eancia: Posto da Pol\u00edcia Militar Rodovi\u00e1ria Estadual) Ag. Embu das Artes CLB PM Rodovi\u00e1ria 3 Rodoanel Trecho Oeste km 13,5 \u2013 [&hellip;]<\/p>\n","protected":false},"author":1,"featured_media":67678,"comment_status":"","ping_status":"open","sticky":false,"template":"","format":"standard","meta":{"_jetpack_newsletter_access":"","_jetpack_dont_email_post_to_subs":false,"_jetpack_newsletter_tier_id":0,"_jetpack_memberships_contains_paywalled_content":false,"_mbp_banners":[],"_jetpack_feature_clip_id":0,"_jetpack_memberships_contains_paid_content":false,"footnotes":"","jetpack_publicize_message":"","jetpack_publicize_feature_enabled":true,"jetpack_social_post_already_shared":true,"jetpack_social_options":{"image_generator_settings":{"template":"highway","default_image_id":0,"font":"","enabled":false},"version":2},"jetpack_post_was_ever_published":false},"categories":[21],"tags":[],"class_list":["post-67677","post","type-post","status-publish","format-standard","has-post-thumbnail","category-sp-news"],"jetpack_publicize_connections":[],"jetpack-related-posts":[],"jetpack_shortlink":"https:\/\/wp.me\/p7Eq1F-hBz","jetpack_sharing_enabled":true,"jetpack_featured_media_url":"https:\/\/i0.wp.com\/guialimeira.com.br\/news\/wp-content\/uploads\/2026\/06\/Cetesb-faz-megaoperacao-contra-poluicao-veicular-em-28-pontos-de.jpeg?fit=1280%2C960&ssl=1","_links":{"self":[{"href":"https:\/\/guialimeira.com.br\/news\/wp-json\/wp\/v2\/posts\/67677","targetHints":{"allow":["GET"]}}],"collection":[{"href":"https:\/\/guialimeira.com.br\/news\/wp-json\/wp\/v2\/posts"}],"about":[{"href":"https:\/\/guialimeira.com.br\/news\/wp-json\/wp\/v2\/types\/post"}],"author":[{"embeddable":true,"href":"https:\/\/guialimeira.com.br\/news\/wp-json\/wp\/v2\/users\/1"}],"replies":[{"embeddable":true,"href":"https:\/\/guialimeira.com.br\/news\/wp-json\/wp\/v2\/comments?post=67677"}],"version-history":[{"count":0,"href":"https:\/\/guialimeira.com.br\/news\/wp-json\/wp\/v2\/posts\/67677\/revisions"}],"wp:featuredmedia":[{"embeddable":true,"href":"https:\/\/guialimeira.com.br\/news\/wp-json\/wp\/v2\/media\/67678"}],"wp:attachment":[{"href":"https:\/\/guialimeira.com.br\/news\/wp-json\/wp\/v2\/media?parent=67677"}],"wp:term":[{"taxonomy":"category","embeddable":true,"href":"https:\/\/guialimeira.com.br\/news\/wp-json\/wp\/v2\/categories?post=67677"},{"taxonomy":"post_tag","embeddable":true,"href":"https:\/\/guialimeira.com.br\/news\/wp-json\/wp\/v2\/tags?post=67677"}],"curies":[{"name":"wp","href":"https:\/\/api.w.org\/{rel}","templated":true}]}}