{"id":67666,"date":"2026-06-02T12:20:57","date_gmt":"2026-06-02T15:20:57","guid":{"rendered":"https:\/\/guialimeira.com.br\/projeto-de-ldo-recebe-parecer-favoravel-da-comissao-de-orcamento-e-esta-pronto-para-votacao-em-plenario\/"},"modified":"2026-06-02T12:20:57","modified_gmt":"2026-06-02T15:20:57","slug":"projeto-de-ldo-recebe-parecer-favoravel-da-comissao-de-orcamento-e-esta-pronto-para-votacao-em-plenario","status":"publish","type":"post","link":"https:\/\/guialimeira.com.br\/news\/projeto-de-ldo-recebe-parecer-favoravel-da-comissao-de-orcamento-e-esta-pronto-para-votacao-em-plenario\/","title":{"rendered":"Projeto de LDO recebe parecer favor\u00e1vel da Comiss\u00e3o de Or\u00e7amento e est\u00e1 pronto para vota\u00e7\u00e3o em Plen\u00e1rio"},"content":{"rendered":"<p>Projeto de LDO recebe parecer favor\u00e1vel da Comiss\u00e3o de Or\u00e7amento e est\u00e1 pronto para vota\u00e7\u00e3o em Plen\u00e1rio<\/p>\n<p>Em raz\u00e3o do feriado de Corpus Christi, a Comiss\u00e3o de Or\u00e7amento e Fiscaliza\u00e7\u00e3o do Executivo se reuniu extraordinariamente nesta ter\u00e7a-feira, 2 de junho. Na pauta, foi analisado o Projeto de Lei N\u00ba 54\/2026, da Prefeitura, que disp\u00f5e sobre as diretrizes para a elabora\u00e7\u00e3o e execu\u00e7\u00e3o da Lei de Diretrizes Or\u00e7ament\u00e1ria Anual (LDO) de 2027.<\/p>\n<p>A mat\u00e9ria recebeu parecer favor\u00e1vel do relator Elias Barbosa (PRTB) e est\u00e1 pronto para ir \u00e0 vota\u00e7\u00e3o em primeiro turno na pr\u00f3xima sess\u00e3o ordin\u00e1ria, no dia 8 de junho. As delibera\u00e7\u00f5es est\u00e3o registradas na ata da reuni\u00e3o. O colegiado tamb\u00e9m \u00e9 composto pelos vereadores Lu Bogo (PL), presidente, e Estev\u00e3o Nogueira (Avante), vice-presidente.<\/p>\n<p>Sobre a LDO<\/p>\n<p>Para o exerc\u00edcio de 2027, o or\u00e7amento p\u00fablico de Limeira est\u00e1 estimado em R$ 2.466.294.000,00. Os n\u00fameros foram apresentados detalhadamente pela Prefeitura durante audi\u00eancia p\u00fablica realizada em maio, pela secret\u00e1ria adjunta de Fazenda, Andr\u00e9a Figueira Barreto Vilas Boas.<\/p>\n<p>A LDO tem periodicidade anual e atua como um elo entre o Plano Plurianual (PPA) e a Lei Or\u00e7ament\u00e1ria Anual (LOA). A LDO \u00e9 pautada pelos objetivos do desenvolvimento sustent\u00e1vel e tem como fun\u00e7\u00e3o orientar a elabora\u00e7\u00e3o do or\u00e7amento (LOA) para o ano seguinte, definindo as prioridades da gest\u00e3o e estabelecendo as metas fiscais, regras e limites que devem ser cumpridos.<\/p>\n<p>Conforme explanado em audi\u00eancia, o or\u00e7amento engloba a estrutura administrativa do Munic\u00edpio, incluindo o Instituto de Previd\u00eancia (IPML), o Poder Legislativo e o Poder Executivo, que conta com 21 secretarias respons\u00e1veis. Um total de 120 a\u00e7\u00f5es distribu\u00eddas est\u00e3o inseridas em 28 programas. Essas a\u00e7\u00f5es s\u00e3o divididas em quatro eixos centrais: Gest\u00e3o, Transpar\u00eancia e Transforma\u00e7\u00e3o Digital; Planejamento e Responsabilidade Or\u00e7ament\u00e1ria; Desenvolvimento Sustent\u00e1vel; e Servi\u00e7os P\u00fablicos e Promo\u00e7\u00e3o Social.<\/p>\n<hr>\n<p><em>Fonte: <a href=\"https:\/\/www.limeira.sp.leg.br\/noticias\/view\/2026-06-02_projeto-de-ldo-recebe-parecer-favoravel-da-comissao-de-orcamento-e-esta-pronto-para-votacao-em-plenario\" target=\"_blank\" rel=\"noopener\">C\u00e2mara Municipal de Limeira<\/a><\/em><\/p>\n","protected":false},"excerpt":{"rendered":"<p>Projeto de LDO recebe parecer favor\u00e1vel da Comiss\u00e3o de Or\u00e7amento e est\u00e1 pronto para vota\u00e7\u00e3o em Plen\u00e1rio<\/p>\n<p>Em raz\u00e3o do feriado de Corpus Christi, a Comiss\u00e3o de Or\u00e7amento e Fiscaliza\u00e7\u00e3o do Executivo se reuniu extraordinariamente nesta ter\u00e7a-feira, 2 de junho. Na pauta, foi analisado o Projeto de Lei N\u00ba<\/p>\n","protected":false},"author":4,"featured_media":67665,"comment_status":"","ping_status":"open","sticky":false,"template":"","format":"standard","meta":{"_jetpack_newsletter_access":"","_jetpack_dont_email_post_to_subs":false,"_jetpack_newsletter_tier_id":0,"_jetpack_memberships_contains_paywalled_content":false,"_mbp_banners":[],"_jetpack_feature_clip_id":0,"_jetpack_memberships_contains_paid_content":false,"footnotes":"","jetpack_publicize_message":"","jetpack_publicize_feature_enabled":true,"jetpack_social_post_already_shared":true,"jetpack_social_options":{"image_generator_settings":{"template":"highway","default_image_id":0,"font":"","enabled":false},"version":2},"jetpack_post_was_ever_published":false},"categories":[19],"tags":[],"class_list":["post-67666","post","type-post","status-publish","format-standard","has-post-thumbnail","category-politica"],"jetpack_publicize_connections":[],"jetpack-related-posts":[],"jetpack_shortlink":"https:\/\/wp.me\/p7Eq1F-hBo","jetpack_sharing_enabled":true,"jetpack_featured_media_url":"https:\/\/i0.wp.com\/guialimeira.com.br\/news\/wp-content\/uploads\/2026\/06\/noticia-camara-8.jpg?fit=1280%2C640&ssl=1","_links":{"self":[{"href":"https:\/\/guialimeira.com.br\/news\/wp-json\/wp\/v2\/posts\/67666","targetHints":{"allow":["GET"]}}],"collection":[{"href":"https:\/\/guialimeira.com.br\/news\/wp-json\/wp\/v2\/posts"}],"about":[{"href":"https:\/\/guialimeira.com.br\/news\/wp-json\/wp\/v2\/types\/post"}],"author":[{"embeddable":true,"href":"https:\/\/guialimeira.com.br\/news\/wp-json\/wp\/v2\/users\/4"}],"replies":[{"embeddable":true,"href":"https:\/\/guialimeira.com.br\/news\/wp-json\/wp\/v2\/comments?post=67666"}],"version-history":[{"count":0,"href":"https:\/\/guialimeira.com.br\/news\/wp-json\/wp\/v2\/posts\/67666\/revisions"}],"wp:featuredmedia":[{"embeddable":true,"href":"https:\/\/guialimeira.com.br\/news\/wp-json\/wp\/v2\/media\/67665"}],"wp:attachment":[{"href":"https:\/\/guialimeira.com.br\/news\/wp-json\/wp\/v2\/media?parent=67666"}],"wp:term":[{"taxonomy":"category","embeddable":true,"href":"https:\/\/guialimeira.com.br\/news\/wp-json\/wp\/v2\/categories?post=67666"},{"taxonomy":"post_tag","embeddable":true,"href":"https:\/\/guialimeira.com.br\/news\/wp-json\/wp\/v2\/tags?post=67666"}],"curies":[{"name":"wp","href":"https:\/\/api.w.org\/{rel}","templated":true}]}}