{"id":67663,"date":"2026-06-02T12:18:06","date_gmt":"2026-06-02T15:18:06","guid":{"rendered":"https:\/\/guialimeira.com.br\/inscricoes-para-o-vestibulinho-das-etecs-de-sp-terminam-na-sexta-feira-5\/"},"modified":"2026-06-02T12:18:06","modified_gmt":"2026-06-02T15:18:06","slug":"inscricoes-para-o-vestibulinho-das-etecs-de-sp-terminam-na-sexta-feira-5","status":"publish","type":"post","link":"https:\/\/guialimeira.com.br\/news\/inscricoes-para-o-vestibulinho-das-etecs-de-sp-terminam-na-sexta-feira-5\/","title":{"rendered":"Inscri\u00e7\u00f5es para o Vestibulinho das Etecs de SP terminam na sexta-feira (5)"},"content":{"rendered":"<p> <br \/>\n<br \/><img data-recalc-dims=\"1\" decoding=\"async\" src=\"https:\/\/i0.wp.com\/www.agenciasp.sp.gov.br\/wp-content\/uploads\/2026\/06\/Etec-Sao-Mateus_Vestibulinho-1sem24-foto-Roberto-Sungi-60-scaled-1.jpg?w=696&#038;ssl=1\" \/><\/p>\n<div>\n<p class=\"wp-block-paragraph\">O per\u00edodo de inscri\u00e7\u00f5es para o Vestibulinho das Escolas T\u00e9cnicas Estaduais (Etecs) para o segundo semestre de 2026 vai at\u00e9 as 20h do dia 5 de junho. O cadastro deve ser realizado exclusivamente no site <a href=\"https:\/\/vestibulinho.etec.sp.gov.br\" data-type=\"link\" data-id=\"vestibulinho.etec.sp.gov.br\" target=\"_blank\" rel=\"noopener\">vestibulinho.etec.sp.gov.br<\/a> . O valor da taxa para a participa\u00e7\u00e3o no processo seletivo \u00e9 de R$ 50. A prova ser\u00e1 aplicada no dia 21 de junho, \u00e0s 13h30.<\/p>\n<p class=\"wp-block-paragraph\">O Centro Paula Souza (CPS), autarquia que administra as Etecs, disponibiliza cerca de 33 mil vagas para cursos t\u00e9cnicos e especializa\u00e7\u00f5es t\u00e9cnicas, distribu\u00eddas entre as unidades de todo o Estado de S\u00e3o Paulo.\u00a0O candidato pode optar pelo estudo na modalidade presencial, semipresencial ou online, de acordo com as op\u00e7\u00f5es dispon\u00edveis.<\/p>\n<p class=\"wp-block-paragraph\"><strong>LEIA TAMB\u00c9M: <\/strong><a href=\"https:\/\/www.agenciasp.sp.gov.br\/sp-retoma-saresp-para-3a-serie-do-ensino-medio-e-avalia-aprendizagem-de-339-mil-estudantes-em-junho\/\" rel=\"noopener\">SP retoma Saresp para 3\u00aa s\u00e9rie do Ensino M\u00e9dio e avalia aprendizagem de 339 mil estudantes<\/a><\/p>\n<p class=\"wp-block-paragraph\">As vagas ofertadas neste processo seletivo s\u00e3o destinadas \u00e0s Escolas T\u00e9cnicas\u00a0e \u00e0s classes descentralizadas (unidades que funcionam com um ou mais cursos t\u00e9cnicos, sob a administra\u00e7\u00e3o de uma Etec) por meio de parcerias com as prefeituras do interior e da Capital (aulas nos CEUs) e com a Secretaria Estadual da Educa\u00e7\u00e3o para oferta do Ensino T\u00e9cnico em salas de escolas estaduais.<\/p>\n<h3 class=\"wp-block-heading\">Inscri\u00e7\u00f5es<\/h3>\n<p class=\"wp-block-paragraph\">Para se inscrever no Vestibulinho das Etecs \u00e9 preciso acessar o site\u00a0<a href=\"https:\/\/vestibulinho.etec.sp.gov.br\" data-type=\"link\" data-id=\"vestibulinho.etec.sp.gov.br\" target=\"_blank\" rel=\"noopener\">vestibulinho.etec.sp.gov.br<\/a> at\u00e9 as 20h do dia 5 de junho, preencher a ficha de inscri\u00e7\u00e3o dispon\u00edvel no menu \u201c\u00c1rea do candidato\u201d e responder ao question\u00e1rio socioecon\u00f4mico.<\/p>\n<p class=\"wp-block-paragraph\">Tamb\u00e9m \u00e9 necess\u00e1rio realizar o pagamento da taxa de R$ 50. O recolhimento do valor pode ser feito at\u00e9 o \u00faltimo dia de inscri\u00e7\u00e3o, em qualquer ag\u00eancia banc\u00e1ria, na internet, por meio de aplicativo banc\u00e1rio ou ainda por meio da ferramenta\u00a0<em>getnet<\/em>, dispon\u00edvel no site oficial do Vestibulinho, com cart\u00e3o de cr\u00e9dito. A inscri\u00e7\u00e3o no Vestibulinho das Etecs somente ser\u00e1 efetivada ap\u00f3s o pagamento da taxa.<\/p>\n<p class=\"wp-block-paragraph\">As informa\u00e7\u00f5es fornecidas no ato da inscri\u00e7\u00e3o s\u00e3o de responsabilidade do candidato ou de seu representante legal, quando menor de 16 anos. Na portaria do processo seletivo e no Manual do Candidato est\u00e3o dispon\u00edveis o detalhamento da documenta\u00e7\u00e3o necess\u00e1ria e as orienta\u00e7\u00f5es para inscri\u00e7\u00e3o.<\/p>\n<p class=\"wp-block-paragraph\">Caso o candidato necessite, as Etecs disponibilizam computadores e acesso \u00e0 internet para que a inscri\u00e7\u00e3o seja realizada. Para isso, \u00e9 preciso entrar em contato com a unidade para obter informa\u00e7\u00f5es sobre datas e hor\u00e1rios dispon\u00edveis.<\/p>\n<h3 class=\"wp-block-heading\">Ensino T\u00e9cnico<\/h3>\n<p class=\"wp-block-paragraph\">Este processo seletivo oferece\u00a031.717 vagas para o Ensino T\u00e9cnico\u00a0nas modalidades presencial, semipresencial e online \u2013 modalidade de Ensino a Dist\u00e2ncia (EaD).<\/p>\n<p class=\"wp-block-paragraph\">Para concorrer a uma das vagas para os cursos t\u00e9cnicos nas tr\u00eas modalidades, o candidato deve ter conclu\u00eddo ou estar cursando a partir da segunda s\u00e9rie do Ensino M\u00e9dio ou equivalente, apresentando no ato da matr\u00edcula o Certificado de Conclus\u00e3o ou a declara\u00e7\u00e3o de que est\u00e1 matriculado.<\/p>\n<h3 class=\"wp-block-heading\">Especializa\u00e7\u00e3o T\u00e9cnica<\/h3>\n<p class=\"wp-block-paragraph\">Para Especializa\u00e7\u00e3o T\u00e9cnica,\u00a0as Etecs ofertam\u00a01.200 vagas, sendo 660 para o formato presencial, e outras 540 vagas para aulas na modalidade online. Para concorrer a uma vaga, al\u00e9m de ter conclu\u00eddo o Ensino M\u00e9dio, o candidato precisa ter cursado integralmente o Ensino T\u00e9cnico associado ao curso de especializa\u00e7\u00e3o, conforme rela\u00e7\u00e3o dispon\u00edvel no site do processo seletivo.<\/p>\n<h3 class=\"wp-block-heading\">Pontua\u00e7\u00e3o Acrescida<\/h3>\n<p class=\"wp-block-paragraph\">O\u00a0Sistema de Pontua\u00e7\u00e3o Acrescida do Centro Paula Souza\u00a0concede acr\u00e9scimo de pontos \u00e0 nota final obtida no exame, sendo 3% a estudantes afrodescendentes e 10% a quem tenha estudado integralmente na rede p\u00fablica, da quinta \u00e0 oitava s\u00e9rie ou do sexto ao nono ano do Ensino Fundamental. Quem estiver nas duas situa\u00e7\u00f5es recebe 13% de b\u00f4nus.<\/p>\n<p class=\"wp-block-paragraph\">Cabe ao candidato verificar na portaria se tem direito \u00e0 pontua\u00e7\u00e3o acrescida,\u00a0porque a matr\u00edcula n\u00e3o poder\u00e1 ser realizada e a vaga ser\u00e1 perdida se as informa\u00e7\u00f5es n\u00e3o atenderem \u00e0s condi\u00e7\u00f5es estabelecidas em sua totalidade.<\/p>\n<\/p><\/div>\n<p><br \/>\n<br \/><a href=\"https:\/\/www.agenciasp.sp.gov.br\/inscricoes-vestibulinho-etecs-sexta-feira\/\" rel=\"noopener\">Informa\u00e7\u00f5es GOV.SP<\/a><\/p>\n","protected":false},"excerpt":{"rendered":"<p>O per\u00edodo de inscri\u00e7\u00f5es para o Vestibulinho das Escolas T\u00e9cnicas Estaduais (Etecs) para o segundo semestre de 2026 vai at\u00e9 as 20h do dia 5 de junho. O cadastro deve ser realizado exclusivamente no site vestibulinho.etec.sp.gov.br . O valor da taxa para a participa\u00e7\u00e3o no processo seletivo \u00e9 de R$ 50. A prova ser\u00e1 aplicada [&hellip;]<\/p>\n","protected":false},"author":1,"featured_media":67664,"comment_status":"","ping_status":"open","sticky":false,"template":"","format":"standard","meta":{"_jetpack_newsletter_access":"","_jetpack_dont_email_post_to_subs":false,"_jetpack_newsletter_tier_id":0,"_jetpack_memberships_contains_paywalled_content":false,"_mbp_banners":[],"_jetpack_feature_clip_id":0,"_jetpack_memberships_contains_paid_content":false,"footnotes":"","jetpack_publicize_message":"","jetpack_publicize_feature_enabled":true,"jetpack_social_post_already_shared":true,"jetpack_social_options":{"image_generator_settings":{"template":"highway","default_image_id":0,"font":"","enabled":false},"version":2},"jetpack_post_was_ever_published":false},"categories":[21],"tags":[],"class_list":["post-67663","post","type-post","status-publish","format-standard","has-post-thumbnail","category-sp-news"],"jetpack_publicize_connections":[],"jetpack-related-posts":[],"jetpack_shortlink":"https:\/\/wp.me\/p7Eq1F-hBl","jetpack_sharing_enabled":true,"jetpack_featured_media_url":"https:\/\/i0.wp.com\/guialimeira.com.br\/news\/wp-content\/uploads\/2026\/06\/Inscricoes-para-o-Vestibulinho-das-Etecs-de-SP-terminam-na.jpg?fit=2560%2C1703&ssl=1","_links":{"self":[{"href":"https:\/\/guialimeira.com.br\/news\/wp-json\/wp\/v2\/posts\/67663","targetHints":{"allow":["GET"]}}],"collection":[{"href":"https:\/\/guialimeira.com.br\/news\/wp-json\/wp\/v2\/posts"}],"about":[{"href":"https:\/\/guialimeira.com.br\/news\/wp-json\/wp\/v2\/types\/post"}],"author":[{"embeddable":true,"href":"https:\/\/guialimeira.com.br\/news\/wp-json\/wp\/v2\/users\/1"}],"replies":[{"embeddable":true,"href":"https:\/\/guialimeira.com.br\/news\/wp-json\/wp\/v2\/comments?post=67663"}],"version-history":[{"count":0,"href":"https:\/\/guialimeira.com.br\/news\/wp-json\/wp\/v2\/posts\/67663\/revisions"}],"wp:featuredmedia":[{"embeddable":true,"href":"https:\/\/guialimeira.com.br\/news\/wp-json\/wp\/v2\/media\/67664"}],"wp:attachment":[{"href":"https:\/\/guialimeira.com.br\/news\/wp-json\/wp\/v2\/media?parent=67663"}],"wp:term":[{"taxonomy":"category","embeddable":true,"href":"https:\/\/guialimeira.com.br\/news\/wp-json\/wp\/v2\/categories?post=67663"},{"taxonomy":"post_tag","embeddable":true,"href":"https:\/\/guialimeira.com.br\/news\/wp-json\/wp\/v2\/tags?post=67663"}],"curies":[{"name":"wp","href":"https:\/\/api.w.org\/{rel}","templated":true}]}}