{"id":67661,"date":"2026-06-02T12:01:47","date_gmt":"2026-06-02T15:01:47","guid":{"rendered":"https:\/\/guialimeira.com.br\/projeto-cofre-de-aventuras-encerra-atividades-em-limeira-com-oficinas-literarias-e-entrega-de-minibibliotecas\/"},"modified":"2026-06-02T12:01:47","modified_gmt":"2026-06-02T15:01:47","slug":"projeto-cofre-de-aventuras-encerra-atividades-em-limeira-com-oficinas-literarias-e-entrega-de-minibibliotecas","status":"publish","type":"post","link":"https:\/\/guialimeira.com.br\/news\/projeto-cofre-de-aventuras-encerra-atividades-em-limeira-com-oficinas-literarias-e-entrega-de-minibibliotecas\/","title":{"rendered":"Projeto Cofre de Aventuras encerra atividades em Limeira com oficinas liter\u00e1rias e entrega de minibibliotecas"},"content":{"rendered":"<p> <br \/>\n<\/p>\n<div>\n                <main class=\"\">&#13;<br \/>\n                    &#13;<br \/>\n&#13;<br \/>\n&#13;<br \/>\n&#13;<br \/>\n&#13;<br \/>\n&#13;<br \/>\n    <img data-recalc-dims=\"1\" decoding=\"async\" src=\"https:\/\/i0.wp.com\/ecrie.com.br\/sistema\/conteudos\/imagem\/m_137_0_1_02062026115830.jpg?w=696&#038;ssl=1\" alt=\"Projeto Cofre de Aventuras encerra atividades em Limeira com oficinas liter\u00e1rias e entrega de minibibliotecas\"\/>&#13;<br \/>\n&#13;<br \/>\n&#13;<\/p>\n<p>\u00a0<\/p>\n<p>&#13;<\/p>\n<p style=\"text-align: justify;\"><span style=\"font-family: Arial, sans-serif;\"><span style=\"font-size: medium;\">Limeira recebeu, na quinta-feira (29) passada, a etapa final do projeto sociocultural Cofre de Aventuras, iniciativa de incentivo \u00e0 leitura voltada a estudantes da rede p\u00fablica. As atividades ocorreram nas Emeiefs Professora M\u00e1rcia Aparecida Della Coletta Sillman e Maria Thereza Silveira de Barros Camargo, beneficiando cerca de 490 crian\u00e7as.<\/span><\/span><\/p>\n<p>&#13;<\/p>\n<p style=\"text-align: justify;\"><span style=\"font-family: Arial, sans-serif;\"><span style=\"font-size: medium;\">O projeto promove oficinas de leitura, conta\u00e7\u00e3o de hist\u00f3rias e intera\u00e7\u00e3o l\u00fadica com livros, al\u00e9m da entrega permanente de \u201cba\u00fas liter\u00e1rios\u201d a cada uma das escolas participantes. Os acervos incluem livros 60 infantis &#8211; incluindo exemplares em braille -, brinquedos pedag\u00f3gicos e jogos educativos, que ficam dispon\u00edveis para uso dos estudantes e educadores ap\u00f3s o encerramento das atividades.<\/span><\/span><\/p>\n<p>&#13;<\/p>\n<p style=\"text-align: justify;\"><span style=\"font-family: Arial, sans-serif;\"><span style=\"font-size: medium;\">A diretora pedag\u00f3gica da Secretaria de Educa\u00e7\u00e3o, Helenice Magalh\u00e3es, destacou a relev\u00e2ncia da parceria. \u201cProjetos de incentivo \u00e0 leitura, como o Cofre de Aventuras, s\u00e3o muito importantes para ampliar o conhecimento e fortalecer a aprendizagem das crian\u00e7as\u201d, disse.<\/span><\/span><\/p>\n<p>&#13;<\/p>\n<p style=\"text-align: justify;\"><span style=\"font-family: Arial, sans-serif;\"><span style=\"font-size: medium;\">Segundo o coordenador do projeto, Everton Zaniboni, a iniciativa foi pensada para despertar nas crian\u00e7as dos anos iniciais do Ensino Fundamental a paix\u00e3o pela leitura de forma l\u00fadica. \u201cO mais interessante \u00e9 ver como as crian\u00e7as participam, interagem e se envolvem com as atividades\u201d, destacou. <\/span><\/span><\/p>\n<p>&#13;<\/p>\n<p style=\"text-align: justify;\"><span style=\"font-family: Arial, sans-serif;\"><span style=\"font-size: medium;\">Al\u00e9m de Limeira, o Cofre de Aventuras tamb\u00e9m realizou a\u00e7\u00f5es em Mogi Mirim, Mogi Gua\u00e7u, S\u00e3o Jo\u00e3o da Boa Vista e Atibaia. A iniciativa \u00e9 realizada com patroc\u00ednio do Instituto Neoenergia, por meio da Lei Rouanet.<\/span><\/span><\/p>\n<p>&#13;<\/p>\n<p style=\"text-align: justify;\"><span style=\"font-family: Arial, sans-serif;\">A atividade contou com a presen\u00e7a, pela Secretaria de Educa\u00e7\u00e3o, da professora-formadora das Escolas de Tempo Integral, Fabiana Meneguci Godoy, e da coordenadora das Escolas de Tempo Integral, Juliana Candiotto. Tamb\u00e9m acompanharam a atividade o representante do Instituto Neoenergia, Jo\u00e1s Rodrigues, e a equipe pedag\u00f3gica da Emeief Maria Thereza Silveira de Barros Camargo. <\/span><\/p>\n<p>&#13;<br \/>\n&#13;<br \/>\n&#13;<br \/>\n&#13;<\/p>\n<article class=\"conteudo-relacionado no-print\">&#13;<br \/>\n        &#13;<br \/>\n&#13;<br \/>\n        &#13;<br \/>\n    <\/article>\n<p>&#13;<br \/>\n&#13;<br \/>\n                <\/main><\/p><\/div>\n<p><br \/>\n<br \/><a href=\"https:\/\/limeira.sp.gov.br\/projeto-cofre-de-aventuras-encerra-atividades-em-limeira-com-oficinas-literarias-e-entrega-de-minibibliotecas\" rel=\"noopener\">Informa\u00e7\u00f5es da PML <\/a><\/p>\n","protected":false},"excerpt":{"rendered":"<p>&#13; &#13; &#13; &#13; &#13; &#13; &#13; &#13; &#13; &#13; \u00a0 &#13; Limeira recebeu, na quinta-feira (29) passada, a etapa final do projeto sociocultural Cofre de Aventuras, iniciativa de incentivo \u00e0 leitura voltada a estudantes da rede p\u00fablica. As atividades ocorreram nas Emeiefs Professora M\u00e1rcia Aparecida Della Coletta Sillman e Maria Thereza Silveira de Barros [&hellip;]<\/p>\n","protected":false},"author":1,"featured_media":67662,"comment_status":"","ping_status":"open","sticky":false,"template":"","format":"standard","meta":{"_jetpack_newsletter_access":"","_jetpack_dont_email_post_to_subs":false,"_jetpack_newsletter_tier_id":0,"_jetpack_memberships_contains_paywalled_content":false,"_mbp_banners":[],"_jetpack_feature_clip_id":0,"_jetpack_memberships_contains_paid_content":false,"footnotes":"","jetpack_publicize_message":"","jetpack_publicize_feature_enabled":true,"jetpack_social_post_already_shared":true,"jetpack_social_options":{"image_generator_settings":{"template":"highway","default_image_id":0,"font":"","enabled":false},"version":2},"jetpack_post_was_ever_published":false},"categories":[16],"tags":[],"class_list":["post-67661","post","type-post","status-publish","format-standard","has-post-thumbnail","category-local"],"jetpack_publicize_connections":[],"jetpack-related-posts":[],"jetpack_shortlink":"https:\/\/wp.me\/p7Eq1F-hBj","jetpack_sharing_enabled":true,"jetpack_featured_media_url":"https:\/\/i0.wp.com\/guialimeira.com.br\/news\/wp-content\/uploads\/2026\/06\/m_137_0_1_02062026115830.jpg?fit=1024%2C576&ssl=1","_links":{"self":[{"href":"https:\/\/guialimeira.com.br\/news\/wp-json\/wp\/v2\/posts\/67661","targetHints":{"allow":["GET"]}}],"collection":[{"href":"https:\/\/guialimeira.com.br\/news\/wp-json\/wp\/v2\/posts"}],"about":[{"href":"https:\/\/guialimeira.com.br\/news\/wp-json\/wp\/v2\/types\/post"}],"author":[{"embeddable":true,"href":"https:\/\/guialimeira.com.br\/news\/wp-json\/wp\/v2\/users\/1"}],"replies":[{"embeddable":true,"href":"https:\/\/guialimeira.com.br\/news\/wp-json\/wp\/v2\/comments?post=67661"}],"version-history":[{"count":0,"href":"https:\/\/guialimeira.com.br\/news\/wp-json\/wp\/v2\/posts\/67661\/revisions"}],"wp:featuredmedia":[{"embeddable":true,"href":"https:\/\/guialimeira.com.br\/news\/wp-json\/wp\/v2\/media\/67662"}],"wp:attachment":[{"href":"https:\/\/guialimeira.com.br\/news\/wp-json\/wp\/v2\/media?parent=67661"}],"wp:term":[{"taxonomy":"category","embeddable":true,"href":"https:\/\/guialimeira.com.br\/news\/wp-json\/wp\/v2\/categories?post=67661"},{"taxonomy":"post_tag","embeddable":true,"href":"https:\/\/guialimeira.com.br\/news\/wp-json\/wp\/v2\/tags?post=67661"}],"curies":[{"name":"wp","href":"https:\/\/api.w.org\/{rel}","templated":true}]}}