{"id":67657,"date":"2026-06-02T11:17:07","date_gmt":"2026-06-02T14:17:07","guid":{"rendered":"https:\/\/guialimeira.com.br\/investsp-abre-inscricoes-para-segunda-turma-do-exporta-sp-2026\/"},"modified":"2026-06-02T11:17:07","modified_gmt":"2026-06-02T14:17:07","slug":"investsp-abre-inscricoes-para-segunda-turma-do-exporta-sp-2026","status":"publish","type":"post","link":"https:\/\/guialimeira.com.br\/news\/investsp-abre-inscricoes-para-segunda-turma-do-exporta-sp-2026\/","title":{"rendered":"InvestSP abre inscri\u00e7\u00f5es para segunda turma do Exporta SP 2026"},"content":{"rendered":"<p> <br \/>\n<br \/><img data-recalc-dims=\"1\" decoding=\"async\" src=\"https:\/\/i0.wp.com\/www.agenciasp.sp.gov.br\/wp-content\/uploads\/2025\/10\/Rodada-de-Negocios-Marilia-1-1024x682-1.jpg?w=696&#038;ssl=1\" \/><\/p>\n<div>\n<p class=\"wp-block-paragraph\">A InvestSP, ag\u00eancia de promo\u00e7\u00e3o de investimentos vinculada \u00e0 Secretaria de Desenvolvimento Econ\u00f4mico do Estado de S\u00e3o Paulo, recebe inscri\u00e7\u00f5es para a segunda turma de 2026 do Exporta SP at\u00e9 26 de junho. Gratuito, o programa de capacita\u00e7\u00e3o \u00e9 voltado \u00e0 internacionaliza\u00e7\u00e3o de micro, pequenas e m\u00e9dias empresas, startups e produtores rurais paulistas.<\/p>\n<p class=\"wp-block-paragraph\">Realizado de forma totalmente on-line, o Exporta SP permite que empreendedores de todas as regi\u00f5es do estado participem da capacita\u00e7\u00e3o sem necessidade de deslocamento.<\/p>\n<p class=\"wp-block-paragraph\">Ao longo de tr\u00eas meses, os participantes ter\u00e3o acesso a uma jornada estruturada de aprendizado, com encontros semanais conduzidos por especialistas em com\u00e9rcio exterior. Entre os temas abordados est\u00e3o intelig\u00eancia comercial, forma\u00e7\u00e3o de pre\u00e7os, adequa\u00e7\u00e3o de produtos e servi\u00e7os, plano de neg\u00f3cios, marketing, vendas e estrat\u00e9gias para inser\u00e7\u00e3o competitiva no mercado global. Al\u00e9m das aulas e workshops, as empresas selecionadas contam com mentorias individuais e acesso a conte\u00fados exclusivos em plataforma digital.<\/p>\n<p class=\"wp-block-paragraph\"><strong>LEIA TAMB\u00c9M: <\/strong><a href=\"https:\/\/www.agenciasp.sp.gov.br\/investsp-leva-produtoras-paulistas-cannes\/\" rel=\"noopener\">Governo de SP leva produtoras a Cannes para ampliar neg\u00f3cios no mercado audiovisual global<\/a><\/p>\n<p class=\"wp-block-paragraph\">Desde sua cria\u00e7\u00e3o, o Exporta SP j\u00e1 capacitou mais de 1,7 mil empresas de mais de 200 munic\u00edpios paulistas. Cerca de 25% das participantes iniciaram ou ampliaram suas exporta\u00e7\u00f5es durante o per\u00edodo de capacita\u00e7\u00e3o.<\/p>\n<blockquote class=\"wp-block-quote is-layout-flow wp-block-quote-is-layout-flow\">\n<p class=\"wp-block-paragraph\">\u201cS\u00e3o Paulo tem ampliado de forma consistente sua presen\u00e7a no com\u00e9rcio internacional, e o recorde do n\u00famero de empresas paulistas exportadoras em 2025 mostra a for\u00e7a e a diversidade da nossa economia. Programas como o Exporta SP s\u00e3o fundamentais para preparar empresas de diferentes portes para acessar novos mercados, ampliar sua competitividade e gerar mais emprego e renda no Estado\u201d, afirma Rui Gomes Jr, presidente da InvestSP.<\/p>\n<\/blockquote>\n<p class=\"wp-block-paragraph\">As inscri\u00e7\u00f5es para a segunda turma podem ser realizadas <a href=\"https:\/\/forms.office.com\/pages\/responsepage.aspx?id=T-Syi1aESE6Tx6nG-VAlINJ9_XHCEZBBhA50yb1LWYdUMExMQllaUDhIUVFFNjBIREdRREJNSDBKTi4u&amp;route=shorturl\" target=\"_blank\" rel=\"noopener\">aqui<\/a>.<\/p>\n<p class=\"wp-block-paragraph\"><strong>Servi\u00e7o \u2013 Exporta SP<\/strong><br \/>Inscri\u00e7\u00f5es abertas at\u00e9 26\/06<br \/>Formato: online e gratuito<br \/>P\u00fablico-alvo: micro, pequenas e m\u00e9dias empresas, startups e produtores rurais do Estado de S\u00e3o Paulo<br \/>Mais informa\u00e7\u00f5es: <a href=\"https:\/\/investsp.org.br\/exportasp\/\" target=\"_blank\" rel=\"noopener\">Exporta SP<\/a><\/p>\n<\/p><\/div>\n<p><br \/>\n<br \/><a href=\"https:\/\/www.agenciasp.sp.gov.br\/investsp-abre-inscricoes-exporta-sp-2026\/\" rel=\"noopener\">Informa\u00e7\u00f5es GOV.SP<\/a><\/p>\n","protected":false},"excerpt":{"rendered":"<p>A InvestSP, ag\u00eancia de promo\u00e7\u00e3o de investimentos vinculada \u00e0 Secretaria de Desenvolvimento Econ\u00f4mico do Estado de S\u00e3o Paulo, recebe inscri\u00e7\u00f5es para a segunda turma de 2026 do Exporta SP at\u00e9 26 de junho. Gratuito, o programa de capacita\u00e7\u00e3o \u00e9 voltado \u00e0 internacionaliza\u00e7\u00e3o de micro, pequenas e m\u00e9dias empresas, startups e produtores rurais paulistas. Realizado de [&hellip;]<\/p>\n","protected":false},"author":1,"featured_media":55358,"comment_status":"","ping_status":"open","sticky":false,"template":"","format":"standard","meta":{"_jetpack_newsletter_access":"","_jetpack_dont_email_post_to_subs":false,"_jetpack_newsletter_tier_id":0,"_jetpack_memberships_contains_paywalled_content":false,"_mbp_banners":[],"_jetpack_feature_clip_id":0,"_jetpack_memberships_contains_paid_content":false,"footnotes":"","jetpack_publicize_message":"","jetpack_publicize_feature_enabled":true,"jetpack_social_post_already_shared":true,"jetpack_social_options":{"image_generator_settings":{"template":"highway","default_image_id":0,"font":"","enabled":false},"version":2},"jetpack_post_was_ever_published":false},"categories":[21],"tags":[],"class_list":["post-67657","post","type-post","status-publish","format-standard","has-post-thumbnail","category-sp-news"],"jetpack_publicize_connections":[],"jetpack-related-posts":[],"jetpack_shortlink":"https:\/\/wp.me\/p7Eq1F-hBf","jetpack_sharing_enabled":true,"jetpack_featured_media_url":"https:\/\/i0.wp.com\/guialimeira.com.br\/news\/wp-content\/uploads\/2026\/02\/Exporta-SP-prazo-de-inscricoes-para-empresas-e-prorrogado-ate.jpg?fit=1024%2C682&ssl=1","_links":{"self":[{"href":"https:\/\/guialimeira.com.br\/news\/wp-json\/wp\/v2\/posts\/67657","targetHints":{"allow":["GET"]}}],"collection":[{"href":"https:\/\/guialimeira.com.br\/news\/wp-json\/wp\/v2\/posts"}],"about":[{"href":"https:\/\/guialimeira.com.br\/news\/wp-json\/wp\/v2\/types\/post"}],"author":[{"embeddable":true,"href":"https:\/\/guialimeira.com.br\/news\/wp-json\/wp\/v2\/users\/1"}],"replies":[{"embeddable":true,"href":"https:\/\/guialimeira.com.br\/news\/wp-json\/wp\/v2\/comments?post=67657"}],"version-history":[{"count":0,"href":"https:\/\/guialimeira.com.br\/news\/wp-json\/wp\/v2\/posts\/67657\/revisions"}],"wp:featuredmedia":[{"embeddable":true,"href":"https:\/\/guialimeira.com.br\/news\/wp-json\/wp\/v2\/media\/55358"}],"wp:attachment":[{"href":"https:\/\/guialimeira.com.br\/news\/wp-json\/wp\/v2\/media?parent=67657"}],"wp:term":[{"taxonomy":"category","embeddable":true,"href":"https:\/\/guialimeira.com.br\/news\/wp-json\/wp\/v2\/categories?post=67657"},{"taxonomy":"post_tag","embeddable":true,"href":"https:\/\/guialimeira.com.br\/news\/wp-json\/wp\/v2\/tags?post=67657"}],"curies":[{"name":"wp","href":"https:\/\/api.w.org\/{rel}","templated":true}]}}