{"id":67653,"date":"2026-06-02T10:56:13","date_gmt":"2026-06-02T13:56:13","guid":{"rendered":"https:\/\/guialimeira.com.br\/maio-amarelo-mobiliza-mais-de-1-500-pessoas-em-limeira\/"},"modified":"2026-06-02T10:56:13","modified_gmt":"2026-06-02T13:56:13","slug":"maio-amarelo-mobiliza-mais-de-1-500-pessoas-em-limeira","status":"publish","type":"post","link":"https:\/\/guialimeira.com.br\/news\/maio-amarelo-mobiliza-mais-de-1-500-pessoas-em-limeira\/","title":{"rendered":"Maio Amarelo mobiliza mais de 1.500 pessoas em Limeira"},"content":{"rendered":"<p> <br \/>\n<\/p>\n<div>\n                <main class=\"\">&#13;<br \/>\n                    &#13;<br \/>\n&#13;<br \/>\n&#13;<br \/>\n&#13;<br \/>\n&#13;<br \/>\n&#13;<br \/>\n    <img data-recalc-dims=\"1\" decoding=\"async\" src=\"https:\/\/i0.wp.com\/ecrie.com.br\/sistema\/conteudos\/imagem\/m_137_1_3_02062026101610.jpg?w=696&#038;ssl=1\" alt=\"Maio Amarelo mobiliza mais de 1.500 pessoas em Limeira\"\/>&#13;<br \/>\n&#13;<br \/>\n&#13;<\/p>\n<p style=\"text-align: justify;\">A campanha Maio Amarelo 2026 mobilizou mais de 1.500 pessoas em Limeira, entre motoristas, motociclistas, pedestres e crian\u00e7as. Com o tema \u201cNo tr\u00e2nsito, enxergar o outro \u00e9 salvar vidas\u201d, a iniciativa promovida pela Prefeitura de Limeira refor\u00e7ou a conscientiza\u00e7\u00e3o sobre a seguran\u00e7a vi\u00e1ria por meio de atividades educativas realizadas ao longo de maio.<\/p>\n<p>&#13;<\/p>\n<p style=\"text-align: justify;\">\u201cO Maio Amarelo \u00e9 uma oportunidade de sensibilizar a popula\u00e7\u00e3o sobre atitudes que salvam vidas. A conscientiza\u00e7\u00e3o precisa acontecer diariamente, e cada cidad\u00e3o tem um papel fundamental na constru\u00e7\u00e3o de um tr\u00e2nsito mais seguro\u201d, destacou o secret\u00e1rio dos Transportes e Mobilidade Urbana, Walter Veneciano.<\/p>\n<p>&#13;<\/p>\n<p style=\"text-align: justify;\">Durante o m\u00eas, agentes de tr\u00e2nsito realizaram barreiras educativas em diversos pontos do munic\u00edpio, orientando condutores e pedestres sobre comportamentos seguros nas vias. As abordagens refor\u00e7aram a import\u00e2ncia do respeito \u00e0 sinaliza\u00e7\u00e3o, aos sem\u00e1foros, aos limites de velocidade e \u00e0s vagas reservadas, al\u00e9m de alertar sobre pr\u00e1ticas que colocam vidas em risco, como as filas duplas.<\/p>\n<p>&#13;<\/p>\n<p style=\"text-align: justify;\">As a\u00e7\u00f5es tamb\u00e9m contemplaram os motociclistas, com orienta\u00e7\u00f5es espec\u00edficas sobre seguran\u00e7a e a distribui\u00e7\u00e3o de antenas corta-pipas, equipamento que ajuda a prevenir acidentes provocados por linhas com cerol. Al\u00e9m disso, materiais informativos foram entregues \u00e0 popula\u00e7\u00e3o e conte\u00fados educativos divulgados nos canais oficiais da Prefeitura.<\/p>\n<p>&#13;<\/p>\n<p style=\"text-align: justify;\">A programa\u00e7\u00e3o ocorreu em locais de grande circula\u00e7\u00e3o, como a Pra\u00e7a Toledo Barros, o Anel Vi\u00e1rio, a Avenida Dr. Lauro Corr\u00eaa da Silva, a Avenida Piracicaba e \u00e1reas pr\u00f3ximas \u00e0s escolas, ampliando o alcance da campanha e levando informa\u00e7\u00f5es diretamente \u00e0 popula\u00e7\u00e3o.<\/p>\n<p>&#13;<\/p>\n<p style=\"text-align: justify;\">Outro destaque foi a Mini Cidade do Tr\u00e2nsito, instalada no Parque Cidade. A atividade recebeu centenas de crian\u00e7as durante os finais de semana de maio e proporcionou aprendizado de forma l\u00fadica e interativa. No espa\u00e7o, os participantes tiveram contato com no\u00e7\u00f5es de cidadania, respeito \u00e0s regras de circula\u00e7\u00e3o e conviv\u00eancia segura no tr\u00e2nsito.<\/p>\n<p>&#13;<br \/>\n&#13;<br \/>\n    &#13;<br \/>\n    &#13;<br \/>\n&#13;<br \/>\n&#13;<\/p>\n<article class=\"conteudo-relacionado no-print\">&#13;<br \/>\n        &#13;<br \/>\n&#13;<br \/>\n        &#13;<br \/>\n    <\/article>\n<p>&#13;<br \/>\n&#13;<br \/>\n                <\/main><\/p><\/div>\n<p><br \/>\n<br \/><a href=\"https:\/\/limeira.sp.gov.br\/maio-amarelo-mobiliza-mais-de-1500-pessoas-em-limeira\" rel=\"noopener\">Informa\u00e7\u00f5es da PML <\/a><\/p>\n","protected":false},"excerpt":{"rendered":"<p>&#13; &#13; &#13; &#13; &#13; &#13; &#13; &#13; &#13; &#13; A campanha Maio Amarelo 2026 mobilizou mais de 1.500 pessoas em Limeira, entre motoristas, motociclistas, pedestres e crian\u00e7as. Com o tema \u201cNo tr\u00e2nsito, enxergar o outro \u00e9 salvar vidas\u201d, a iniciativa promovida pela Prefeitura de Limeira refor\u00e7ou a conscientiza\u00e7\u00e3o sobre a seguran\u00e7a vi\u00e1ria por meio [&hellip;]<\/p>\n","protected":false},"author":1,"featured_media":67654,"comment_status":"","ping_status":"open","sticky":false,"template":"","format":"standard","meta":{"_jetpack_newsletter_access":"","_jetpack_dont_email_post_to_subs":false,"_jetpack_newsletter_tier_id":0,"_jetpack_memberships_contains_paywalled_content":false,"_mbp_banners":[],"_jetpack_feature_clip_id":0,"_jetpack_memberships_contains_paid_content":false,"footnotes":"","jetpack_publicize_message":"","jetpack_publicize_feature_enabled":true,"jetpack_social_post_already_shared":true,"jetpack_social_options":{"image_generator_settings":{"template":"highway","default_image_id":0,"font":"","enabled":false},"version":2},"jetpack_post_was_ever_published":false},"categories":[16],"tags":[],"class_list":["post-67653","post","type-post","status-publish","format-standard","has-post-thumbnail","category-local"],"jetpack_publicize_connections":[],"jetpack-related-posts":[],"jetpack_shortlink":"https:\/\/wp.me\/p7Eq1F-hBb","jetpack_sharing_enabled":true,"jetpack_featured_media_url":"https:\/\/i0.wp.com\/guialimeira.com.br\/news\/wp-content\/uploads\/2026\/06\/m_137_1_3_02062026101610.jpg?fit=1024%2C680&ssl=1","_links":{"self":[{"href":"https:\/\/guialimeira.com.br\/news\/wp-json\/wp\/v2\/posts\/67653","targetHints":{"allow":["GET"]}}],"collection":[{"href":"https:\/\/guialimeira.com.br\/news\/wp-json\/wp\/v2\/posts"}],"about":[{"href":"https:\/\/guialimeira.com.br\/news\/wp-json\/wp\/v2\/types\/post"}],"author":[{"embeddable":true,"href":"https:\/\/guialimeira.com.br\/news\/wp-json\/wp\/v2\/users\/1"}],"replies":[{"embeddable":true,"href":"https:\/\/guialimeira.com.br\/news\/wp-json\/wp\/v2\/comments?post=67653"}],"version-history":[{"count":0,"href":"https:\/\/guialimeira.com.br\/news\/wp-json\/wp\/v2\/posts\/67653\/revisions"}],"wp:featuredmedia":[{"embeddable":true,"href":"https:\/\/guialimeira.com.br\/news\/wp-json\/wp\/v2\/media\/67654"}],"wp:attachment":[{"href":"https:\/\/guialimeira.com.br\/news\/wp-json\/wp\/v2\/media?parent=67653"}],"wp:term":[{"taxonomy":"category","embeddable":true,"href":"https:\/\/guialimeira.com.br\/news\/wp-json\/wp\/v2\/categories?post=67653"},{"taxonomy":"post_tag","embeddable":true,"href":"https:\/\/guialimeira.com.br\/news\/wp-json\/wp\/v2\/tags?post=67653"}],"curies":[{"name":"wp","href":"https:\/\/api.w.org\/{rel}","templated":true}]}}