{"id":67649,"date":"2026-06-02T10:16:10","date_gmt":"2026-06-02T13:16:10","guid":{"rendered":"https:\/\/guialimeira.com.br\/policia-prende-procurado-durante-operacao-mulher-segura\/"},"modified":"2026-06-02T10:16:10","modified_gmt":"2026-06-02T13:16:10","slug":"policia-prende-procurado-durante-operacao-mulher-segura","status":"publish","type":"post","link":"https:\/\/guialimeira.com.br\/news\/policia-prende-procurado-durante-operacao-mulher-segura\/","title":{"rendered":"Pol\u00edcia prende procurado durante Opera\u00e7\u00e3o Mulher Segura"},"content":{"rendered":"<p> <br \/>\n<br \/><img data-recalc-dims=\"1\" decoding=\"async\" src=\"https:\/\/i0.wp.com\/www.agenciasp.sp.gov.br\/wp-content\/uploads\/2026\/03\/00060714-scaled.jpg?w=696&#038;ssl=1\" \/><\/p>\n<div>\n<p class=\"wp-block-paragraph\">A atua\u00e7\u00e3o integrada da Pol\u00edcia Militar de S\u00e3o Paulo e da Pol\u00edcia Civil da Bahia resultou na pris\u00e3o de um homem procurado por homic\u00eddio qualificado e tentativa de homic\u00eddio. Segundo a PM, a den\u00fancia sobre o homem foi feita por uma mulher em situa\u00e7\u00e3o de risco. A a\u00e7\u00e3o ocorreu nesta segunda-feira (1\u00ba), durante a <a href=\"https:\/\/www.agenciasp.sp.gov.br\/operacao-hestia-policia-de-sp-prende-20-procurados-por-agredir-mulheres-na-capital\/\" rel=\"noopener\">segunda fase da Opera\u00e7\u00e3o SP Mulher Segura<\/a>.<\/p>\n<p class=\"wp-block-paragraph\">O apoio come\u00e7ou ap\u00f3s policiais militares acionarem a Sala CIOC (Centro Integrado de Opera\u00e7\u00f5es Coordenadas) para levantar informa\u00e7\u00f5es sobre um homem investigado por um homic\u00eddio consumado e uma tentativa de homic\u00eddio registrados em mar\u00e7o deste ano no munic\u00edpio de Capim Grosso, na Bahia.<\/p>\n<p class=\"wp-block-paragraph\"><strong>LEIA TAMB\u00c9M: <\/strong><a href=\"https:\/\/www.agenciasp.sp.gov.br\/policia-civil-de-sp-prende-4-em-operacao-interestadual-contra-golpistas\/\" rel=\"noopener\">Pol\u00edcia Civil de SP prende 4 em opera\u00e7\u00e3o interestadual contra golpistas<\/a><\/p>\n<p class=\"wp-block-paragraph\">Segundo informa\u00e7\u00f5es de uma denunciante recebidas pela PM, o suspeito teria vindo para o estado de S\u00e3o Paulo. A den\u00fancia foi encaminhada por uma mulher em situa\u00e7\u00e3o de risco, de forma an\u00f4nima, por meio das redes sociais oficiais do batalh\u00e3o.<\/p>\n<p class=\"wp-block-paragraph\">Diante da gravidade da situa\u00e7\u00e3o e da possibilidade de risco iminente \u00e0 mulher, policiais da iniciaram dilig\u00eancias para localizar o investigado e confirmar a exist\u00eancia de mandado judicial. Junto \u00e0 Pol\u00edcia Civil da Bahia, foi poss\u00edvel obter a documenta\u00e7\u00e3o relacionada ao mandado de pris\u00e3o do suspeito.<\/p>\n<p class=\"wp-block-paragraph\">Com isso, agentes da Pol\u00edcia Militar de S\u00e3o Paulo conseguiram localizar e prender o procurado. A ocorr\u00eancia foi registrada como captura de procurado. As investiga\u00e7\u00f5es apontam que os crimes teriam rela\u00e7\u00e3o com o tr\u00e1fico de drogas. Segundo informa\u00e7\u00f5es compartilhadas entre as for\u00e7as de seguran\u00e7a, o investigado tamb\u00e9m possui v\u00ednculos com organiza\u00e7\u00e3o criminosa.<\/p>\n<h3 class=\"wp-block-heading\">Den\u00fancia e prote\u00e7\u00e3o \u00e0 mulher<\/h3>\n<p class=\"wp-block-paragraph\">A ocorr\u00eancia tamb\u00e9m refor\u00e7ou a import\u00e2ncia dos canais de den\u00fancia e das ferramentas de intelig\u00eancia utilizadas pelas for\u00e7as de seguran\u00e7a. Informa\u00e7\u00f5es encaminhadas por cidad\u00e3os, inclusive pelo Disque-Den\u00fancia 181, ajudaram no trabalho policial e contribu\u00edram para a r\u00e1pida resposta das equipes.<\/p>\n<p class=\"wp-block-paragraph\"><strong>LEIA TAMB\u00c9M: <\/strong><a href=\"https:\/\/www.agenciasp.sp.gov.br\/rede-de-protecao-24h-mulheres\/\" rel=\"noopener\">Conhe\u00e7a a rede de prote\u00e7\u00e3o \u00e0s mulheres que funciona 24 horas em S\u00e3o Paulo<\/a><\/p>\n<p class=\"wp-block-paragraph\">A Opera\u00e7\u00e3o SP Mulher Segura re\u00fane a\u00e7\u00f5es de policiamento, acolhimento e preven\u00e7\u00e3o voltadas \u00e0 prote\u00e7\u00e3o das mulheres em situa\u00e7\u00e3o de viol\u00eancia, al\u00e9m do combate a criminosos envolvidos em casos de amea\u00e7a, agress\u00e3o e feminic\u00eddio.<\/p>\n<\/p><\/div>\n<p><br \/>\n<br \/><a href=\"https:\/\/www.agenciasp.sp.gov.br\/policia-prende-procurado-mulher-segura\/\" rel=\"noopener\">Informa\u00e7\u00f5es GOV.SP<\/a><\/p>\n","protected":false},"excerpt":{"rendered":"<p>A atua\u00e7\u00e3o integrada da Pol\u00edcia Militar de S\u00e3o Paulo e da Pol\u00edcia Civil da Bahia resultou na pris\u00e3o de um homem procurado por homic\u00eddio qualificado e tentativa de homic\u00eddio. Segundo a PM, a den\u00fancia sobre o homem foi feita por uma mulher em situa\u00e7\u00e3o de risco. A a\u00e7\u00e3o ocorreu nesta segunda-feira (1\u00ba), durante a segunda [&hellip;]<\/p>\n","protected":false},"author":1,"featured_media":57223,"comment_status":"","ping_status":"open","sticky":false,"template":"","format":"standard","meta":{"_jetpack_newsletter_access":"","_jetpack_dont_email_post_to_subs":false,"_jetpack_newsletter_tier_id":0,"_jetpack_memberships_contains_paywalled_content":false,"_mbp_banners":[],"_jetpack_feature_clip_id":0,"_jetpack_memberships_contains_paid_content":false,"footnotes":"","jetpack_publicize_message":"","jetpack_publicize_feature_enabled":true,"jetpack_social_post_already_shared":true,"jetpack_social_options":{"image_generator_settings":{"template":"highway","default_image_id":0,"font":"","enabled":false},"version":2},"jetpack_post_was_ever_published":false},"categories":[21],"tags":[],"class_list":["post-67649","post","type-post","status-publish","format-standard","has-post-thumbnail","category-sp-news"],"jetpack_publicize_connections":[],"jetpack-related-posts":[],"jetpack_shortlink":"https:\/\/wp.me\/p7Eq1F-hB7","jetpack_sharing_enabled":true,"jetpack_featured_media_url":"https:\/\/i0.wp.com\/guialimeira.com.br\/news\/wp-content\/uploads\/2026\/03\/Policia-Militar-de-SP-prende-segundo-envolvido-em-roubo-com.jpg?fit=2560%2C1760&ssl=1","_links":{"self":[{"href":"https:\/\/guialimeira.com.br\/news\/wp-json\/wp\/v2\/posts\/67649","targetHints":{"allow":["GET"]}}],"collection":[{"href":"https:\/\/guialimeira.com.br\/news\/wp-json\/wp\/v2\/posts"}],"about":[{"href":"https:\/\/guialimeira.com.br\/news\/wp-json\/wp\/v2\/types\/post"}],"author":[{"embeddable":true,"href":"https:\/\/guialimeira.com.br\/news\/wp-json\/wp\/v2\/users\/1"}],"replies":[{"embeddable":true,"href":"https:\/\/guialimeira.com.br\/news\/wp-json\/wp\/v2\/comments?post=67649"}],"version-history":[{"count":0,"href":"https:\/\/guialimeira.com.br\/news\/wp-json\/wp\/v2\/posts\/67649\/revisions"}],"wp:featuredmedia":[{"embeddable":true,"href":"https:\/\/guialimeira.com.br\/news\/wp-json\/wp\/v2\/media\/57223"}],"wp:attachment":[{"href":"https:\/\/guialimeira.com.br\/news\/wp-json\/wp\/v2\/media?parent=67649"}],"wp:term":[{"taxonomy":"category","embeddable":true,"href":"https:\/\/guialimeira.com.br\/news\/wp-json\/wp\/v2\/categories?post=67649"},{"taxonomy":"post_tag","embeddable":true,"href":"https:\/\/guialimeira.com.br\/news\/wp-json\/wp\/v2\/tags?post=67649"}],"curies":[{"name":"wp","href":"https:\/\/api.w.org\/{rel}","templated":true}]}}