{"id":67647,"date":"2026-06-02T09:47:51","date_gmt":"2026-06-02T12:47:51","guid":{"rendered":"https:\/\/guialimeira.com.br\/corpus-christi-veja-o-que-abre-e-o-que-fecha-no-feriado-de-quinta-4-e-no-ponto-facultativo-de-sexta-5-em-limeira\/"},"modified":"2026-06-02T09:47:51","modified_gmt":"2026-06-02T12:47:51","slug":"corpus-christi-veja-o-que-abre-e-o-que-fecha-no-feriado-de-quinta-4-e-no-ponto-facultativo-de-sexta-5-em-limeira","status":"publish","type":"post","link":"https:\/\/guialimeira.com.br\/news\/corpus-christi-veja-o-que-abre-e-o-que-fecha-no-feriado-de-quinta-4-e-no-ponto-facultativo-de-sexta-5-em-limeira\/","title":{"rendered":"Corpus Christi: veja o que abre e o que fecha no feriado de quinta (4) e no ponto facultativo de sexta (5) em Limeira"},"content":{"rendered":"<p> <br \/>\n<\/p>\n<div id=\"\">&#13;<br \/>\n                    &#13;<br \/>\n&#13;<br \/>\n&#13;<br \/>\n&#13;<br \/>\n&#13;<br \/>\n&#13;<br \/>\n    <img data-recalc-dims=\"1\" decoding=\"async\" src=\"https:\/\/i0.wp.com\/ecrie.com.br\/sistema\/conteudos\/imagem\/m_137_0_1_20082025090812.jpg?w=696&#038;ssl=1\" alt=\"Corpus Christi: veja o que abre e o que fecha no feriado de quinta (4) e no ponto facultativo de sexta (5) em Limeira\"\/>&#13;<br \/>\n&#13;<br \/>\n&#13;<\/p>\n<p>\u00a0<\/p>\n<p>&#13;<\/p>\n<p style=\"text-align: justify;\"><span style=\"font-family: Arial, sans-serif;\"><span style=\"font-size: medium;\">Os servi\u00e7os da Prefeitura de Limeira ter\u00e3o altera\u00e7\u00f5es nesta <\/span><span style=\"font-size: medium;\">quinta<\/span><span style=\"font-size: medium;\">-feira (<\/span><span style=\"font-size: medium;\">4), feriado de Corpus Chr<\/span><span style=\"font-size: medium;\">i<\/span><span style=\"font-size: medium;\">sti, e <\/span><span style=\"font-size: medium;\">na<\/span><span style=\"font-size: medium;\"> sexta-feira (5), ponto facultativo.<\/span><span style=\"font-size: medium;\"> As atividades essenciais funcionar\u00e3o normalmente, como Farm\u00e1cia Municipal, coleta de lixo, UPA 24 horas Ab\u00edlio Pedro, Prontos Atendimentos e Centro de Sa\u00fade da Crian\u00e7a. <\/span><span style=\"font-size: medium;\">E<\/span><span style=\"font-size: medium;\">spa\u00e7os de lazer, como o Parque Cidade, o Bosque Prefeita Maria Thereza e o Horto Florestal, tamb\u00e9m estar\u00e3o abertos no hor\u00e1rio habitual. <\/span><\/span><\/p>\n<p>&#13;<\/p>\n<p style=\"text-align: justify;\"><span style=\"font-family: Arial, sans-serif;\"><span style=\"font-size: medium;\">Por outro lado, <\/span><span style=\"font-size: medium;\">Bom Prato, escolas municipais, <\/span><span style=\"font-size: medium;\">Unidades B\u00e1sicas de Sa\u00fade (UBSs), Policl\u00ednica, Caps e Semil permanecer\u00e3o fechados durante o per\u00edodo. Para informa\u00e7\u00f5es sobre os servi\u00e7os municipais, a popula\u00e7\u00e3o pode recorrer \u00e0 Lia, a assistente virtual da Prefeitura, dispon\u00edvel 24 horas por dia. O atendimento \u00e9 realizado pelo WhatsApp, pelo n\u00famero (19) 98416-0156.<\/span><\/span><\/p>\n<p>&#13;<\/p>\n<p style=\"text-align: justify;\">\u00a0<\/p>\n<p>&#13;<\/p>\n<p style=\"text-align: justify;\"><span style=\"font-family: Arial, sans-serif;\"><span style=\"font-size: medium;\"><u><strong>Confira o que abre e o que fecha<\/strong><\/u><\/span><span style=\"font-size: medium;\">:<\/span><\/span><\/p>\n<p>&#13;<\/p>\n<p style=\"text-align: justify;\">\u00a0<\/p>\n<p>&#13;<\/p>\n<p style=\"text-align: justify;\"><span style=\"font-family: Arial, sans-serif;\"><span style=\"font-size: medium;\">&#8211; Ambulat\u00f3rio de Especialidades Rubi: fechado quinta e sexta.<\/span><\/span><\/p>\n<p>&#13;<\/p>\n<p style=\"text-align: justify;\"><span style=\"font-family: Arial, sans-serif;\"><span style=\"font-size: medium;\">&#8211; Biblioteca Municipal \/ Biblioteca CEU das Artes \u2013 Geada: fechadas.<\/span><\/span><\/p>\n<p>&#13;<\/p>\n<p style=\"text-align: justify;\"><span style=\"font-family: Arial, sans-serif;\"><span style=\"font-size: medium;\">&#8211; Bom Prato \/ Bom Prato M\u00f3vel (Jd. Bar\u00e3o de Limeira): fechados quinta e sexta para manuten\u00e7\u00e3o.<\/span><\/span><\/p>\n<p>&#13;<\/p>\n<p style=\"text-align: justify;\"><span style=\"font-family: Arial, sans-serif;\"><span style=\"font-size: medium;\">&#8211; Bosque Prefeita Maria Thereza: aberto.<\/span><\/span><\/p>\n<p>&#13;<\/p>\n<p style=\"text-align: justify;\"><span style=\"font-family: Arial, sans-serif;\"><span style=\"font-size: medium;\">Obs.: Port\u00e3o C, na Rua Boa Morte, fechado temporariamente para manuten\u00e7\u00e3o. Port\u00e3o A (Rua Roberto Mange, 115) e Port\u00e3o B (Rua Tupinamb\u00e1s, s\/n) seguem abertos normalmente.<\/span><\/span><\/p>\n<p>&#13;<\/p>\n<p style=\"text-align: justify;\"><span style=\"font-family: Arial, sans-serif;\"><span style=\"font-size: medium;\">&#8211; Caps AD \/ Caps IJ \/ Caps II \/ Casm \/ Centro de Sa\u00fade Mental \/ Cema \/ Centro de Sa\u00fade Bucal \/ Centro de Terapias Integradas: fechados.<\/span><\/span><\/p>\n<p>&#13;<\/p>\n<p style=\"text-align: justify;\"><span style=\"font-family: Arial, sans-serif;\"><span style=\"font-size: medium;\">&#8211; Central de Ambul\u00e2ncias: fechada, apenas viagens j\u00e1 agendadas e altas hospitalares ser\u00e3o realizadas.<\/span><\/span><\/p>\n<p>&#13;<\/p>\n<p style=\"text-align: justify;\"><span style=\"font-family: Arial, sans-serif;\"><span style=\"font-size: medium;\">&#8211; Centro de Ci\u00eancias e Cultura: fechado.<\/span><\/span><\/p>\n<p>&#13;<\/p>\n<p style=\"text-align: justify;\"><span style=\"font-family: Arial, sans-serif;\"><span style=\"font-size: medium;\">&#8211; Centro de Sa\u00fade da Crian\u00e7a (Hospital da Crian\u00e7a): aberto 24 horas, todos os dias.<\/span><\/span><\/p>\n<p>&#13;<\/p>\n<p style=\"text-align: justify;\"><span style=\"font-family: Arial, sans-serif;\"><span style=\"font-size: medium;\">&#8211; Cl\u00ednica Veterin\u00e1ria Municipal (Espa\u00e7o Amigo PET): fechada quinta e sexta.<\/span><\/span><\/p>\n<p>&#13;<\/p>\n<p style=\"text-align: justify;\"><span style=\"font-family: Arial, sans-serif;\"><span style=\"font-size: medium;\">&#8211; Coleta de lixo: ocorre normalmente, tanto na quinta quanto na sexta.<\/span><\/span><\/p>\n<p>&#13;<\/p>\n<p style=\"text-align: justify;\"><span style=\"font-family: Arial, sans-serif;\"><span style=\"font-size: medium;\">&#8211; Defesa Civil: atende 24 horas pelo telefone 3443-2187, que tamb\u00e9m funciona como WhatsApp.<\/span><\/span><\/p>\n<p>&#13;<\/p>\n<p style=\"text-align: justify;\"><span style=\"font-family: Arial, sans-serif;\"><span style=\"font-size: medium;\">&#8211; Divis\u00e3o de Controle de Zoonoses: fechada quinta e sexta.<\/span><\/span><\/p>\n<p>&#13;<\/p>\n<p style=\"text-align: justify;\"><span style=\"font-family: Arial, sans-serif;\"><span style=\"font-size: medium;\">&#8211; Divis\u00e3o de Vigil\u00e2ncia Sanit\u00e1ria: fechada quinta e sexta.<\/span><\/span><\/p>\n<p>&#13;<\/p>\n<p style=\"text-align: justify;\"><span style=\"font-family: Arial, sans-serif;\"><span style=\"font-size: medium;\">&#8211; Divis\u00e3o de Vigil\u00e2ncia Epidemiol\u00f3gica: fechada quinta e sexta.<\/span><\/span><\/p>\n<p>&#13;<\/p>\n<p style=\"text-align: justify;\"><span style=\"font-family: Arial, sans-serif;\"><span style=\"font-size: medium;\">&#8211; Divis\u00e3o de Sa\u00fade do Trabalhador: fechada quinta e sexta.<\/span><\/span><\/p>\n<p>&#13;<\/p>\n<p style=\"text-align: justify;\"><span style=\"font-family: Arial, sans-serif;\"><span style=\"font-size: medium;\">&#8211; Escolas Municipais: fechadas quinta e sexta.<\/span><\/span><\/p>\n<p>&#13;<\/p>\n<p style=\"text-align: justify;\"><span style=\"font-family: Arial, sans-serif;\"><span style=\"font-size: medium;\">&#8211; Espa\u00e7o Fam\u00edlia Azul: fechado quinta e sexta.<\/span><\/span><\/p>\n<p>&#13;<\/p>\n<p style=\"text-align: justify;\"><span style=\"font-family: Arial, sans-serif;\"><span style=\"font-size: medium;\">&#8211; Farm\u00e1cia de Alto Custo e Farm\u00e1cia de Sa\u00fade Mental: fechadas quinta e sexta.<\/span><\/span><\/p>\n<p>&#13;<\/p>\n<p style=\"text-align: justify;\"><span style=\"font-family: Arial, sans-serif;\"><span style=\"font-size: medium;\">&#8211; Farm\u00e1cia Municipal: na quinta, no s\u00e1bado (6) e no domingo (7), aberta das 8h \u00e0s 18h, na sexta, das 8h \u00e0s 22h.<br \/>&#8211; Feiras Livres: funcionam normalmente na quinta e na sexta.<\/span><\/span><\/p>\n<p>&#13;<\/p>\n<p style=\"text-align: justify;\"><span style=\"font-family: Arial, sans-serif;\"><span style=\"font-size: medium;\">&#8211; Guarda Civil Municipal (GCM) e Patrulha Maria da Penha: atendem 24 horas pelo telefone 153.<\/span><\/span><\/p>\n<p>&#13;<\/p>\n<p style=\"text-align: justify;\"><span style=\"font-family: Arial, sans-serif;\"><span style=\"font-size: medium;\">&#8211; Horto Florestal: aberto quinta e sexta.<\/span><\/span><\/p>\n<p>&#13;<\/p>\n<p style=\"text-align: justify;\"><span style=\"font-family: Arial, sans-serif;\"><span style=\"font-size: medium;\">&#8211; Laborat\u00f3rio Municipal: fechado quinta e sexta.<\/span><\/span><\/p>\n<p>&#13;<\/p>\n<p style=\"text-align: justify;\"><span style=\"font-family: Arial, sans-serif;\"><span style=\"font-size: medium;\">&#8211; Pa\u00e7o Municipal: fechado.<\/span><\/span><\/p>\n<p>&#13;<\/p>\n<p style=\"text-align: justify;\"><span style=\"font-family: Arial, sans-serif;\"><span style=\"font-size: medium;\">&#8211; Parque Cidade: aberto.<\/span><\/span><\/p>\n<p>&#13;<\/p>\n<p style=\"text-align: justify;\"><span style=\"font-family: Arial, sans-serif;\"><span style=\"font-size: medium;\">&#8211; PAT \/ Procon \/ Banco do Povo: fechados quinta e sexta.<\/span><\/span><\/p>\n<p>&#13;<\/p>\n<p style=\"text-align: justify;\"><span style=\"font-family: Arial, sans-serif;\"><span style=\"font-size: medium;\">&#8211; Policl\u00ednica: fechada quinta e sexta.<\/span><\/span><\/p>\n<p>&#13;<\/p>\n<p style=\"text-align: justify;\"><span style=\"font-family: Arial, sans-serif;\"><span style=\"font-size: medium;\">&#8211; Seprosom: fechada quinta e sexta.<\/span><\/span><\/p>\n<p>&#13;<\/p>\n<p style=\"text-align: justify;\"><span style=\"font-family: Arial, sans-serif;\"><span style=\"font-size: medium;\">&#8211; Servi\u00e7o de Atendimento M\u00f3vel de Urg\u00eancia (Samu): atende 24 horas, todos os dias.<\/span><\/span><\/p>\n<p>&#13;<\/p>\n<p style=\"text-align: justify;\"><span style=\"font-family: Arial, sans-serif;\"><span style=\"font-size: medium;\">&#8211; Servi\u00e7o Especializado em Mol\u00e9stias Infectocontagiosas (Semil): fechado quinta e sexta.<\/span><\/span><\/p>\n<p>&#13;<\/p>\n<p style=\"text-align: justify;\"><span style=\"font-family: Arial, sans-serif;\"><span style=\"font-size: medium;\">&#8211; Unidades B\u00e1sicas de Sa\u00fade (UBSs): fechadas quinta e sexta.<\/span><\/span><\/p>\n<p>&#13;<\/p>\n<p style=\"text-align: justify;\"><span style=\"font-family: Arial, sans-serif;\"><span style=\"font-size: medium;\">&#8211; UPA 24h Ab\u00edlio Pedro e Prontos Atendimentos: abertos 24 horas, todos os dias.<\/span><\/span><\/p>\n<p>&#13;<\/p>\n<p style=\"text-align: justify;\">\u00a0<\/p>\n<p>&#13;<\/p>\n<p style=\"text-align: justify;\">\u00a0<\/p>\n<p>&#13;<\/p>\n<p style=\"text-align: justify;\">\u00a0<\/p>\n<p>&#13;<br \/>\n&#13;<br \/>\n&#13;<br \/>\n&#13;<\/p>\n<article class=\"conteudo-relacionado no-print\">&#13;<br \/>\n        &#13;<br \/>\n&#13;<br \/>\n        &#13;<br \/>\n    <\/article>\n<p>&#13;<br \/>\n&#13;\n                <\/p><\/div>\n<p><br \/>\n<br \/><a href=\"https:\/\/limeira.sp.gov.br\/corpus-christi-veja-o-que-abre-e-o-que-fecha-no-feriado-de-quinta-4-e-no-ponto-facultativo-de-sexta-5-em-limeira\" rel=\"noopener\">Informa\u00e7\u00f5es da PML <\/a><\/p>\n","protected":false},"excerpt":{"rendered":"<p>&#13; &#13; &#13; &#13; &#13; &#13; &#13; &#13; &#13; &#13; \u00a0 &#13; Os servi\u00e7os da Prefeitura de Limeira ter\u00e3o altera\u00e7\u00f5es nesta quinta-feira (4), feriado de Corpus Christi, e na sexta-feira (5), ponto facultativo. As atividades essenciais funcionar\u00e3o normalmente, como Farm\u00e1cia Municipal, coleta de lixo, UPA 24 horas Ab\u00edlio Pedro, Prontos Atendimentos e Centro de Sa\u00fade [&hellip;]<\/p>\n","protected":false},"author":1,"featured_media":41782,"comment_status":"","ping_status":"open","sticky":false,"template":"","format":"standard","meta":{"_jetpack_newsletter_access":"","_jetpack_dont_email_post_to_subs":false,"_jetpack_newsletter_tier_id":0,"_jetpack_memberships_contains_paywalled_content":false,"_mbp_banners":[],"_jetpack_feature_clip_id":0,"_jetpack_memberships_contains_paid_content":false,"footnotes":"","jetpack_publicize_message":"","jetpack_publicize_feature_enabled":true,"jetpack_social_post_already_shared":true,"jetpack_social_options":{"image_generator_settings":{"template":"highway","default_image_id":0,"font":"","enabled":false},"version":2},"jetpack_post_was_ever_published":false},"categories":[16],"tags":[],"class_list":["post-67647","post","type-post","status-publish","format-standard","has-post-thumbnail","category-local"],"jetpack_publicize_connections":[],"jetpack-related-posts":[],"jetpack_shortlink":"https:\/\/wp.me\/p7Eq1F-hB5","jetpack_sharing_enabled":true,"jetpack_featured_media_url":"https:\/\/i0.wp.com\/guialimeira.com.br\/news\/wp-content\/uploads\/2025\/08\/m_137_0_1_20082025090812.jpg?fit=900%2C598&ssl=1","_links":{"self":[{"href":"https:\/\/guialimeira.com.br\/news\/wp-json\/wp\/v2\/posts\/67647","targetHints":{"allow":["GET"]}}],"collection":[{"href":"https:\/\/guialimeira.com.br\/news\/wp-json\/wp\/v2\/posts"}],"about":[{"href":"https:\/\/guialimeira.com.br\/news\/wp-json\/wp\/v2\/types\/post"}],"author":[{"embeddable":true,"href":"https:\/\/guialimeira.com.br\/news\/wp-json\/wp\/v2\/users\/1"}],"replies":[{"embeddable":true,"href":"https:\/\/guialimeira.com.br\/news\/wp-json\/wp\/v2\/comments?post=67647"}],"version-history":[{"count":0,"href":"https:\/\/guialimeira.com.br\/news\/wp-json\/wp\/v2\/posts\/67647\/revisions"}],"wp:featuredmedia":[{"embeddable":true,"href":"https:\/\/guialimeira.com.br\/news\/wp-json\/wp\/v2\/media\/41782"}],"wp:attachment":[{"href":"https:\/\/guialimeira.com.br\/news\/wp-json\/wp\/v2\/media?parent=67647"}],"wp:term":[{"taxonomy":"category","embeddable":true,"href":"https:\/\/guialimeira.com.br\/news\/wp-json\/wp\/v2\/categories?post=67647"},{"taxonomy":"post_tag","embeddable":true,"href":"https:\/\/guialimeira.com.br\/news\/wp-json\/wp\/v2\/tags?post=67647"}],"curies":[{"name":"wp","href":"https:\/\/api.w.org\/{rel}","templated":true}]}}