{"id":67641,"date":"2026-06-02T09:20:49","date_gmt":"2026-06-02T12:20:49","guid":{"rendered":"https:\/\/guialimeira.com.br\/proposta-que-institui-festival-de-cultura-e-gastronomia-oriental-e-aprovada-pela-camara\/"},"modified":"2026-06-02T09:20:49","modified_gmt":"2026-06-02T12:20:49","slug":"proposta-que-institui-festival-de-cultura-e-gastronomia-oriental-e-aprovada-pela-camara","status":"publish","type":"post","link":"https:\/\/guialimeira.com.br\/news\/proposta-que-institui-festival-de-cultura-e-gastronomia-oriental-e-aprovada-pela-camara\/","title":{"rendered":"Proposta que institui Festival de Cultura e Gastronomia Oriental \u00e9 aprovada pela C\u00e2mara"},"content":{"rendered":"<p>Proposta que institui Festival de Cultura e Gastronomia Oriental \u00e9 aprovada pela C\u00e2mara<\/p>\n<p>O vereador M\u00e1rcio do Estacionamento (DC) \u00e9 o autor do Projeto de Lei N\u00ba 270\/2025, que foi aprovado durante a sess\u00e3o ordin\u00e1ria da C\u00e2mara Municipal desta segunda-feira, 1\u00b0de junho. A propositura institui no Calend\u00e1rio Oficial do Munic\u00edpio a Limeira Matsuri, Festival de Cultura e Gastronomia Oriental, de forma anual, sendo realizada na primeira quinzena do m\u00eas de novembro.<\/p>\n<p>Segundo a proposta, o objetivo \u00e9 atender a um projeto da comunidade japonesa em Limeira, com participa\u00e7\u00e3o das comunidades de outros munic\u00edpios. O evento contar\u00e1 com programa\u00e7\u00f5es art\u00edsticas e culturais, palestras, apresenta\u00e7\u00f5es de shows musicais com artistas reconhecidos dentro da comunidade Nikkei e outras atividades relacionadas \u00e0 cultura japonesa.<\/p>\n<p>O evento contar\u00e1 com uma pra\u00e7a de alimenta\u00e7\u00e3o com barracas diversas da gastronomia japonesa, al\u00e9m de um espa\u00e7o para os expositores de grandes marcas.<\/p>\n<p>O autor do projeto destacou que o objetivo \u00e9 manter viva a tradi\u00e7\u00e3o japonesa com seus rituais e proporcionar aos mun\u00edcipes um evento com experi\u00eancia imersiva nas culturas do Jap\u00e3o.<\/p>\n<hr>\n<p><em>Fonte: <a href=\"https:\/\/www.limeira.sp.leg.br\/noticias\/view\/2026-06-02_proposta-que-institui-festival-de-cultura-e-gastronomia-oriental-e-aprovada-pela-camara\" target=\"_blank\" rel=\"noopener\">C\u00e2mara Municipal de Limeira<\/a><\/em><\/p>\n","protected":false},"excerpt":{"rendered":"<p>Proposta que institui Festival de Cultura e Gastronomia Oriental \u00e9 aprovada pela C\u00e2mara<\/p>\n<p>O vereador M\u00e1rcio do Estacionamento (DC) \u00e9 o autor do Projeto de Lei N\u00ba 270\/2025, que foi aprovado durante a sess\u00e3o ordin\u00e1ria da C\u00e2mara Municipal desta segunda-feira, 1\u00b0de junho. A propositura institui no Calend<\/p>\n","protected":false},"author":4,"featured_media":67640,"comment_status":"","ping_status":"open","sticky":false,"template":"","format":"standard","meta":{"_jetpack_newsletter_access":"","_jetpack_dont_email_post_to_subs":false,"_jetpack_newsletter_tier_id":0,"_jetpack_memberships_contains_paywalled_content":false,"_mbp_banners":[],"_jetpack_feature_clip_id":0,"_jetpack_memberships_contains_paid_content":false,"footnotes":"","jetpack_publicize_message":"","jetpack_publicize_feature_enabled":true,"jetpack_social_post_already_shared":true,"jetpack_social_options":{"image_generator_settings":{"template":"highway","default_image_id":0,"font":"","enabled":false},"version":2},"jetpack_post_was_ever_published":false},"categories":[19],"tags":[],"class_list":["post-67641","post","type-post","status-publish","format-standard","has-post-thumbnail","category-politica"],"jetpack_publicize_connections":[],"jetpack-related-posts":[],"jetpack_shortlink":"https:\/\/wp.me\/p7Eq1F-hAZ","jetpack_sharing_enabled":true,"jetpack_featured_media_url":"https:\/\/i0.wp.com\/guialimeira.com.br\/news\/wp-content\/uploads\/2026\/06\/noticia-camara-7.jpg?fit=1280%2C640&ssl=1","_links":{"self":[{"href":"https:\/\/guialimeira.com.br\/news\/wp-json\/wp\/v2\/posts\/67641","targetHints":{"allow":["GET"]}}],"collection":[{"href":"https:\/\/guialimeira.com.br\/news\/wp-json\/wp\/v2\/posts"}],"about":[{"href":"https:\/\/guialimeira.com.br\/news\/wp-json\/wp\/v2\/types\/post"}],"author":[{"embeddable":true,"href":"https:\/\/guialimeira.com.br\/news\/wp-json\/wp\/v2\/users\/4"}],"replies":[{"embeddable":true,"href":"https:\/\/guialimeira.com.br\/news\/wp-json\/wp\/v2\/comments?post=67641"}],"version-history":[{"count":0,"href":"https:\/\/guialimeira.com.br\/news\/wp-json\/wp\/v2\/posts\/67641\/revisions"}],"wp:featuredmedia":[{"embeddable":true,"href":"https:\/\/guialimeira.com.br\/news\/wp-json\/wp\/v2\/media\/67640"}],"wp:attachment":[{"href":"https:\/\/guialimeira.com.br\/news\/wp-json\/wp\/v2\/media?parent=67641"}],"wp:term":[{"taxonomy":"category","embeddable":true,"href":"https:\/\/guialimeira.com.br\/news\/wp-json\/wp\/v2\/categories?post=67641"},{"taxonomy":"post_tag","embeddable":true,"href":"https:\/\/guialimeira.com.br\/news\/wp-json\/wp\/v2\/tags?post=67641"}],"curies":[{"name":"wp","href":"https:\/\/api.w.org\/{rel}","templated":true}]}}