{"id":67635,"date":"2026-06-02T09:10:56","date_gmt":"2026-06-02T12:10:56","guid":{"rendered":"https:\/\/guialimeira.com.br\/camara-de-limeira-aprova-homenagens-a-municipes-durante-sessao-ordinaria\/"},"modified":"2026-06-02T09:10:56","modified_gmt":"2026-06-02T12:10:56","slug":"camara-de-limeira-aprova-homenagens-a-municipes-durante-sessao-ordinaria","status":"publish","type":"post","link":"https:\/\/guialimeira.com.br\/news\/camara-de-limeira-aprova-homenagens-a-municipes-durante-sessao-ordinaria\/","title":{"rendered":"C\u00e2mara de Limeira aprova homenagens a mun\u00edcipes durante sess\u00e3o ordin\u00e1ria"},"content":{"rendered":"<p>C\u00e2mara de Limeira aprova homenagens a mun\u00edcipes durante sess\u00e3o ordin\u00e1ria<\/p>\n<p>Na sess\u00e3o ordin\u00e1ria desta segunda-feira, 1\u00ba de junho, cinco homenagens foram aprovadas em Plen\u00e1rio. As propostas concedem t\u00edtulos de cidad\u00e3os limeirenses, Diploma de Gratid\u00e3o e Diploma Honra e Bravura, e imortaliza o nome de um mun\u00edcipe em uma via da cidade. As proposituras s\u00e3o de autoria dos vereadores M\u00e1rcio do Estacionamento (DC), Everton Ferreira (PSD), Felipe Penedo (PL) e Bruna Magalh\u00e3es.<\/p>\n<p>Josiane Cristina dos Santos Alves Silvestrini<\/p>\n<p>O Projeto de Decreto Legislativo N\u00ba 7\/2025 concede o Diploma de Gratid\u00e3o da Cidade de Limeira e a Medalha M\u00e9rito C\u00edvico 15 de Setembro \u201cOrdem de Tatuibi\u201d a Josiane Cristina dos Santos Alves Silvestrini. A propositura \u00e9 de autoria do vereador M\u00e1rcio do Estacionamento (DC).<\/p>\n<p>De acordo com o projeto, a mun\u00edcipe atua como protetora da causa animal h\u00e1 35 anos, realizando trabalhos de castra\u00e7\u00e3o, microchipagem, resgate, tratamento, cirurgias e reabilita\u00e7\u00e3o de animais abandonados ou necessitados, utilizando recursos pr\u00f3prios e de forma independente.<\/p>\n<p>O autor destacou que Josiane apoia e atua voluntariamente em a\u00e7\u00f5es e resgates emergenciais da Associa\u00e7\u00e3o Limeirense de Prote\u00e7\u00e3o aos Animais (Alpa) e tamb\u00e9m \u00e9 embaixadora em Limeira do movimento \u201cCadeia para Maus Tratos\u201d, na qual atende presencialmente mun\u00edcipes com demandas sobre crimes e maus-tratos aos animais.<\/p>\n<p>Em justificativa do projeto, o vereador ressaltou que Josiane sempre trabalhou de forma intensa, com muito amor e empenho na comunidade de protetores animais independentes. \u201cEssa experi\u00eancia refor\u00e7ou a sua convic\u00e7\u00e3o de que pol\u00edticas p\u00fablicas bem estruturadas podem, sim, salvar vidas e transformar realidades\u201d, finalizou M\u00e1rcio do Estacionamento.<\/p>\n<p>D\u00e2maris Ambrosino de Mesquita<\/p>\n<p>Por meio do Projeto de Decreto Legislativo N\u00ba 11\/2026, de autoria da vereadora Bruna Magalh\u00e3es (PRTB), D\u00e2maris Ambrosino de Mesquita receber\u00e1 o T\u00edtulo de Cidad\u00e3 Limeirense em reconhecimento \u00e0 valoriza\u00e7\u00e3o da mulher, fortalecimento de fam\u00edlias e promo\u00e7\u00e3o do bem-estar social em Limeira.<\/p>\n<p>Nascida em Ibat\u00e9 (SP), a homenageada possui forma\u00e7\u00e3o em administra\u00e7\u00e3o de empresas pela Faculdade de Sa\u00fade P\u00fablica (FSP\/UNIP). Atuou por 14 anos no mercado financeiro, per\u00edodo em que desenvolveu habilidades de gest\u00e3o, organiza\u00e7\u00e3o e lideran\u00e7a, posteriormente direcionadas \u00e0 atua\u00e7\u00e3o social e comunit\u00e1ria.<\/p>\n<p>De acordo com Bruna, D\u00e2maris conduz a\u00e7\u00f5es pr\u00e1ticas e cont\u00ednuas de apoio a mulheres, por meio de encontros, mentorias e acompanhamentos individuais, voltados ao fortalecimento emocional, resgate da autoestima e reconstru\u00e7\u00e3o de v\u00ednculos pessoais e familiares. Ela tamb\u00e9m \u00e9 autora do livro \u201cQuando uma Mulher se Levanta\u201d, obra que tem sido utilizada como ferramenta de apoio em encontros e projetos, contribuindo para o desenvolvimento pessoal e social das participantes, com reflexos diretos na din\u00e2mica familiar e comunit\u00e1ria.<\/p>\n<p>Mateus Marcos de Mesquita<\/p>\n<p>Com impacto social efetivo, especialmente nas \u00e1reas de fortalecimento familiar, apoio emocional e promo\u00e7\u00e3o de valores sociais, Mateus Marcos de Mesquita, receber\u00e1 o T\u00edtulo de Cidad\u00e3o Limeirense por meio do Projeto de Decreto Legislativo N\u00ba 10\/2026, tamb\u00e9m de autoria da vereadora Bruna Magalh\u00e3es.<\/p>\n<p>Natural de Macatuba (SP), Mateus possui forma\u00e7\u00e3o em ci\u00eancias cont\u00e1beis pela Faculdade de Ci\u00eancias Cont\u00e1beis e Administrativas de Avar\u00e9 (Faccaa) e em teologia pela Faculdade Teol\u00f3gica Sul Americana (FTSA), reunindo s\u00f3lida base t\u00e9cnica e forma\u00e7\u00e3o human\u00edstica, que fundamentam atua\u00e7\u00e3o social e comunit\u00e1ria, segundo a autora.<\/p>\n<p>Conforme o texto legislativo, h\u00e1 aproximadamente quatro anos estabeleceu-se em Limeira (SP), onde assumiu a lideran\u00e7a de uma comunidade crist\u00e3, exercendo fun\u00e7\u00e3o pastoral com atua\u00e7\u00e3o cont\u00ednua na assist\u00eancia religiosa.<\/p>\n<p>No Munic\u00edpio, conduz a\u00e7\u00f5es voltadas \u00e0 coletividade, dentre elas, destaca-se o projeto \u201cA\u00e7\u00e3o Dia Feliz\u201d, por meio do qual s\u00e3o realizadas atividades beneficentes com oferta de apoio material e espiritual \u00e0 popula\u00e7\u00e3o. Al\u00e9m disso, a atua\u00e7\u00e3o inclui o acompanhamento direto de fam\u00edlias, com foco na restaura\u00e7\u00e3o de v\u00ednculos familiares, orienta\u00e7\u00e3o em situa\u00e7\u00f5es de crise e incentivo \u00e0 constru\u00e7\u00e3o de ambientes familiares mais estruturados, com reflexos positivos na comunidade local.<\/p>\n<p>Bertha Madalena Hergert Salatti<\/p>\n<p>J\u00e1 o Projeto de Lei N\u00ba 17\/2026, de autoria do vereador Felipe Penedo (PL), imortaliza o nome de Bertha Madalena Hergert Salatti na estrada rural denominada LIM 419.<\/p>\n<p>Nascida em 1953 na \u00e1rea rural de Limeira, Bertha iniciou atividades na agricultura ainda jovem ao lado da fam\u00edlia, dedicando-se ao cultivo da cana-de-a\u00e7\u00facar, mandioca, mudas c\u00edtricas e pomares de laranja, contribuindo para o desenvolvimento da produ\u00e7\u00e3o rural do Munic\u00edpio, segundo o autor.<\/p>\n<p>Felipe ressaltou que Bertha viveu a maior parte da vida entre os bairros Campo Alegre e Santa Helena, e era conhecida e estimada pela comunidade local. \u201cEra reconhecida por sua gentileza, esp\u00edrito solid\u00e1rio e constante disposi\u00e7\u00e3o em ajudar o pr\u00f3ximo, sempre buscando alternativas para promover melhorias no bairro e fortalecer os la\u00e7os comunit\u00e1rios. Apaixonada pela vida no campo, manteve-se firme em suas ra\u00edzes at\u00e9 o fim da vida\u201d, relatou.<\/p>\n<p>Mesmo doente, realizando hemodi\u00e1lise tr\u00eas vezes por semana, optou por continuar residindo no s\u00edtio da fam\u00edlia e se deslocar para a \u00e1rea urbana para realizar o tratamento, demonstrando for\u00e7a, coragem e profundo amor pela vida rural, segundo o autor.<\/p>\n<p>Diploma Honra e Bravura<\/p>\n<p>Com o objetivo de acrescentar o\u00a0 guarda civil municipal (GCM) Alexandre de Oliveira para receber o Diploma \u201cHonra e Bravura\u201d, como indicado pela Mesa Diretora da C\u00e2mara, o vereador Everton Ferreira prop\u00f4s o Projeto de Decreto Legislativo N\u00ba 13\/2026, que acrescenta o inc. XXI ao art. 1\u00ba do Decreto Legislativo N\u00ba 11\/2026, que concede o Diploma \u201cHonra e Bravura\u201d, nos termos da Resolu\u00e7\u00e3o N\u00ba 913\/2025.<\/p>\n<p>\u201cAo acolher essa indica\u00e7\u00e3o, esta Casa reafirma seu compromisso com uma homenagem que se pretende abrangente e fiel \u00e0 pluralidade de esfor\u00e7os que edificaram o nosso Munic\u00edpio. A medida, portanto, n\u00e3o apenas estende a homenagem a um cidad\u00e3o cujo m\u00e9rito \u00e9 indiscut\u00edvel, como tamb\u00e9m densifica o ato legislativo, alinhando-o a um justo e cont\u00ednuo resgate de trajet\u00f3rias que merecem ser preservadas para as pr\u00f3ximas gera\u00e7\u00f5es\u201d, justificou o autor.<\/p>\n<p>A honraria j\u00e1 foi entregue a 20 integrantes da Guarda Civil Municipal no dia 29 de abril, e agora ser\u00e1 entregue tamb\u00e9m ao GCM Alexandre de Oliveira.<\/p>\n<hr>\n<p><em>Fonte: <a href=\"https:\/\/www.limeira.sp.leg.br\/noticias\/view\/2026-06-02_camara-de-limeira-aprova-homenagens-a-municipes-durante-sessao-ordinaria\" target=\"_blank\" rel=\"noopener\">C\u00e2mara Municipal de Limeira<\/a><\/em><\/p>\n","protected":false},"excerpt":{"rendered":"<p>C\u00e2mara de Limeira aprova homenagens a mun\u00edcipes durante sess\u00e3o ordin\u00e1ria<\/p>\n<p>Na sess\u00e3o ordin\u00e1ria desta segunda-feira, 1\u00ba de junho, cinco homenagens foram aprovadas em Plen\u00e1rio. As propostas concedem t\u00edtulos de cidad\u00e3os limeirenses, Diploma de Gratid\u00e3o e Diploma Honra e Bravura, e imortaliza o nome de u<\/p>\n","protected":false},"author":4,"featured_media":67634,"comment_status":"","ping_status":"open","sticky":false,"template":"","format":"standard","meta":{"_jetpack_newsletter_access":"","_jetpack_dont_email_post_to_subs":false,"_jetpack_newsletter_tier_id":0,"_jetpack_memberships_contains_paywalled_content":false,"_mbp_banners":[],"_jetpack_feature_clip_id":0,"_jetpack_memberships_contains_paid_content":false,"footnotes":"","jetpack_publicize_message":"","jetpack_publicize_feature_enabled":true,"jetpack_social_post_already_shared":true,"jetpack_social_options":{"image_generator_settings":{"template":"highway","default_image_id":0,"font":"","enabled":false},"version":2},"jetpack_post_was_ever_published":false},"categories":[19],"tags":[],"class_list":["post-67635","post","type-post","status-publish","format-standard","has-post-thumbnail","category-politica"],"jetpack_publicize_connections":[],"jetpack-related-posts":[],"jetpack_shortlink":"https:\/\/wp.me\/p7Eq1F-hAT","jetpack_sharing_enabled":true,"jetpack_featured_media_url":"https:\/\/i0.wp.com\/guialimeira.com.br\/news\/wp-content\/uploads\/2026\/06\/noticia-camara.png?fit=1280%2C640&ssl=1","_links":{"self":[{"href":"https:\/\/guialimeira.com.br\/news\/wp-json\/wp\/v2\/posts\/67635","targetHints":{"allow":["GET"]}}],"collection":[{"href":"https:\/\/guialimeira.com.br\/news\/wp-json\/wp\/v2\/posts"}],"about":[{"href":"https:\/\/guialimeira.com.br\/news\/wp-json\/wp\/v2\/types\/post"}],"author":[{"embeddable":true,"href":"https:\/\/guialimeira.com.br\/news\/wp-json\/wp\/v2\/users\/4"}],"replies":[{"embeddable":true,"href":"https:\/\/guialimeira.com.br\/news\/wp-json\/wp\/v2\/comments?post=67635"}],"version-history":[{"count":0,"href":"https:\/\/guialimeira.com.br\/news\/wp-json\/wp\/v2\/posts\/67635\/revisions"}],"wp:featuredmedia":[{"embeddable":true,"href":"https:\/\/guialimeira.com.br\/news\/wp-json\/wp\/v2\/media\/67634"}],"wp:attachment":[{"href":"https:\/\/guialimeira.com.br\/news\/wp-json\/wp\/v2\/media?parent=67635"}],"wp:term":[{"taxonomy":"category","embeddable":true,"href":"https:\/\/guialimeira.com.br\/news\/wp-json\/wp\/v2\/categories?post=67635"},{"taxonomy":"post_tag","embeddable":true,"href":"https:\/\/guialimeira.com.br\/news\/wp-json\/wp\/v2\/tags?post=67635"}],"curies":[{"name":"wp","href":"https:\/\/api.w.org\/{rel}","templated":true}]}}