{"id":67633,"date":"2026-06-02T09:05:53","date_gmt":"2026-06-02T12:05:53","guid":{"rendered":"https:\/\/guialimeira.com.br\/profissionais-de-educacao-fisica-terao-distincao-honorifica-na-camara-de-limeira\/"},"modified":"2026-06-02T09:05:53","modified_gmt":"2026-06-02T12:05:53","slug":"profissionais-de-educacao-fisica-terao-distincao-honorifica-na-camara-de-limeira","status":"publish","type":"post","link":"https:\/\/guialimeira.com.br\/news\/profissionais-de-educacao-fisica-terao-distincao-honorifica-na-camara-de-limeira\/","title":{"rendered":"Profissionais de educa\u00e7\u00e3o f\u00edsica ter\u00e3o distin\u00e7\u00e3o honor\u00edfica na C\u00e2mara de Limeira"},"content":{"rendered":"<p>Profissionais de educa\u00e7\u00e3o f\u00edsica ter\u00e3o distin\u00e7\u00e3o honor\u00edfica na C\u00e2mara de Limeira<\/p>\n<p>Com o objetivo instituir, no \u00e2mbito da C\u00e2mara de Limeira, uma distin\u00e7\u00e3o honor\u00edfica destinada a reconhecer e valorizar os profissionais de educa\u00e7\u00e3o f\u00edsica que se destacam no Munic\u00edpio, os vereadores aprovaram o Projeto de Resolu\u00e7\u00e3o N\u00ba 7\/2026, na sess\u00e3o ordin\u00e1ria desta segunda-feira, 1\u00ba de junho. A iniciativa cria o Diploma Profissional de Educa\u00e7\u00e3o F\u00edsica de Destaque, proposto por Guilherme Guido (PL).<\/p>\n<p>Cada vereador poder\u00e1 indicar um profissional para ser laureado. Os indicados dever\u00e3o comprovar atua\u00e7\u00e3o relevante na \u00e1rea, por meio de hist\u00f3rico profissional, projetos desenvolvidos, impacto social, resultados obtidos ou reconhecimento junto \u00e0 comunidade, bem como apresentar diploma que comprove forma\u00e7\u00e3o em educa\u00e7\u00e3o f\u00edsica, em n\u00edvel de licenciatura ou bacharelado.<\/p>\n<p>\u201cA atua\u00e7\u00e3o do profissional de educa\u00e7\u00e3o f\u00edsica vai muito al\u00e9m da pr\u00e1tica esportiva. Trata-se de uma atividade essencial para o desenvolvimento humano, contribuindo diretamente para a preven\u00e7\u00e3o de doen\u00e7as, o combate ao sedentarismo e a constru\u00e7\u00e3o de uma sociedade mais saud\u00e1vel e consciente\u201d, defendeu o proponente, o vereador Guilherme Guido.<\/p>\n<p>Conforme texto legislativo, os homenageados receber\u00e3o diploma de m\u00e9rito, a ser expedido e confeccionado pelo Poder Legislativo, contendo: bras\u00e3o da C\u00e2mara Municipal, nomes da distin\u00e7\u00e3o, do homenageado, do propositor do projeto, al\u00e9m do ano da outorga e assinaturas da Presid\u00eancia da C\u00e2mara e da Comiss\u00e3o respons\u00e1vel por analisar as indica\u00e7\u00f5es, organizar os tr\u00e2mites necess\u00e1rios e apresentar o Decreto Legislativo com os nomes dos homenageados.<\/p>\n<p>A entrega poder\u00e1 ocorrer, preferencialmente, em data pr\u00f3xima ao Dia do Profissional de Educa\u00e7\u00e3o F\u00edsica, celebrado em 1\u00ba de setembro, bienalmente, em todo ano par.<\/p>\n<hr>\n<p><em>Fonte: <a href=\"https:\/\/www.limeira.sp.leg.br\/noticias\/view\/2026-06-02_profissionais-de-educacao-fisica-terao-distincao-honorifica-na-camara-de-limeira\" target=\"_blank\" rel=\"noopener\">C\u00e2mara Municipal de Limeira<\/a><\/em><\/p>\n","protected":false},"excerpt":{"rendered":"<p>Profissionais de educa\u00e7\u00e3o f\u00edsica ter\u00e3o distin\u00e7\u00e3o honor\u00edfica na C\u00e2mara de Limeira<\/p>\n<p>Com o objetivo instituir, no \u00e2mbito da C\u00e2mara de Limeira, uma distin\u00e7\u00e3o honor\u00edfica destinada a reconhecer e valorizar os profissionais de educa\u00e7\u00e3o f\u00edsica que se destacam no Munic\u00edpio, os vereadores aprovaram o Projeto <\/p>\n","protected":false},"author":4,"featured_media":67632,"comment_status":"","ping_status":"open","sticky":false,"template":"","format":"standard","meta":{"_jetpack_newsletter_access":"","_jetpack_dont_email_post_to_subs":false,"_jetpack_newsletter_tier_id":0,"_jetpack_memberships_contains_paywalled_content":false,"_mbp_banners":[],"_jetpack_feature_clip_id":0,"_jetpack_memberships_contains_paid_content":false,"footnotes":"","jetpack_publicize_message":"","jetpack_publicize_feature_enabled":true,"jetpack_social_post_already_shared":true,"jetpack_social_options":{"image_generator_settings":{"template":"highway","default_image_id":0,"font":"","enabled":false},"version":2},"jetpack_post_was_ever_published":false},"categories":[19],"tags":[],"class_list":["post-67633","post","type-post","status-publish","format-standard","has-post-thumbnail","category-politica"],"jetpack_publicize_connections":[],"jetpack-related-posts":[],"jetpack_shortlink":"https:\/\/wp.me\/p7Eq1F-hAR","jetpack_sharing_enabled":true,"jetpack_featured_media_url":"https:\/\/i0.wp.com\/guialimeira.com.br\/news\/wp-content\/uploads\/2026\/06\/noticia-camara-5.jpg?fit=1280%2C640&ssl=1","_links":{"self":[{"href":"https:\/\/guialimeira.com.br\/news\/wp-json\/wp\/v2\/posts\/67633","targetHints":{"allow":["GET"]}}],"collection":[{"href":"https:\/\/guialimeira.com.br\/news\/wp-json\/wp\/v2\/posts"}],"about":[{"href":"https:\/\/guialimeira.com.br\/news\/wp-json\/wp\/v2\/types\/post"}],"author":[{"embeddable":true,"href":"https:\/\/guialimeira.com.br\/news\/wp-json\/wp\/v2\/users\/4"}],"replies":[{"embeddable":true,"href":"https:\/\/guialimeira.com.br\/news\/wp-json\/wp\/v2\/comments?post=67633"}],"version-history":[{"count":0,"href":"https:\/\/guialimeira.com.br\/news\/wp-json\/wp\/v2\/posts\/67633\/revisions"}],"wp:featuredmedia":[{"embeddable":true,"href":"https:\/\/guialimeira.com.br\/news\/wp-json\/wp\/v2\/media\/67632"}],"wp:attachment":[{"href":"https:\/\/guialimeira.com.br\/news\/wp-json\/wp\/v2\/media?parent=67633"}],"wp:term":[{"taxonomy":"category","embeddable":true,"href":"https:\/\/guialimeira.com.br\/news\/wp-json\/wp\/v2\/categories?post=67633"},{"taxonomy":"post_tag","embeddable":true,"href":"https:\/\/guialimeira.com.br\/news\/wp-json\/wp\/v2\/tags?post=67633"}],"curies":[{"name":"wp","href":"https:\/\/api.w.org\/{rel}","templated":true}]}}