{"id":67628,"date":"2026-06-02T08:14:06","date_gmt":"2026-06-02T11:14:06","guid":{"rendered":"https:\/\/guialimeira.com.br\/total-de-pessoas-incluidas-no-acesso-a-agua-em-sp-desde-2024-e-maior-que-populacao-de-20-capitais-brasileiras\/"},"modified":"2026-06-02T08:14:06","modified_gmt":"2026-06-02T11:14:06","slug":"total-de-pessoas-incluidas-no-acesso-a-agua-em-sp-desde-2024-e-maior-que-populacao-de-20-capitais-brasileiras","status":"publish","type":"post","link":"https:\/\/guialimeira.com.br\/news\/total-de-pessoas-incluidas-no-acesso-a-agua-em-sp-desde-2024-e-maior-que-populacao-de-20-capitais-brasileiras\/","title":{"rendered":"Total de pessoas inclu\u00eddas no acesso a \u00e1gua em SP desde 2024 \u00e9 maior que popula\u00e7\u00e3o de 20 capitais brasileiras"},"content":{"rendered":"<p> <br \/>\n<br \/><img data-recalc-dims=\"1\" decoding=\"async\" src=\"https:\/\/i0.wp.com\/www.agenciasp.sp.gov.br\/wp-content\/uploads\/2026\/06\/Sabesp-ETA-Guarau_06-Sistema-Cantareira_agua-1.jpg?w=696&#038;ssl=1\" \/><\/p>\n<div>\n<p class=\"wp-block-paragraph\">Em menos de 2 anos, a Sabesp j\u00e1 incluiu 2,1 milh\u00e3o de pessoas no acesso \u00e0 \u00e1gua pot\u00e1vel em S\u00e3o Paulo. O total de pessoas beneficiadas pela expans\u00e3o dos servi\u00e7os de abastecimento no territ\u00f3rio paulista supera a popula\u00e7\u00e3o de 20 das 27 capitais brasileiras.<\/p>\n<p class=\"wp-block-paragraph\">Desde a desestatiza\u00e7\u00e3o da Sabesp, em 2024, S\u00e3o Paulo levou acesso \u00e0 \u00e1gua pot\u00e1vel a 2,1 milh\u00e3o de pessoas. Entre as 27 capitais, somente S\u00e3o Paulo, Rio de Janeiro, Bras\u00edlia, Fortaleza, Salvador, Belo Horizonte e Manaus t\u00eam popula\u00e7\u00e3o superior a esse total, segundo levantamento de 2025 do IBGE.<\/p>\n<p class=\"wp-block-paragraph\">O avan\u00e7o \u00e9 emblem\u00e1tico porque representa a amplia\u00e7\u00e3o dos servi\u00e7os de saneamento nos munic\u00edpios atendidos pela Sabesp. A iniciativa refor\u00e7a a estrat\u00e9gia do Governo de S\u00e3o Paulo para antecipar a universaliza\u00e7\u00e3o aos servi\u00e7os at\u00e9 2029.<\/p>\n<p class=\"wp-block-paragraph\">Al\u00e9m do acesso \u00e0 \u00e1gua, a coleta e o tratamento de esgoto chegaram a mais de 4,3 milh\u00f5es de pessoas com a expans\u00e3o de liga\u00e7\u00f5es da Sabesp. O cumprimento das metas de acesso \u00e0 \u00e1gua, coleta e tratamento de esgoto chegaram, respectivamente, a 87%, 77% e 71% ao fim do primeiro trimestre de 2026.<\/p>\n<p class=\"wp-block-paragraph\"><strong>LEIA TAMB\u00c9M: <\/strong><a href=\"https:\/\/www.agenciasp.sp.gov.br\/banho-quente-e-agua-na-torneira-moradora-de-poa-comemora-chegada-da-agua-encanada-apos-quatro-decada-de-espera\/\" rel=\"noopener\">Banho quente e fim dos baldes: moradora de Po\u00e1 comemora chegada da \u00e1gua encanada ap\u00f3s quatro d\u00e9cadas de espera\u00a0<\/a><\/p>\n<p class=\"wp-block-paragraph\">A compara\u00e7\u00e3o com cidades brasileiras ajuda a dimensionar o alcance da expans\u00e3o. Em menos de dois anos ap\u00f3s a desestatiza\u00e7\u00e3o, o n\u00famero de novos benefici\u00e1rios com \u00e1gua pot\u00e1vel em S\u00e3o Paulo supera a popula\u00e7\u00e3o da maioria das capitais do pa\u00eds.<\/p>\n<p class=\"wp-block-paragraph\">O total de 2,1 milh\u00e3o de pessoas \u00e9 quase o dobro que toda a popula\u00e7\u00e3o de Guarulhos. Inclusive, a segunda cidade mais populosa do estado de S\u00e3o Paulo registrou um dos principais avan\u00e7os no \u00edndice de tratamento de esgoto, passando de 18% para 40%.<\/p>\n<p class=\"wp-block-paragraph\">Al\u00e9m disso, os avan\u00e7os em saneamento b\u00e1sico da Sabesp em S\u00e3o Paulo podem ser comparados internacionalmente. A expans\u00e3o da coleta e tratamento de esgoto equivale praticamente a um pa\u00eds novo nos \u00faltimos anos. Foram 4,3 milh\u00f5es de pessoas, 1 milh\u00e3o de pessoas a mais que toda a popula\u00e7\u00e3o do Uruguai.<\/p>\n<h3 class=\"wp-block-heading\"><strong>Investimento em saneamento<\/strong><\/h3>\n<p class=\"wp-block-paragraph\">A expans\u00e3o dos servi\u00e7os ocorre em meio ao aumento dos investimentos da Sabesp. Em 2025, foram R$ 15,2 bilh\u00f5es aplicados pela companhia, valor 120% maior em compara\u00e7\u00e3o ao ano anterior. Os investimentos t\u00eam como foco a amplia\u00e7\u00e3o da cobertura de saneamento e a melhoria dos padr\u00f5es de qualidade dos servi\u00e7os.<\/p>\n<p class=\"wp-block-paragraph\"><strong>LEIA TAMB\u00c9M:<\/strong> <a href=\"https:\/\/www.agenciasp.sp.gov.br\/nova-estacao-de-perus-garante-24-piscinas-olimpicas-de-esgoto-a-menos-todos-os-dias-nos-rios\/\" rel=\"noopener\">Nova esta\u00e7\u00e3o de Perus garante 24 piscinas ol\u00edmpicas de esgoto a menos todos os dias nos rios<\/a><\/p>\n<p class=\"wp-block-paragraph\">A realidade dos moradores da Vila S\u00e3o Francisco, comunidade conhecida como Raspad\u00e3o, em Po\u00e1, mudou com os novos investimentos da Sabesp. Moradora do bairro, a aposentada Maria Helena da Silva conta que, antes das obras da Sabesp, a \u00e1gua chegava por mangueiras improvisadas e nem sempre alcan\u00e7ava as casas. Muitas fam\u00edlias precisavam carregar baldes e garrafas para realizar tarefas b\u00e1sicas do dia a dia. Moradores tamb\u00e9m contam que problemas sanit\u00e1rios, como doen\u00e7as na comunidade, eram comuns sem a coleta e tratamento de esgoto.<\/p>\n<p class=\"wp-block-paragraph\">\u201cHoje \u00e9 diferente: a \u00e1gua chega normalmente, com qualidade, como em qualquer outro bairro. Ver a \u00e1gua saindo da torneira foi um sentimento de conquista para toda a comunidade, porque essa era uma luta de muitos anos\u201d, relata. A regi\u00e3o recebeu R$ 10 milh\u00f5es em investimentos, beneficiando 4 mil moradores.<\/p>\n<h3 class=\"wp-block-heading\"><strong>Universaliza\u00e7\u00e3o em 2029<\/strong><\/h3>\n<p class=\"wp-block-paragraph\">A desestatiza\u00e7\u00e3o da Sabesp estabeleceu como uma das principais metas a universaliza\u00e7\u00e3o antecipada do saneamento para 2029. O objetivo \u00e9 levar \u00e1gua tratada e esgotamento sanit\u00e1rio aos munic\u00edpios atendidos pela companhia quatro anos antes do prazo nacional previsto pelo Marco Legal do Saneamento.<\/p>\n<h3 class=\"wp-block-heading\"><strong>Inclus\u00e3o social<\/strong><\/h3>\n<p class=\"wp-block-paragraph\">Al\u00e9m da expans\u00e3o f\u00edsica dos servi\u00e7os, a Sabesp tamb\u00e9m ampliou o acesso de fam\u00edlias em situa\u00e7\u00e3o de vulnerabilidade \u00e0 Tarifa Social Paulista. O benef\u00edcio garante desconto na conta de \u00e1gua e esgoto para consumidores que se enquadram nos crit\u00e9rios do programa. Ap\u00f3s a desestatiza\u00e7\u00e3o, a conta de \u00e1gua reduzida dobrou de alcance: foi de 2,98 milh\u00f5es para 6 milh\u00f5es de pessoas impactadas com at\u00e9 78% de desconto.<\/p>\n<h3 class=\"wp-block-heading\"><strong>Na Rota da \u00c1gua<\/strong><\/h3>\n<p class=\"wp-block-paragraph\">Em 2026, o Governo de S\u00e3o Paulo passou a acompanhar os avan\u00e7os por meio do Na Rota da \u00c1gua. A iniciativa d\u00e1 mais visibilidade \u00e0s obras de seguran\u00e7a h\u00eddrica, refor\u00e7o de abastecimento e universaliza\u00e7\u00e3o do saneamento nas cidades atendidas pela companhia.<\/p>\n<p class=\"wp-block-paragraph\">Lan\u00e7ado em fevereiro deste ano, o programa prev\u00ea uma s\u00e9rie de entregas e visitas t\u00e9cnicas a mais de 1,1 mil frentes de obras em andamento nos munic\u00edpios contemplados pelo novo contrato da Sabesp.<\/p>\n<p class=\"wp-block-paragraph\">Entre as entregas j\u00e1 realizadas, est\u00e3o obras de saneamento em Itapecerica da Serra, Embu das Artes e Embu-Gua\u00e7u. Al\u00e9m disso, h\u00e1 duas novas Esta\u00e7\u00f5es de Tratamento de Esgoto em Caieiras e Franco da Rocha e um Sistema de Expans\u00e3o de Esgotamento Sanit\u00e1rio que tamb\u00e9m contempla Francisco Morato, na Grande S\u00e3o Paulo.<\/p>\n<p class=\"wp-block-paragraph\">As interven\u00e7\u00f5es receberam R$ 168 milh\u00f5es em investimentos e devem beneficiar 46,2 mil fam\u00edlias, o equivalente a cerca de 127 mil pessoas, com amplia\u00e7\u00e3o do tratamento de esgoto e redu\u00e7\u00e3o da polui\u00e7\u00e3o em rios e c\u00f3rregos da regi\u00e3o.<\/p>\n<p class=\"wp-block-paragraph\">Outro destaque \u00e9 o Programa Integra Tiet\u00ea, que teve a contrata\u00e7\u00e3o da expans\u00e3o e do retrofit da Esta\u00e7\u00e3o de Tratamento de Esgoto de Barueri, ao custo de R$ 5,7 bilh\u00f5es. A conclus\u00e3o do projeto est\u00e1 prevista para o fim de 2029. A obra permitir\u00e1 ampliar em 40,6% a capacidade de tratamento de esgoto da esta\u00e7\u00e3o e beneficiar 4 milh\u00f5es de pessoas com acesso ao servi\u00e7o.<\/p>\n<p class=\"wp-block-paragraph\"><strong>\u00c1udio<\/strong><\/p>\n<p class=\"wp-block-paragraph\"><strong>Secret\u00e1ria do Meio Ambiente, Infraestrutura e Log\u00edstica Nat\u00e1lia Resende<\/strong><\/p>\n<figure class=\"wp-block-embed is-type-rich is-provider-soundcloud wp-block-embed-soundcloud\">\n<p>\n<iframe loading=\"lazy\" title=\"Sonora : Nat\u00e1lia Resende - Secret\u00e1ria do Meio Ambiente,Infraestrutura e Logistica -S\u00e3o Paulo levou \u00e1gua tratada para popula\u00e7\u00e3o do tamanho de Paris desde 2024 by Governo do Estado de S\u00e3o Paulo\" width=\"800\" height=\"400\" scrolling=\"no\" frameborder=\"no\" src=\"https:\/\/w.soundcloud.com\/player\/?visual=true&amp;url=https%3A%2F%2Fapi.soundcloud.com%2Ftracks%2F2329957982&amp;show_artwork=true&amp;maxheight=1000&amp;maxwidth=800\"><\/iframe>\n<\/p>\n<\/figure><\/div>\n<p><br \/>\n<br \/><a href=\"https:\/\/www.agenciasp.sp.gov.br\/total-de-pessoas-incluidas-no-acesso-a-agua-em-sp-desde-2024-e-maior-que-populacao-de-20-capitais-brasileiras\/\" rel=\"noopener\">Informa\u00e7\u00f5es GOV.SP<\/a><\/p>\n","protected":false},"excerpt":{"rendered":"<p>Em menos de 2 anos, a Sabesp j\u00e1 incluiu 2,1 milh\u00e3o de pessoas no acesso \u00e0 \u00e1gua pot\u00e1vel em S\u00e3o Paulo. O total de pessoas beneficiadas pela expans\u00e3o dos servi\u00e7os de abastecimento no territ\u00f3rio paulista supera a popula\u00e7\u00e3o de 20 das 27 capitais brasileiras. Desde a desestatiza\u00e7\u00e3o da Sabesp, em 2024, S\u00e3o Paulo levou acesso [&hellip;]<\/p>\n","protected":false},"author":1,"featured_media":67629,"comment_status":"","ping_status":"open","sticky":false,"template":"","format":"standard","meta":{"_jetpack_newsletter_access":"","_jetpack_dont_email_post_to_subs":false,"_jetpack_newsletter_tier_id":0,"_jetpack_memberships_contains_paywalled_content":false,"_mbp_banners":[],"_jetpack_feature_clip_id":0,"_jetpack_memberships_contains_paid_content":false,"footnotes":"","jetpack_publicize_message":"","jetpack_publicize_feature_enabled":true,"jetpack_social_post_already_shared":true,"jetpack_social_options":{"image_generator_settings":{"template":"highway","default_image_id":0,"font":"","enabled":false},"version":2},"jetpack_post_was_ever_published":false},"categories":[21],"tags":[],"class_list":["post-67628","post","type-post","status-publish","format-standard","has-post-thumbnail","category-sp-news"],"jetpack_publicize_connections":[],"jetpack-related-posts":[],"jetpack_shortlink":"https:\/\/wp.me\/p7Eq1F-hAM","jetpack_sharing_enabled":true,"jetpack_featured_media_url":"https:\/\/i0.wp.com\/guialimeira.com.br\/news\/wp-content\/uploads\/2026\/06\/Total-de-pessoas-incluidas-no-acesso-a-agua-em-SP.jpg?fit=1192%2C770&ssl=1","_links":{"self":[{"href":"https:\/\/guialimeira.com.br\/news\/wp-json\/wp\/v2\/posts\/67628","targetHints":{"allow":["GET"]}}],"collection":[{"href":"https:\/\/guialimeira.com.br\/news\/wp-json\/wp\/v2\/posts"}],"about":[{"href":"https:\/\/guialimeira.com.br\/news\/wp-json\/wp\/v2\/types\/post"}],"author":[{"embeddable":true,"href":"https:\/\/guialimeira.com.br\/news\/wp-json\/wp\/v2\/users\/1"}],"replies":[{"embeddable":true,"href":"https:\/\/guialimeira.com.br\/news\/wp-json\/wp\/v2\/comments?post=67628"}],"version-history":[{"count":0,"href":"https:\/\/guialimeira.com.br\/news\/wp-json\/wp\/v2\/posts\/67628\/revisions"}],"wp:featuredmedia":[{"embeddable":true,"href":"https:\/\/guialimeira.com.br\/news\/wp-json\/wp\/v2\/media\/67629"}],"wp:attachment":[{"href":"https:\/\/guialimeira.com.br\/news\/wp-json\/wp\/v2\/media?parent=67628"}],"wp:term":[{"taxonomy":"category","embeddable":true,"href":"https:\/\/guialimeira.com.br\/news\/wp-json\/wp\/v2\/categories?post=67628"},{"taxonomy":"post_tag","embeddable":true,"href":"https:\/\/guialimeira.com.br\/news\/wp-json\/wp\/v2\/tags?post=67628"}],"curies":[{"name":"wp","href":"https:\/\/api.w.org\/{rel}","templated":true}]}}