{"id":67612,"date":"2026-06-02T00:06:14","date_gmt":"2026-06-02T03:06:14","guid":{"rendered":"https:\/\/guialimeira.com.br\/com-os-tradicionais-tapetes-procissoes-e-ate-shows-musicais-regioes-de-itapeva-e-sorocaba-tem-programacao-de-corpus-christi\/"},"modified":"2026-06-02T00:06:14","modified_gmt":"2026-06-02T03:06:14","slug":"com-os-tradicionais-tapetes-procissoes-e-ate-shows-musicais-regioes-de-itapeva-e-sorocaba-tem-programacao-de-corpus-christi","status":"publish","type":"post","link":"https:\/\/guialimeira.com.br\/news\/com-os-tradicionais-tapetes-procissoes-e-ate-shows-musicais-regioes-de-itapeva-e-sorocaba-tem-programacao-de-corpus-christi\/","title":{"rendered":"Com os tradicionais tapetes, prociss\u00f5es e at\u00e9 shows musicais, regi\u00f5es de Itapeva e Sorocaba t\u00eam programa\u00e7\u00e3o de Corpus Christi"},"content":{"rendered":"<p> <br \/>\n<br \/><img data-recalc-dims=\"1\" decoding=\"async\" src=\"https:\/\/i0.wp.com\/www.agenciasp.sp.gov.br\/wp-content\/uploads\/2026\/05\/475539439_960910502808865_9165125041900745772_n.jpg?w=696&#038;ssl=1\" \/><\/p>\n<div>\n<p class=\"wp-block-paragraph\">No dia 4 de junho deste ano, acontece uma das celebra\u00e7\u00f5es mais esperadas pelos cat\u00f3licos: \u201cCorpus Christi\u201d, que significa Corpo e Sangue de Jesus Cristo. Trata-se de uma festa cat\u00f3lica que busca celebrar o mist\u00e9rio da Eucaristia. O evento foi institu\u00eddo pelo Papa Urbano IV no dia 8 de setembro de 1264.<\/p>\n<p class=\"wp-block-paragraph\">Durante a Festa de Corpus Christi, munic\u00edpios de todo o pa\u00eds enfeitam suas ruas para que passe prociss\u00f5es com o Sant\u00edssimo Sacramento. Para a decora\u00e7\u00e3o, s\u00e3o feitos tapetes utilizando diversos materiais, como serragem, areia colorida, borra de caf\u00e9, cal, entre outros, por onde a prociss\u00e3o passar\u00e1.\u00a0<\/p>\n<p class=\"wp-block-paragraph\">Os tapetes ornamentados, que formam diversos desenhos, j\u00e1 s\u00e3o tradi\u00e7\u00e3o no Estado de S\u00e3o Paulo. \u201cS\u00e3o express\u00f5es culturais consolidadas, que atraem visitantes de todo o estado e do Brasil. Com isso, movimenta-se o turismo e a economia, gerando emprego e renda para a popula\u00e7\u00e3o\u201d, disse Ana Biselli, secret\u00e1ria estadual de Turismo e Viagens. Por isso, munic\u00edpios das regi\u00f5es de Itapeva e Sorocaba preparam programa\u00e7\u00f5es especiais, com tapetes, prociss\u00f5es religiosas e at\u00e9 feira de artesanato. Confira.<\/p>\n<p><strong>Itapeva<\/strong><\/p>\n<p>Na regi\u00e3o de Itapeva, a est\u00e2ncia tur\u00edstica de Apia\u00ed realiza prociss\u00e3o de Corpus Christi. Trata-se de uma celebra\u00e7\u00e3o religiosa tradicional do munic\u00edpio, organizada pela comunidade cat\u00f3lica e realizada anualmente. Durante o per\u00edodo que antecede a data, s\u00e3o arrecadados materiais como cascas de ovos e p\u00f3 de serra, para ser utilizados na confec\u00e7\u00e3o dos tapetes decorativos.\u00a0<\/p>\n<p>A elabora\u00e7\u00e3o dos tapetes conta com a participa\u00e7\u00e3o de artistas locais e moradores, que colaboram voluntariamente na produ\u00e7\u00e3o dos desenhos ao longo do trajeto da prociss\u00e3o.<\/p>\n<p>No dia do evento, o Sant\u00edssimo Sacramento percorre as vias ornamentadas, reunindo fi\u00e9is em um momento de f\u00e9 e devo\u00e7\u00e3o. A confec\u00e7\u00e3o dos tapetes tem in\u00edcio no dia 03 de junho, v\u00e9spera da celebra\u00e7\u00e3o, e se estende at\u00e9 a manh\u00e3 do dia 04 de junho, dia do evento, quando os tapetes s\u00e3o finalizados para a realiza\u00e7\u00e3o da prociss\u00e3o. Por sua vez, a prociss\u00e3o ocorre logo ap\u00f3s a Santa Missa, \u00e0s 10 horas da manh\u00e3, na Par\u00f3quia de Santo Ant\u00f4nio de Apia\u00ed (conferir).A programa\u00e7\u00e3o \u00e9 gratuita.\u00a0<\/p>\n<p class=\"wp-block-paragraph\"><strong>Itaporanga<\/strong><\/p>\n<p>Em Itaporanga, acontece a tradicional prociss\u00e3o de Corpus Christi. Para a prociss\u00e3o, s\u00e3o preparados mais de 1,8 km de tapetes, feitos em p\u00f3 de serra e p\u00f3 de pneu por mais de 500 volunt\u00e1rios. A Santa Missa e prociss\u00e3o acontece no dia 04 de junho, \u00e0s 14 horas, com sa\u00edda da abadia de Nossa Senhora da Santa Cruz e percorrendo as principais ruas do munic\u00edpio. A programa\u00e7\u00e3o \u00e9 gratuita.\u00a0<\/p>\n<p class=\"wp-block-paragraph\"><strong>Itarar\u00e9<\/strong><\/p>\n<p>Na regi\u00e3o de Itapeva, em Itarar\u00e9, munic\u00edpio conhecido por seus c\u00e2nions, haver\u00e1 o tradicional tapete de serragem e pintura artesanal pelas principais ruas da cidade, ligando as igrejas at\u00e9 a Matriz. A programa\u00e7\u00e3o \u00e9 gratuita.\u00a0<\/p>\n<p class=\"wp-block-paragraph\"><strong>Ibi\u00fana<\/strong><\/p>\n<p>Em Ibi\u00fana, na regi\u00e3o de Sorocaba, a programa\u00e7\u00e3o de Corpus Christi ser\u00e1 uma continua\u00e7\u00e3o das festividades da Festa de S\u00e3o Sebasti\u00e3o, mantendo o clima de celebra\u00e7\u00e3o por quase uma semana. No dia 03 de junho, a partir das 18h, haver\u00e1 shows regionais no parque de divers\u00f5es, na \u00c1rea de Lazer.<\/p>\n<p class=\"wp-block-paragraph\">No dia 04, haver\u00e1 confec\u00e7\u00e3o dos tradicionais tapetes come\u00e7a a partir das 7h nas ruas centrais, reunindo a comunidade em um momento de f\u00e9 e tradi\u00e7\u00e3o. A cidade estar\u00e1 decorada e preparada para viver um momento especial de f\u00e9, cultura e uni\u00e3o.\u00a0<\/p>\n<p>\u00c0s 15h, acontece a Santa Missa na Pra\u00e7a da Matriz, seguida da prociss\u00e3o sobre os tapetes. Tamb\u00e9m a partir das 15h, o parque de divers\u00f5es estar\u00e1 aberto ao p\u00fablico. Toda a programa\u00e7\u00e3o \u00e9 gratuita.\u00a0<\/p>\n<\/p><\/div>\n<p><br \/>\n<br \/><a href=\"https:\/\/www.agenciasp.sp.gov.br\/com-os-tradicionais-tapetes-procissoes-e-ate-shows-musicais-regioes-de-itapeva-e-sorocaba-tem-programacao-de-corpus-christi\/\" rel=\"noopener\">Informa\u00e7\u00f5es GOV.SP<\/a><\/p>\n","protected":false},"excerpt":{"rendered":"<p>No dia 4 de junho deste ano, acontece uma das celebra\u00e7\u00f5es mais esperadas pelos cat\u00f3licos: \u201cCorpus Christi\u201d, que significa Corpo e Sangue de Jesus Cristo. Trata-se de uma festa cat\u00f3lica que busca celebrar o mist\u00e9rio da Eucaristia. O evento foi institu\u00eddo pelo Papa Urbano IV no dia 8 de setembro de 1264. Durante a Festa [&hellip;]<\/p>\n","protected":false},"author":1,"featured_media":67613,"comment_status":"","ping_status":"open","sticky":false,"template":"","format":"standard","meta":{"_jetpack_newsletter_access":"","_jetpack_dont_email_post_to_subs":false,"_jetpack_newsletter_tier_id":0,"_jetpack_memberships_contains_paywalled_content":false,"_mbp_banners":[],"_jetpack_feature_clip_id":0,"_jetpack_memberships_contains_paid_content":false,"footnotes":"","jetpack_publicize_message":"","jetpack_publicize_feature_enabled":true,"jetpack_social_post_already_shared":true,"jetpack_social_options":{"image_generator_settings":{"template":"highway","default_image_id":0,"font":"","enabled":false},"version":2},"jetpack_post_was_ever_published":false},"categories":[21],"tags":[],"class_list":["post-67612","post","type-post","status-publish","format-standard","has-post-thumbnail","category-sp-news"],"jetpack_publicize_connections":[],"jetpack-related-posts":[],"jetpack_shortlink":"https:\/\/wp.me\/p7Eq1F-hAw","jetpack_sharing_enabled":true,"jetpack_featured_media_url":"https:\/\/i0.wp.com\/guialimeira.com.br\/news\/wp-content\/uploads\/2026\/06\/Com-os-tradicionais-tapetes-procissoes-e-ate-shows-musicais-regioes.jpg?fit=2048%2C1536&ssl=1","_links":{"self":[{"href":"https:\/\/guialimeira.com.br\/news\/wp-json\/wp\/v2\/posts\/67612","targetHints":{"allow":["GET"]}}],"collection":[{"href":"https:\/\/guialimeira.com.br\/news\/wp-json\/wp\/v2\/posts"}],"about":[{"href":"https:\/\/guialimeira.com.br\/news\/wp-json\/wp\/v2\/types\/post"}],"author":[{"embeddable":true,"href":"https:\/\/guialimeira.com.br\/news\/wp-json\/wp\/v2\/users\/1"}],"replies":[{"embeddable":true,"href":"https:\/\/guialimeira.com.br\/news\/wp-json\/wp\/v2\/comments?post=67612"}],"version-history":[{"count":0,"href":"https:\/\/guialimeira.com.br\/news\/wp-json\/wp\/v2\/posts\/67612\/revisions"}],"wp:featuredmedia":[{"embeddable":true,"href":"https:\/\/guialimeira.com.br\/news\/wp-json\/wp\/v2\/media\/67613"}],"wp:attachment":[{"href":"https:\/\/guialimeira.com.br\/news\/wp-json\/wp\/v2\/media?parent=67612"}],"wp:term":[{"taxonomy":"category","embeddable":true,"href":"https:\/\/guialimeira.com.br\/news\/wp-json\/wp\/v2\/categories?post=67612"},{"taxonomy":"post_tag","embeddable":true,"href":"https:\/\/guialimeira.com.br\/news\/wp-json\/wp\/v2\/tags?post=67612"}],"curies":[{"name":"wp","href":"https:\/\/api.w.org\/{rel}","templated":true}]}}