{"id":67607,"date":"2026-06-01T23:03:44","date_gmt":"2026-06-02T02:03:44","guid":{"rendered":"https:\/\/guialimeira.com.br\/inscricoes-de-concurso-da-pm-de-sp-para-200-vagas-de-alunos-oficiais-comecam-nesta-segunda-feira-1\/"},"modified":"2026-06-01T23:03:44","modified_gmt":"2026-06-02T02:03:44","slug":"inscricoes-de-concurso-da-pm-de-sp-para-200-vagas-de-alunos-oficiais-comecam-nesta-segunda-feira-1","status":"publish","type":"post","link":"https:\/\/guialimeira.com.br\/news\/inscricoes-de-concurso-da-pm-de-sp-para-200-vagas-de-alunos-oficiais-comecam-nesta-segunda-feira-1\/","title":{"rendered":"Inscri\u00e7\u00f5es de concurso da PM de SP para 200 vagas de alunos-oficiais come\u00e7am nesta segunda-feira (1)"},"content":{"rendered":"<p> <br \/>\n<br \/><img data-recalc-dims=\"1\" decoding=\"async\" src=\"https:\/\/i0.wp.com\/www.agenciasp.sp.gov.br\/wp-content\/uploads\/2025\/10\/WhatsApp-Image-2025-10-21-at-16.31.40.jpeg?w=696&#038;ssl=1\" \/><\/p>\n<div>\n<p class=\"wp-block-paragraph\">Come\u00e7am nesta segunda-feira (1) as inscri\u00e7\u00f5es do concurso p\u00fablico para o preenchimento de 200 vagas de alunos-oficiais da Pol\u00edcia Militar. <\/p>\n<p class=\"wp-block-paragraph\">O processo seletivo ser\u00e1 organizado pela Funda\u00e7\u00e3o para o Vestibular da Universidade Estadual Paulista J\u00falio de Mesquita Filho (Vunesp) e contar\u00e1 com provas objetiva e dissertativa, al\u00e9m de exames de aptid\u00e3o f\u00edsica, sa\u00fade, avalia\u00e7\u00e3o psicol\u00f3gica, an\u00e1lise de conduta social e an\u00e1lise documental.<\/p>\n<p class=\"wp-block-paragraph\">As inscri\u00e7\u00f5es devem se feitas pelo site <a href=\"https:\/\/www.vunesp.com.br\/PMES2602\" target=\"_blank\" rel=\"noopener\">https:\/\/www.vunesp.com.br\/PMES2602<\/a> at\u00e9 15 de julho.<\/p>\n<p class=\"wp-block-paragraph\"><strong>LEIA TAMB\u00c9M: <a href=\"https:\/\/www.agenciasp.sp.gov.br\/governo-de-sao-paulo-sanciona-projeto-de-lei-que-concede-aumento-salarial-de-10-para-as-policias-civil-e-militar\/\" rel=\"noopener\">Governo de S\u00e3o Paulo sanciona projeto de lei que concede aumento salarial de 10% para as pol\u00edcias Civil e Militar<\/a><\/strong><\/p>\n<p class=\"wp-block-paragraph\">Para participar, os candidatos devem ser brasileiros, ter entre 17 e 30 anos, exceto integrantes da Pol\u00edcia Militar do Estado de S\u00e3o Paulo, al\u00e9m de atender aos crit\u00e9rios de altura m\u00ednima previstos no edital: 1,55m para mulheres e 1,60m para homens.<\/p>\n<p class=\"wp-block-paragraph\">Tamb\u00e9m \u00e9 exigida a conclus\u00e3o do ensino m\u00e9dio ou equivalente, al\u00e9m de estar em dia com as obriga\u00e7\u00f5es eleitorais e militares, no caso dos candidatos do sexo masculino. <\/p>\n<p class=\"wp-block-paragraph\">Os candidatos poder\u00e3o escolher uma entre 11 cidades do estado de S\u00e3o Paulo para realizar os exames de conhecimentos (partes I e II) do concurso: Ara\u00e7atuba, Bauru, Campinas, Piracicaba, Presidente Prudente, Ribeir\u00e3o Preto, Santos, S\u00e3o Jos\u00e9 do Rio Preto, S\u00e3o Jos\u00e9 dos Campos, S\u00e3o Paulo e Sorocaba. A escolha do munic\u00edpio ser\u00e1 v\u00e1lida apenas para essa etapa do processo seletivo.<\/p>\n<p class=\"wp-block-paragraph\">As provas objetivas e dissertativas (partes I e II) est\u00e3o previstas para ocorrer em 16 de agosto. O curso de forma\u00e7\u00e3o, com dura\u00e7\u00e3o de quatro anos, ser\u00e1 realizado na Academia de Pol\u00edcia Militar do Barro Branco, na capital paulista. A remunera\u00e7\u00e3o b\u00e1sica inicial para o cargo de cadete da PM \u00e9 de R$ 5.460,65.<\/p>\n<p class=\"wp-block-paragraph\">Desde 2023, j\u00e1 foram formados 15 mil policiais na atual gest\u00e3o, sendo 9,8 mil militares. Atualmente, ainda h\u00e1 mais 3,5 mil em forma\u00e7\u00e3o, sendo 3 mil militares.<\/p>\n<p class=\"wp-block-paragraph\"><strong>LEIA TAMB\u00c9M: <a href=\"https:\/\/www.agenciasp.sp.gov.br\/governador-tarcisio-de-freitas-sanciona-projetos-de-lei-que-modernizam-carreiras-das-policias-civil-e-militar\/\" rel=\"noopener\">Governador Tarc\u00edsio de Freitas sanciona projetos de lei que modernizam carreiras das pol\u00edcias Civil e Militar<\/a><\/strong><\/p>\n<h3 class=\"wp-block-heading\">Curso de Forma\u00e7\u00e3o de Oficiais<\/h3>\n<p class=\"wp-block-paragraph\">O Curso de Forma\u00e7\u00e3o de Oficiais prepara os futuros oficiais da Pol\u00edcia Militar por meio de forma\u00e7\u00e3o te\u00f3rica e pr\u00e1tica em Ci\u00eancias Policiais de Seguran\u00e7a e Ordem P\u00fablica.<\/p>\n<p class=\"wp-block-paragraph\">A gradua\u00e7\u00e3o inclui disciplinas como Ci\u00eancia Pol\u00edtica, Sociologia e Gest\u00e3o de Finan\u00e7as, al\u00e9m de treinamentos operacionais, como dire\u00e7\u00e3o policial, tiro defensivo e educa\u00e7\u00e3o f\u00edsica, capacitando os alunos para o comando de equipes, gest\u00e3o de processos e atua\u00e7\u00e3o na preserva\u00e7\u00e3o da ordem p\u00fablica, com base na filosofia de pol\u00edcia comunit\u00e1ria e nos direitos humanos, al\u00e9m de outras definidas em lei.<\/p>\n<\/p><\/div>\n<p><br \/>\n<br \/><a href=\"https:\/\/www.agenciasp.sp.gov.br\/concurso-da-pm-de-sp-para-200-vagas-de-alunos-oficiais-comecam-nesta-segunda-feira-1\/\" rel=\"noopener\">Informa\u00e7\u00f5es GOV.SP<\/a><\/p>\n","protected":false},"excerpt":{"rendered":"<p>Come\u00e7am nesta segunda-feira (1) as inscri\u00e7\u00f5es do concurso p\u00fablico para o preenchimento de 200 vagas de alunos-oficiais da Pol\u00edcia Militar. O processo seletivo ser\u00e1 organizado pela Funda\u00e7\u00e3o para o Vestibular da Universidade Estadual Paulista J\u00falio de Mesquita Filho (Vunesp) e contar\u00e1 com provas objetiva e dissertativa, al\u00e9m de exames de aptid\u00e3o f\u00edsica, sa\u00fade, avalia\u00e7\u00e3o psicol\u00f3gica, [&hellip;]<\/p>\n","protected":false},"author":1,"featured_media":67608,"comment_status":"","ping_status":"open","sticky":false,"template":"","format":"standard","meta":{"_jetpack_newsletter_access":"","_jetpack_dont_email_post_to_subs":false,"_jetpack_newsletter_tier_id":0,"_jetpack_memberships_contains_paywalled_content":false,"_mbp_banners":[],"_jetpack_feature_clip_id":0,"_jetpack_memberships_contains_paid_content":false,"footnotes":"","jetpack_publicize_message":"","jetpack_publicize_feature_enabled":true,"jetpack_social_post_already_shared":true,"jetpack_social_options":{"image_generator_settings":{"template":"highway","default_image_id":0,"font":"","enabled":false},"version":2},"jetpack_post_was_ever_published":false},"categories":[21],"tags":[],"class_list":["post-67607","post","type-post","status-publish","format-standard","has-post-thumbnail","category-sp-news"],"jetpack_publicize_connections":[],"jetpack-related-posts":[],"jetpack_shortlink":"https:\/\/wp.me\/p7Eq1F-hAr","jetpack_sharing_enabled":true,"jetpack_featured_media_url":"https:\/\/i0.wp.com\/guialimeira.com.br\/news\/wp-content\/uploads\/2026\/06\/Inscricoes-de-concurso-da-PM-de-SP-para-200-vagas.jpeg?fit=1600%2C1066&ssl=1","_links":{"self":[{"href":"https:\/\/guialimeira.com.br\/news\/wp-json\/wp\/v2\/posts\/67607","targetHints":{"allow":["GET"]}}],"collection":[{"href":"https:\/\/guialimeira.com.br\/news\/wp-json\/wp\/v2\/posts"}],"about":[{"href":"https:\/\/guialimeira.com.br\/news\/wp-json\/wp\/v2\/types\/post"}],"author":[{"embeddable":true,"href":"https:\/\/guialimeira.com.br\/news\/wp-json\/wp\/v2\/users\/1"}],"replies":[{"embeddable":true,"href":"https:\/\/guialimeira.com.br\/news\/wp-json\/wp\/v2\/comments?post=67607"}],"version-history":[{"count":0,"href":"https:\/\/guialimeira.com.br\/news\/wp-json\/wp\/v2\/posts\/67607\/revisions"}],"wp:featuredmedia":[{"embeddable":true,"href":"https:\/\/guialimeira.com.br\/news\/wp-json\/wp\/v2\/media\/67608"}],"wp:attachment":[{"href":"https:\/\/guialimeira.com.br\/news\/wp-json\/wp\/v2\/media?parent=67607"}],"wp:term":[{"taxonomy":"category","embeddable":true,"href":"https:\/\/guialimeira.com.br\/news\/wp-json\/wp\/v2\/categories?post=67607"},{"taxonomy":"post_tag","embeddable":true,"href":"https:\/\/guialimeira.com.br\/news\/wp-json\/wp\/v2\/tags?post=67607"}],"curies":[{"name":"wp","href":"https:\/\/api.w.org\/{rel}","templated":true}]}}