{"id":67594,"date":"2026-06-01T19:59:12","date_gmt":"2026-06-01T22:59:12","guid":{"rendered":"https:\/\/guialimeira.com.br\/sp-retoma-saresp-para-3a-serie-do-ensino-medio-e-avalia-aprendizagem-de-339-mil-estudantes\/"},"modified":"2026-06-01T19:59:12","modified_gmt":"2026-06-01T22:59:12","slug":"sp-retoma-saresp-para-3a-serie-do-ensino-medio-e-avalia-aprendizagem-de-339-mil-estudantes","status":"publish","type":"post","link":"https:\/\/guialimeira.com.br\/news\/sp-retoma-saresp-para-3a-serie-do-ensino-medio-e-avalia-aprendizagem-de-339-mil-estudantes\/","title":{"rendered":"SP retoma Saresp para 3\u00aa s\u00e9rie do Ensino M\u00e9dio e avalia aprendizagem de 339 mil estudantes"},"content":{"rendered":"<p> <br \/>\n<br \/><img data-recalc-dims=\"1\" decoding=\"async\" src=\"https:\/\/i0.wp.com\/www.agenciasp.sp.gov.br\/wp-content\/uploads\/2026\/06\/Texto_Saresp-3a-serie_.jpg.jpeg?w=696&#038;ssl=1\" \/><\/p>\n<div>\n<p class=\"wp-block-paragraph\">Estudantes da 3\u00aa s\u00e9rie do Ensino M\u00e9dio da rede estadual participar\u00e3o neste m\u00eas de uma nova etapa do sistema de avalia\u00e7\u00e3o da Secretaria da Educa\u00e7\u00e3o de S\u00e3o Paulo. Com foco no monitoramento da aprendizagem em l\u00edngua portuguesa e matem\u00e1tica, o Saresp passar\u00e1 a complementar o Prov\u00e3o Paulista Seriado, que segue como principal instrumento de acesso dos alunos da rede p\u00fablica ao ensino superior. Os resultados ser\u00e3o divulgados antes do in\u00edcio do segundo semestre letivo e servir\u00e3o de base para a\u00e7\u00f5es pedag\u00f3gicas nas escolas.<\/p>\n<p class=\"wp-block-paragraph\">O Saresp para 3\u00aa s\u00e9rie do Ensino M\u00e9dio vai garantir a retomada da s\u00e9rie hist\u00f3rica da avalia\u00e7\u00e3o e tamb\u00e9m a comparabilidade entre edi\u00e7\u00f5es passadas e as que vir\u00e3o. Isso porque o modelo da prova \u00e9 o da teoria da resposta ao item (TRI), mesmo par\u00e2metro do Saresp dos anos iniciais (2\u00ba e 5\u00ba anos) e anos finais (6\u00ba ao 9\u00ba ano).<\/p>\n<p class=\"wp-block-paragraph\"><strong>LEIA TAMB\u00c9M: <a href=\"https:\/\/www.agenciasp.sp.gov.br\/governo-de-sp-amplia-ensino-tecnico-melhora-desempenho-no-saresp-e-acelera-investimentos-em-educacao\/\" rel=\"noopener\">Governo de SP amplia ensino t\u00e9cnico, melhora desempenho no Saresp e acelera investimentos em educa\u00e7\u00e3o<\/a><\/strong><\/p>\n<p class=\"wp-block-paragraph\">\u201cEm 2023, o governo de S\u00e3o Paulo optou por ampliar o acesso do aluno da rede estadual ao ensino superior e instituiu o Prov\u00e3o Paulista Seriado. De l\u00e1 para c\u00e1, foram abertas mais de 46 mil vagas nas principais universidades da Am\u00e9rica Latina, incluindo a Universidade de S\u00e3o Paulo (USP), a Universidade Estadual de Campinas (Unicamp) e a Universidade Estadual Paulista (Unesp). Por outro lado, por causa do formato do exame, de perfil semelhante ao dos vestibulares, n\u00e3o \u00e9 poss\u00edvel fazer a compara\u00e7\u00e3o entre anos e investigar com mais detalhes a aprendizagem dos nossos estudantes ao final da educa\u00e7\u00e3o b\u00e1sica, como fazemos com os demais ciclos\u201d, explica o secret\u00e1rio da Educa\u00e7\u00e3o de S\u00e3o Paulo, Renato Feder.<\/p>\n<p class=\"wp-block-paragraph\">No Saresp 2025, o desempenho em Matem\u00e1tica no ensino fundamental teve crescimento nos 2\u00ba, 5\u00ba e 9\u00ba anos. Segundo a Seduc-SP, os resultados superam os n\u00edveis observados no per\u00edodo pr\u00e9-pandemia em parte dos indicadores. A taxa de presen\u00e7a dos estudantes, que era de 82,5% em 2023, chegou a 91,1%, o maior \u00edndice da s\u00e9rie hist\u00f3rica. O n\u00famero representa 300 mil alunos a mais em sala de aula todos os dias.<\/p>\n<p class=\"wp-block-paragraph\"><strong>LEIA TAMB\u00c9M: <a href=\"https:\/\/www.agenciasp.sp.gov.br\/sp-retoma-saresp-para-3a-serie-do-ensino-medio-e-avalia-aprendizagem-de-339-mil-estudantes-em-junho\/Saresp: SP avan\u00e7a em matem\u00e1tica em todas as s\u00e9ries do Fundamental desde o in\u00edcio da gest\u00e3o\" rel=\"noopener\">Saresp: SP avan\u00e7a em matem\u00e1tica em todas as s\u00e9ries do Fundamental desde o in\u00edcio da gest\u00e3o<\/a><\/strong><\/p>\n<p class=\"wp-block-paragraph\">Em L\u00edngua Portuguesa, os resultados confirmam a consolida\u00e7\u00e3o da recupera\u00e7\u00e3o da aprendizagem no Ensino Fundamental. No 9\u00ba ano, a m\u00e9dia alcan\u00e7ou 243 pontos, alta de 8,6 pontos desde 2023. No 5\u00ba ano, a pontua\u00e7\u00e3o chegou a 213,9 pontos, crescimento de 13,2 pontos no mesmo per\u00edodo. A m\u00e9dia foi de 191,7 pontos no 2\u00ba ano, resultado que mostra estabilidade em rela\u00e7\u00e3o a 2024 e 17 pontos acima do registrado em 2023.<\/p>\n<p class=\"wp-block-paragraph\">O resultado \u00e9 reflexo de um conjunto de iniciativas implantadas desde 2023, que fortaleceram a rede de ensino, como amplia\u00e7\u00e3o do tempo destinado \u00e0 aprendizagem, readequa\u00e7\u00e3o da matriz curricular, uso das plataformas digitais e programas de monitoria.<\/p>\n<p class=\"wp-block-paragraph\"><strong>LEIA TAMB\u00c9M:\u00a0<a href=\"https:\/\/www.agenciasp.sp.gov.br\/matific-tarefasp-e-mais-conheca-as-ferramentas-que-ajudaram-estudantes-de-sp-no-desempenho-no-saresp\/\" rel=\"noopener\">Matific, TarefaSP e mais: conhe\u00e7a as ferramentas que ajudaram estudantes de SP no desempenho no Saresp<\/a><\/strong><\/p>\n<p class=\"wp-block-paragraph\">Os resultados do Saresp da 3\u00aa s\u00e9rie n\u00e3o ser\u00e3o utilizados para o c\u00e1lculo do b\u00f4nus de professores e profissionais da educa\u00e7\u00e3o de 2027. O Prov\u00e3o continua como referencial para o Ensino M\u00e9dio. No entanto, ser\u00e1 poss\u00edvel comparar o desempenho com as provas de 2022, \u00faltimo ano em que foi realizado.<\/p>\n<p class=\"wp-block-paragraph\">\u201cOutro aspecto importante do Saresp no meio do ano \u00e9 a possibilidade de classificar os estudantes por n\u00edvel de profici\u00eancia (abaixo do b\u00e1sico, b\u00e1sico, adequado e avan\u00e7ado) e corrigir as lacunas de aprendizagem no segundo semestre, antes do fim do ciclo. O retorno do Saresp tamb\u00e9m vai nos permitir comparar o desempenho dos nossos estudantes de hoje com os de 2022, antes das mudan\u00e7as da implanta\u00e7\u00e3o no Novo Ensino M\u00e9dio e da expans\u00e3o do ensino t\u00e9cnico profissionalizante na rede paulista\u201d, afirma Daniel Barros, subsecret\u00e1rio pedag\u00f3gico da Seduc-SP.<\/p>\n<p class=\"wp-block-paragraph\"><strong>LEIA TAMB\u00c9M: <a href=\"https:\/\/www.agenciasp.sp.gov.br\/estado-de-sp-atinge-maior-patamar-de-desenvolvimento-humano-em-13-anos\/\" rel=\"noopener\">Estado de SP atinge maior patamar de desenvolvimento humano em 13 anos<\/a><\/strong><\/p>\n<h3 class=\"wp-block-heading\">Simulado para o Prov\u00e3o<\/h3>\n<p class=\"wp-block-paragraph\">Na prova prevista para 23 de junho, 339 mil estudantes da rede estadual responder\u00e3o a 48 quest\u00f5es de m\u00faltipla escolha \u2014 24 de l\u00edngua portuguesa e 24 de matem\u00e1tica \u2014 elaboradas de acordo com o conte\u00fado program\u00e1tico do Curr\u00edculo Paulista para a 1\u00aa, 2\u00aa e 3\u00aa s\u00e9rie. A prova \u00e9 digital e deve ser feita no mesmo turno em que o aluno est\u00e1 matriculado (manh\u00e3, tarde ou noite).<\/p>\n<p class=\"wp-block-paragraph\">A avalia\u00e7\u00e3o ser\u00e1 aplicada na semana ap\u00f3s a Prova Paulista do 2\u00ba bimestre, de car\u00e1ter formativo e aplicado a cada bimestre na rede. As escolas poder\u00e3o utilizar os resultados das duas provas para compor, junto com atividades complementares, as notas do bimestre.<\/p>\n<p class=\"wp-block-paragraph\">Apesar das diferen\u00e7as do formato, o conte\u00fado exigido no Prov\u00e3o Paulista e Saresp s\u00e3o semelhantes. Por isso, os alunos da 3\u00aa s\u00e9rie podem aproveitar a avalia\u00e7\u00e3o para se preparar para os exames do fim do ano, que ainda incluem outros componentes curriculares \u2014 hist\u00f3ria, geografia, qu\u00edmica, f\u00edsica, biologia e l\u00edngua inglesa.<\/p>\n<p class=\"wp-block-paragraph\">O <a href=\"https:\/\/doe.sp.gov.br\/executivo\/secretaria-da-educacao\/resolucao-seduc-n-58-de-27-de-maio-de-2026-20260528112412201880620\" data-type=\"link\" data-id=\"https:\/\/doe.sp.gov.br\/executivo\/secretaria-da-educacao\/resolucao-seduc-n-58-de-27-de-maio-de-2026-20260528112412201880620\" target=\"_blank\" rel=\"noopener\">edital com as regras da avalia\u00e7\u00e3o <\/a>est\u00e1 publicado no Di\u00e1rio Oficial do Estado. <\/p>\n<\/p><\/div>\n<p><br \/>\n<br \/><a href=\"https:\/\/www.agenciasp.sp.gov.br\/sp-retoma-saresp-para-3a-serie-do-ensino-medio-e-avalia-aprendizagem-de-339-mil-estudantes-em-junho\/\" rel=\"noopener\">Informa\u00e7\u00f5es GOV.SP<\/a><\/p>\n","protected":false},"excerpt":{"rendered":"<p>Estudantes da 3\u00aa s\u00e9rie do Ensino M\u00e9dio da rede estadual participar\u00e3o neste m\u00eas de uma nova etapa do sistema de avalia\u00e7\u00e3o da Secretaria da Educa\u00e7\u00e3o de S\u00e3o Paulo. Com foco no monitoramento da aprendizagem em l\u00edngua portuguesa e matem\u00e1tica, o Saresp passar\u00e1 a complementar o Prov\u00e3o Paulista Seriado, que segue como principal instrumento de acesso [&hellip;]<\/p>\n","protected":false},"author":1,"featured_media":67595,"comment_status":"","ping_status":"open","sticky":false,"template":"","format":"standard","meta":{"_jetpack_newsletter_access":"","_jetpack_dont_email_post_to_subs":false,"_jetpack_newsletter_tier_id":0,"_jetpack_memberships_contains_paywalled_content":false,"_mbp_banners":[],"_jetpack_feature_clip_id":0,"_jetpack_memberships_contains_paid_content":false,"footnotes":"","jetpack_publicize_message":"","jetpack_publicize_feature_enabled":true,"jetpack_social_post_already_shared":true,"jetpack_social_options":{"image_generator_settings":{"template":"highway","default_image_id":0,"font":"","enabled":false},"version":2},"jetpack_post_was_ever_published":false},"categories":[21],"tags":[],"class_list":["post-67594","post","type-post","status-publish","format-standard","has-post-thumbnail","category-sp-news"],"jetpack_publicize_connections":[],"jetpack-related-posts":[],"jetpack_shortlink":"https:\/\/wp.me\/p7Eq1F-hAe","jetpack_sharing_enabled":true,"jetpack_featured_media_url":"https:\/\/i0.wp.com\/guialimeira.com.br\/news\/wp-content\/uploads\/2026\/06\/SP-retoma-Saresp-para-3a-serie-do-Ensino-Medio-e.jpeg?fit=1600%2C1069&ssl=1","_links":{"self":[{"href":"https:\/\/guialimeira.com.br\/news\/wp-json\/wp\/v2\/posts\/67594","targetHints":{"allow":["GET"]}}],"collection":[{"href":"https:\/\/guialimeira.com.br\/news\/wp-json\/wp\/v2\/posts"}],"about":[{"href":"https:\/\/guialimeira.com.br\/news\/wp-json\/wp\/v2\/types\/post"}],"author":[{"embeddable":true,"href":"https:\/\/guialimeira.com.br\/news\/wp-json\/wp\/v2\/users\/1"}],"replies":[{"embeddable":true,"href":"https:\/\/guialimeira.com.br\/news\/wp-json\/wp\/v2\/comments?post=67594"}],"version-history":[{"count":0,"href":"https:\/\/guialimeira.com.br\/news\/wp-json\/wp\/v2\/posts\/67594\/revisions"}],"wp:featuredmedia":[{"embeddable":true,"href":"https:\/\/guialimeira.com.br\/news\/wp-json\/wp\/v2\/media\/67595"}],"wp:attachment":[{"href":"https:\/\/guialimeira.com.br\/news\/wp-json\/wp\/v2\/media?parent=67594"}],"wp:term":[{"taxonomy":"category","embeddable":true,"href":"https:\/\/guialimeira.com.br\/news\/wp-json\/wp\/v2\/categories?post=67594"},{"taxonomy":"post_tag","embeddable":true,"href":"https:\/\/guialimeira.com.br\/news\/wp-json\/wp\/v2\/tags?post=67594"}],"curies":[{"name":"wp","href":"https:\/\/api.w.org\/{rel}","templated":true}]}}