{"id":67593,"date":"2026-06-01T19:55:58","date_gmt":"2026-06-01T22:55:58","guid":{"rendered":"https:\/\/guialimeira.com.br\/camara-aprova-nove-projetos-e-encaminha-13-requerimentos-a-prefeitura\/"},"modified":"2026-06-01T19:55:58","modified_gmt":"2026-06-01T22:55:58","slug":"camara-aprova-nove-projetos-e-encaminha-13-requerimentos-a-prefeitura","status":"publish","type":"post","link":"https:\/\/guialimeira.com.br\/news\/camara-aprova-nove-projetos-e-encaminha-13-requerimentos-a-prefeitura\/","title":{"rendered":"C\u00e2mara aprova nove projetos e encaminha 13 requerimentos \u00e0 Prefeitura"},"content":{"rendered":"<p>C\u00e2mara aprova nove projetos e encaminha 13 requerimentos \u00e0 Prefeitura<\/p>\n<p>A C\u00e2mara Municipal de Limeira aprovou nove projetos pautados na Ordem do Dia desta segunda-feira, 1\u00ba de junho. Os parlamentares tamb\u00e9m discutiram e encaminharam \u00e0 Prefeitura 13 requerimentos durante o Expediente, no qual os documentos protocolados na C\u00e2mara s\u00e3o lidos.<\/p>\n<p>Leitura de relat\u00f3rio da CPI<\/p>\n<p>Durante a sess\u00e3o, tamb\u00e9m foi lido o relat\u00f3rio final da Comiss\u00e3o Parlamentar de Inqu\u00e9rito (CPI) da C\u00e2mara Municipal de Limeira, que apurou eventuais irregularidades no contrato entre a Prefeitura e o Hospital Hapvida. O documento foi aprovado no dia 26 de maio pela CPI e, conforme Regimento Interno, o encerramento dos trabalhos \u00e9 comunicado em Plen\u00e1rio.<\/p>\n<p>O relat\u00f3rio pode ser acessado na \u00edntegra neste link.<\/p>\n<p>Campanha do Agasalho<\/p>\n<p>A C\u00e2mara Municipal de Limeira deu in\u00edcio nesta segunda-feira, 1\u00b0 de junho, \u00e0 campanha do agasalho: \u201cSolidariedade que aquece\u201d para ajudar as pessoas mais necessitadas. Para promover a iniciativa, o presidente Everton Ferreira (PSD) falou sobre os pontos de coleta e as caixas de coleta foram expostas \u00e0 frente da Mesa Diretora.<\/p>\n<p>Al\u00e9m do recebimento de doa\u00e7\u00f5es no pr\u00e9dio do pr\u00f3prio Legislativo, na recep\u00e7\u00e3o, as caixas ficar\u00e3o localizadas nas empresas que comp\u00f5em o condom\u00ednio empresarial Europa Center. A lista completa est\u00e1 neste link com demais orienta\u00e7\u00f5es. Podem ser doados blusas, cal\u00e7as, cobertores, cal\u00e7ados, roupas de cama e roupas para animais de estima\u00e7\u00e3o.<\/p>\n<p>As doa\u00e7\u00f5es podem ser depositadas nas caixas de coleta no pr\u00e9dio empresarial, de segunda a sexta-feira, durante o hor\u00e1rio comercial, das 8h \u00e0s 18h, at\u00e9 o dia 24 de julho. O condom\u00ednio est\u00e1 localizado na rua Clarino Peixoto de Oliveira, 280 &#8211; Jardim Maria Buchi Modeneis. Para entrar no pr\u00e9dio, basta se identificar na portaria e seguir aos pontos de arrecada\u00e7\u00e3o.<\/p>\n<p>Confira o resultado da vota\u00e7\u00e3o da Ordem do Dia:<\/p>\n<p>Aprovado &#8211; Projeto de Decreto Legislativo N\u00ba 7\/2025, do vereador Marcio do Estacionamento (DC), concede o Diploma de Gratid\u00e3o da cidade de Limeira e a Medalha M\u00e9rito C\u00edvico 15 de Setembro \u201cOrdem de Tatuibi\u201d a Josiane Cristina dos Santos Alves Silvestrini.<\/p>\n<p>Aprovado &#8211;\u00a0 Projeto de Resolu\u00e7\u00e3o N\u00ba 7\/2026, do vereador Guilherme Guido (PL), institui a distin\u00e7\u00e3o honor\u00edfica aos profissionais de Educa\u00e7\u00e3o F\u00edsica sob o t\u00edtulo \u201cDiploma Profissional de Educa\u00e7\u00e3o F\u00edsica de Destaque\u201d, no \u00e2mbito da C\u00e2mara Municipal de Limeira.<\/p>\n<p>Aprovado &#8211; Projeto de Decreto Legislativo N\u00ba 10\/2026, da vereadora Bruna Magalh\u00e3es (PRTB), concede o T\u00edtulo de Cidad\u00e3o Limeirense a Mateus Marcos de Mesquita.<\/p>\n<p>Aprovado &#8211; Projeto de Decreto Legislativo N\u00ba 11\/2026, da vereadora Bruna Magalh\u00e3es (PRTB), concede o T\u00edtulo de Cidad\u00e3 Limeirense a D\u00e2maris Ambrosino de Mesquita.<\/p>\n<p>Aprovado &#8211; Projeto de Decreto Legislativo N\u00ba 12\/2026, do vereador Everton Ferreira (PSD), modifica dispositivos do Decreto Legislativo N\u00ba 04\/80, que institui a Medalha de M\u00e9rito C\u00edvico 15 de Setembro.<\/p>\n<p>Aprovado &#8211; Projeto de Lei N\u00ba 66\/2026, do vereador Everton Ferreira (PSD), institui diretrizes para a Pol\u00edtica Municipal de Aten\u00e7\u00e3o \u00e0 Pessoa com Atrofia Muscular Espinhal (AME).<\/p>\n<p>Aprovado &#8211; Projeto de Lei N\u00ba 270\/2025, do vereador M\u00e1rcio do Estacionamento (DC), institui no Calend\u00e1rio Oficial do Munic\u00edpio o Limeira Matsuri, Festival de Cultura e Gastronomia Oriental.<\/p>\n<p>Aprovado &#8211;\u00a0 Projeto de Lei N\u00ba 17\/2026, do vereador Felipe Penedo (PL), perpetua o nome de Bertha Madalena Hergert Salatti na estrada rural denominada LIM 419.<\/p>\n<p>Aprovado &#8211; Projeto de Decreto Legislativo N\u00ba 13\/2026, do vereador Everton Ferreira (PSD), acrescenta o inc. XXI ao art. 1\u00ba do Decreto Legislativo N\u00ba 11\/2026, que concede o Diploma \u201cHonra e Bravura\u201d, nos termos da Resolu\u00e7\u00e3o N\u00ba 913\/2025.<\/p>\n<hr>\n<p><em>Fonte: <a href=\"https:\/\/www.limeira.sp.leg.br\/noticias\/view\/2026-06-01_camara-aprova-nove-projetos-e-encaminha-13-requerimentos-a-prefeitura\" target=\"_blank\" rel=\"noopener\">C\u00e2mara Municipal de Limeira<\/a><\/em><\/p>\n","protected":false},"excerpt":{"rendered":"<p>C\u00e2mara aprova nove projetos e encaminha 13 requerimentos \u00e0 Prefeitura<\/p>\n<p>A C\u00e2mara Municipal de Limeira aprovou nove projetos pautados na Ordem do Dia desta segunda-feira, 1\u00ba de junho. Os parlamentares tamb\u00e9m discutiram e encaminharam \u00e0 Prefeitura 13 requerimentos durante o Expediente, no qual os docum<\/p>\n","protected":false},"author":4,"featured_media":67592,"comment_status":"","ping_status":"open","sticky":false,"template":"","format":"standard","meta":{"_jetpack_newsletter_access":"","_jetpack_dont_email_post_to_subs":false,"_jetpack_newsletter_tier_id":0,"_jetpack_memberships_contains_paywalled_content":false,"_mbp_banners":[],"_jetpack_feature_clip_id":0,"_jetpack_memberships_contains_paid_content":false,"footnotes":"","jetpack_publicize_message":"","jetpack_publicize_feature_enabled":true,"jetpack_social_post_already_shared":true,"jetpack_social_options":{"image_generator_settings":{"template":"highway","default_image_id":0,"font":"","enabled":false},"version":2},"jetpack_post_was_ever_published":false},"categories":[19],"tags":[],"class_list":["post-67593","post","type-post","status-publish","format-standard","has-post-thumbnail","category-politica"],"jetpack_publicize_connections":[],"jetpack-related-posts":[],"jetpack_shortlink":"https:\/\/wp.me\/p7Eq1F-hAd","jetpack_sharing_enabled":true,"jetpack_featured_media_url":"https:\/\/i0.wp.com\/guialimeira.com.br\/news\/wp-content\/uploads\/2026\/06\/noticia-camara-4.jpg?fit=1280%2C640&ssl=1","_links":{"self":[{"href":"https:\/\/guialimeira.com.br\/news\/wp-json\/wp\/v2\/posts\/67593","targetHints":{"allow":["GET"]}}],"collection":[{"href":"https:\/\/guialimeira.com.br\/news\/wp-json\/wp\/v2\/posts"}],"about":[{"href":"https:\/\/guialimeira.com.br\/news\/wp-json\/wp\/v2\/types\/post"}],"author":[{"embeddable":true,"href":"https:\/\/guialimeira.com.br\/news\/wp-json\/wp\/v2\/users\/4"}],"replies":[{"embeddable":true,"href":"https:\/\/guialimeira.com.br\/news\/wp-json\/wp\/v2\/comments?post=67593"}],"version-history":[{"count":0,"href":"https:\/\/guialimeira.com.br\/news\/wp-json\/wp\/v2\/posts\/67593\/revisions"}],"wp:featuredmedia":[{"embeddable":true,"href":"https:\/\/guialimeira.com.br\/news\/wp-json\/wp\/v2\/media\/67592"}],"wp:attachment":[{"href":"https:\/\/guialimeira.com.br\/news\/wp-json\/wp\/v2\/media?parent=67593"}],"wp:term":[{"taxonomy":"category","embeddable":true,"href":"https:\/\/guialimeira.com.br\/news\/wp-json\/wp\/v2\/categories?post=67593"},{"taxonomy":"post_tag","embeddable":true,"href":"https:\/\/guialimeira.com.br\/news\/wp-json\/wp\/v2\/tags?post=67593"}],"curies":[{"name":"wp","href":"https:\/\/api.w.org\/{rel}","templated":true}]}}