{"id":6759,"date":"2024-05-28T17:39:44","date_gmt":"2024-05-28T20:39:44","guid":{"rendered":"https:\/\/guialimeira.com.br\/2024\/05\/28\/prefeitura-de-limeira-e-reconhecida-pelo-sebrae-por-projetos-empreendedores\/"},"modified":"2024-05-28T17:39:44","modified_gmt":"2024-05-28T20:39:44","slug":"prefeitura-de-limeira-e-reconhecida-pelo-sebrae-por-projetos-empreendedores","status":"publish","type":"post","link":"https:\/\/guialimeira.com.br\/news\/prefeitura-de-limeira-e-reconhecida-pelo-sebrae-por-projetos-empreendedores\/","title":{"rendered":"Prefeitura de Limeira \u00e9 reconhecida pelo Sebrae por projetos empreendedores"},"content":{"rendered":"<p> <br \/>\n<\/p>\n<div>\n            <main class=\"\">&#13;<br \/>\n                &#13;<br \/>\n&#13;<br \/>\n&#13;<br \/>\n&#13;<br \/>\n    <img data-recalc-dims=\"1\" decoding=\"async\" src=\"https:\/\/i0.wp.com\/ecrie.com.br\/sistema\/conteudos\/imagem\/m_137_0_1_28052024172200.png?w=696&#038;ssl=1\" alt=\"Prefeitura de Limeira \u00e9 reconhecida pelo Sebrae por projetos empreendedores\"\/>&#13;<br \/>\n&#13;<\/p>\n<p style=\"text-align: justify;\" align=\"justify\">A Prefeitura de Limeira recebeu o selo de \u201cPrefeitura Empreendedora\u201d, do Sebrae, entregue nesta ter\u00e7a-feira (28) ao prefeito Mario Botion e ao secret\u00e1rio de Desenvolvimento, Turismo e Inova\u00e7\u00e3o, Tito Almirall. Estavam presentes o gerente do Sebrae Piracicaba, F\u00e1bio Gerlach, e o consultor Anderson Santos. Dois projetos renderam o pr\u00eamio: Olimp\u00edada Limeirense de Empreendedorismo (OLE) e Conex\u00f5es do Futuro.<\/p>\n<p>&#13;<\/p>\n<p style=\"text-align: justify;\" align=\"justify\">A OLE \u00e9 uma competi\u00e7\u00e3o desenvolvida entre jovens do ensino m\u00e9dio de escolas p\u00fablicas de Limeira com objetivo de introduzir conceitos de empreendedorismo sustent\u00e1vel a partir da capacita\u00e7\u00e3o de professores, coordenadores e, em especial, de alunos. O objetivo \u00e9 desenvolver habilidades empreendedoras e inovadoras, al\u00e9m de estimular a cria\u00e7\u00e3o de um ambiente criativo, inovador e empreendedor.<\/p>\n<p>&#13;<\/p>\n<p style=\"text-align: justify;\" align=\"justify\">J\u00e1 o projeto Conex\u00f5es do Futuro engloba um conjunto de a\u00e7\u00f5es voltadas ao desenvolvimento econ\u00f4mico, como a Sala do Empreendedor, o incentivo \u00e0 participa\u00e7\u00e3o de empresas limeirenses nas compras p\u00fablicas, marketing territorial \u2013 Limeira \u00e9 a Capital Nacional da Joia Folheada \u2013, e o Espa\u00e7o Elo, que \u00e9 dedicado \u00e0 empregabilidade, ao empreendedorismo e \u00e0 inova\u00e7\u00e3o, com diversos servi\u00e7os.<\/p>\n<p>&#13;<\/p>\n<p style=\"text-align: justify;\" align=\"justify\">Tamb\u00e9m estiveram presentes durante a entrega da premia\u00e7\u00e3o, realizada no Gabinete do Prefeito, a assessora de Fomento ao Desenvolvimento, Vanessa Buzolin, e o ex-diretor da Secretaria de Desenvolvimento, Estev\u00e3o Nogueira \u2013 durante o governo Mario Botion, ele coordenou os projetos reconhecidos pelo Sebrae.<\/p>\n<p>&#13;<br \/>\n&#13;<br \/>\n&#13;<br \/>\n&#13;<\/p>\n<aside class=\"list-related no-print\">&#13;<br \/>\n        &#13;<br \/>\n&#13;<\/p>\n<article class=\"list-item noticias \">&#13;<br \/>\n                    <a class=\"list-item__img\" href=\"https:\/\/limeira.sp.gov.br\/imprensa\/noticias\/desenvolvimento-turismo-e-inovacao\/confira-os-servicos-municipais-no-feriado-de-corpuschristi\" tabindex=\"-1\" aria-hidden=\"true\" rel=\"noopener\">&#13;<br \/>\n                        <img data-recalc-dims=\"1\" decoding=\"async\" src=\"https:\/\/i0.wp.com\/ecrie.com.br\/sistema\/conteudos\/imagem\/m_137_0_1_27052024143547.jpg?w=696&#038;ssl=1\" alt=\"Confira os servi\u00e7os municipais no feriado de Corpus\u00a0Christi\"\/>&#13;<br \/>\n                    <\/a>&#13;<br \/>\n&#13;<br \/>\n                &#13;<br \/>\n            <\/article>\n<p>&#13;<\/p>\n<article class=\"list-item noticias \">&#13;<br \/>\n                    <a class=\"list-item__img\" href=\"https:\/\/limeira.sp.gov.br\/imprensa\/noticias\/desenvolvimento-turismo-e-inovacao\/evento-celebra-5-dia-da-industria-em-limeira\" tabindex=\"-1\" aria-hidden=\"true\" rel=\"noopener\">&#13;<br \/>\n                        <img data-recalc-dims=\"1\" decoding=\"async\" src=\"https:\/\/i0.wp.com\/ecrie.com.br\/sistema\/conteudos\/imagem\/m_137_0_4_24052024161300.jpg?w=696&#038;ssl=1\" alt=\"Evento celebra 5\u00ba Dia da Ind\u00fastria em Limeira\"\/>&#13;<br \/>\n                    <\/a>&#13;<br \/>\n&#13;<br \/>\n                &#13;<br \/>\n            <\/article>\n<p>&#13;<\/p>\n<article class=\"list-item noticias \">&#13;<br \/>\n                    <a class=\"list-item__img\" href=\"https:\/\/limeira.sp.gov.br\/imprensa\/noticias\/desenvolvimento-turismo-e-inovacao\/encontro-debate-empregabilidade-para-pessoa-com-deficiencia\" tabindex=\"-1\" aria-hidden=\"true\" rel=\"noopener\">&#13;<br \/>\n                        <img data-recalc-dims=\"1\" decoding=\"async\" src=\"https:\/\/i0.wp.com\/ecrie.com.br\/sistema\/conteudos\/imagem\/m_137_0_1_22052024164710.jpg?w=696&#038;ssl=1\" alt=\"Encontro debate empregabilidade para pessoa com defici\u00eancia\"\/>&#13;<br \/>\n                    <\/a>&#13;<br \/>\n&#13;<br \/>\n                &#13;<br \/>\n            <\/article>\n<p>&#13;<br \/>\n    <\/aside>\n<p>&#13;<br \/>\n&#13;<br \/>\n            <\/main><\/p><\/div>\n<p><br \/>\n<br \/><a href=\"https:\/\/limeira.sp.gov.br\/prefeitura-de-limeira-e-reconhecida-pelo-sebrae-por-projetos-empreendedores\" rel=\"noopener\">Informa\u00e7\u00f5es da PML <\/a><\/p>\n","protected":false},"excerpt":{"rendered":"<p>&#13; &#13; &#13; &#13; &#13; &#13; &#13; A Prefeitura de Limeira recebeu o selo de \u201cPrefeitura Empreendedora\u201d, do Sebrae, entregue nesta ter\u00e7a-feira (28) ao prefeito Mario Botion e ao secret\u00e1rio de Desenvolvimento, Turismo e Inova\u00e7\u00e3o, Tito Almirall. Estavam presentes o gerente do Sebrae Piracicaba, F\u00e1bio Gerlach, e o consultor Anderson Santos. Dois projetos renderam o [&hellip;]<\/p>\n","protected":false},"author":1,"featured_media":6760,"comment_status":"open","ping_status":"open","sticky":false,"template":"","format":"standard","meta":{"_jetpack_newsletter_access":"","_jetpack_dont_email_post_to_subs":false,"_jetpack_newsletter_tier_id":0,"_jetpack_memberships_contains_paywalled_content":false,"_mbp_banners":[],"_jetpack_feature_clip_id":0,"_jetpack_memberships_contains_paid_content":false,"footnotes":"","jetpack_publicize_message":"","jetpack_publicize_feature_enabled":true,"jetpack_social_post_already_shared":true,"jetpack_social_options":{"image_generator_settings":{"template":"highway","default_image_id":0,"font":"","enabled":false},"version":2},"jetpack_post_was_ever_published":false},"categories":[16],"tags":[],"class_list":["post-6759","post","type-post","status-publish","format-standard","has-post-thumbnail","category-local"],"jetpack_publicize_connections":[],"jetpack-related-posts":[],"jetpack_shortlink":"https:\/\/wp.me\/p7Eq1F-1L1","jetpack_sharing_enabled":true,"jetpack_featured_media_url":"https:\/\/i0.wp.com\/guialimeira.com.br\/news\/wp-content\/uploads\/2024\/05\/m_137_0_1_28052024172200.png?fit=1280%2C852&ssl=1","_links":{"self":[{"href":"https:\/\/guialimeira.com.br\/news\/wp-json\/wp\/v2\/posts\/6759","targetHints":{"allow":["GET"]}}],"collection":[{"href":"https:\/\/guialimeira.com.br\/news\/wp-json\/wp\/v2\/posts"}],"about":[{"href":"https:\/\/guialimeira.com.br\/news\/wp-json\/wp\/v2\/types\/post"}],"author":[{"embeddable":true,"href":"https:\/\/guialimeira.com.br\/news\/wp-json\/wp\/v2\/users\/1"}],"replies":[{"embeddable":true,"href":"https:\/\/guialimeira.com.br\/news\/wp-json\/wp\/v2\/comments?post=6759"}],"version-history":[{"count":0,"href":"https:\/\/guialimeira.com.br\/news\/wp-json\/wp\/v2\/posts\/6759\/revisions"}],"wp:featuredmedia":[{"embeddable":true,"href":"https:\/\/guialimeira.com.br\/news\/wp-json\/wp\/v2\/media\/6760"}],"wp:attachment":[{"href":"https:\/\/guialimeira.com.br\/news\/wp-json\/wp\/v2\/media?parent=6759"}],"wp:term":[{"taxonomy":"category","embeddable":true,"href":"https:\/\/guialimeira.com.br\/news\/wp-json\/wp\/v2\/categories?post=6759"},{"taxonomy":"post_tag","embeddable":true,"href":"https:\/\/guialimeira.com.br\/news\/wp-json\/wp\/v2\/tags?post=6759"}],"curies":[{"name":"wp","href":"https:\/\/api.w.org\/{rel}","templated":true}]}}