{"id":67580,"date":"2026-06-01T18:57:30","date_gmt":"2026-06-01T21:57:30","guid":{"rendered":"https:\/\/guialimeira.com.br\/operacao-da-policia-civil-prende-integrantes-de-faccao-com-atuacao-na-baixada-santista\/"},"modified":"2026-06-01T18:57:30","modified_gmt":"2026-06-01T21:57:30","slug":"operacao-da-policia-civil-prende-integrantes-de-faccao-com-atuacao-na-baixada-santista","status":"publish","type":"post","link":"https:\/\/guialimeira.com.br\/news\/operacao-da-policia-civil-prende-integrantes-de-faccao-com-atuacao-na-baixada-santista\/","title":{"rendered":"Opera\u00e7\u00e3o da Pol\u00edcia Civil prende integrantes de fac\u00e7\u00e3o com atua\u00e7\u00e3o na Baixada Santista"},"content":{"rendered":"<p> <br \/>\n<br \/><img data-recalc-dims=\"1\" decoding=\"async\" src=\"https:\/\/i0.wp.com\/www.agenciasp.sp.gov.br\/wp-content\/uploads\/2026\/04\/policia-civil-viatura-policiais.jpeg?w=696&#038;ssl=1\" \/><\/p>\n<div>\n<p class=\"wp-block-paragraph\">A Pol\u00edcia Civil prendeu quatro integrantes de uma organiza\u00e7\u00e3o criminosa durante a Opera\u00e7\u00e3o Acato, realizada nesta segunda-feira (1\u00b0), na Baixada Santista. Entre os presos est\u00e1 o homem apontado como l\u00edder do setor de \u201cdisciplina\u201d da fac\u00e7\u00e3o criminosa na regi\u00e3o.<\/p>\n<p class=\"wp-block-paragraph\">Ao todo, foram cumpridos cinco mandados de busca e apreens\u00e3o e quatro pris\u00f5es tempor\u00e1rias nos munic\u00edpios de Mongagu\u00e1, Peru\u00edbe, Praia Grande e Guaruj\u00e1.<\/p>\n<p class=\"wp-block-paragraph\">As investiga\u00e7\u00f5es come\u00e7aram h\u00e1 cerca de tr\u00eas meses, quando a Pol\u00edcia Civil intensificou as a\u00e7\u00f5es de combate ao crime organizado voltadas ao n\u00facleo conhecido como \u201cdisciplinas\u201d, setor respons\u00e1vel por impor regras internas, aplicar puni\u00e7\u00f5es e garantir o cumprimento das ordens da fac\u00e7\u00e3o.<\/p>\n<p class=\"wp-block-paragraph\">Ap\u00f3s trabalhos de intelig\u00eancia, os agentes identificaram os envolvidos ligados \u00e0 estrutura criminosa na Baixada Santista e no Vale do Ribeira. Com isso, a Justi\u00e7a expediu as ordens judiciais.<\/p>\n<p class=\"wp-block-paragraph\"><strong>LEIA TAMB\u00c9M:<\/strong> <a href=\"https:\/\/www.agenciasp.sp.gov.br\/policia-civil-de-sp-prende-suspeitos-de-integrar-quadrilha-especializada-em-invasao-de-condominios-na-capital\/\" rel=\"noopener\">Pol\u00edcia Civil de SP prende suspeitos de integrar quadrilha especializada em invas\u00e3o de condom\u00ednios na capital<\/a><\/p>\n<p class=\"wp-block-paragraph\">No Guaruj\u00e1, os policiais prenderam o homem apontado como um dos l\u00edderes do bando. Com ele, foram apreendidos documentos, tr\u00eas celulares e um ve\u00edculo. Em Praia Grande, foi preso o suspeito identificado como respons\u00e1vel pela regi\u00e3o do Vale do Ribeira. Na a\u00e7\u00e3o, quatro celulares foram apreendidos.<\/p>\n<p class=\"wp-block-paragraph\">J\u00e1 em Mongagu\u00e1, os agentes capturaram outro investigado apontado como atuante no munic\u00edpio de Itanha\u00e9m. No im\u00f3vel, foram apreendidos nove celulares, um simulacro de arma de fogo, 20 rel\u00f3gios e um ve\u00edculo. Ainda na cidade, uma mulher apontada como integrante da fac\u00e7\u00e3o com atua\u00e7\u00e3o em Peru\u00edbe foi presa. Os policiais localizaram comprovantes de dep\u00f3sitos banc\u00e1rios, uma balaclava e tr\u00eas celulares.<\/p>\n<p class=\"wp-block-paragraph\">Os suspeitos foram detidos e encaminhados \u00e0 delegacia, permanecendo \u00e0 disposi\u00e7\u00e3o da Justi\u00e7a.<\/p>\n<\/p><\/div>\n<p><br \/>\n<br \/><a href=\"https:\/\/www.agenciasp.sp.gov.br\/operacao-da-policia-civil-prende-integrantes-de-faccao-com-atuacao-na-baixada-santista\/\" rel=\"noopener\">Informa\u00e7\u00f5es GOV.SP<\/a><\/p>\n","protected":false},"excerpt":{"rendered":"<p>A Pol\u00edcia Civil prendeu quatro integrantes de uma organiza\u00e7\u00e3o criminosa durante a Opera\u00e7\u00e3o Acato, realizada nesta segunda-feira (1\u00b0), na Baixada Santista. Entre os presos est\u00e1 o homem apontado como l\u00edder do setor de \u201cdisciplina\u201d da fac\u00e7\u00e3o criminosa na regi\u00e3o. Ao todo, foram cumpridos cinco mandados de busca e apreens\u00e3o e quatro pris\u00f5es tempor\u00e1rias nos munic\u00edpios [&hellip;]<\/p>\n","protected":false},"author":1,"featured_media":67581,"comment_status":"","ping_status":"open","sticky":false,"template":"","format":"standard","meta":{"_jetpack_newsletter_access":"","_jetpack_dont_email_post_to_subs":false,"_jetpack_newsletter_tier_id":0,"_jetpack_memberships_contains_paywalled_content":false,"_mbp_banners":[],"_jetpack_feature_clip_id":0,"_jetpack_memberships_contains_paid_content":false,"footnotes":"","jetpack_publicize_message":"","jetpack_publicize_feature_enabled":true,"jetpack_social_post_already_shared":true,"jetpack_social_options":{"image_generator_settings":{"template":"highway","default_image_id":0,"font":"","enabled":false},"version":2},"jetpack_post_was_ever_published":false},"categories":[21],"tags":[],"class_list":["post-67580","post","type-post","status-publish","format-standard","has-post-thumbnail","category-sp-news"],"jetpack_publicize_connections":[],"jetpack-related-posts":[],"jetpack_shortlink":"https:\/\/wp.me\/p7Eq1F-hA0","jetpack_sharing_enabled":true,"jetpack_featured_media_url":"https:\/\/i0.wp.com\/guialimeira.com.br\/news\/wp-content\/uploads\/2026\/06\/Operacao-da-Policia-Civil-prende-integrantes-de-faccao-com-atuacao.jpeg?fit=2560%2C1706&ssl=1","_links":{"self":[{"href":"https:\/\/guialimeira.com.br\/news\/wp-json\/wp\/v2\/posts\/67580","targetHints":{"allow":["GET"]}}],"collection":[{"href":"https:\/\/guialimeira.com.br\/news\/wp-json\/wp\/v2\/posts"}],"about":[{"href":"https:\/\/guialimeira.com.br\/news\/wp-json\/wp\/v2\/types\/post"}],"author":[{"embeddable":true,"href":"https:\/\/guialimeira.com.br\/news\/wp-json\/wp\/v2\/users\/1"}],"replies":[{"embeddable":true,"href":"https:\/\/guialimeira.com.br\/news\/wp-json\/wp\/v2\/comments?post=67580"}],"version-history":[{"count":0,"href":"https:\/\/guialimeira.com.br\/news\/wp-json\/wp\/v2\/posts\/67580\/revisions"}],"wp:featuredmedia":[{"embeddable":true,"href":"https:\/\/guialimeira.com.br\/news\/wp-json\/wp\/v2\/media\/67581"}],"wp:attachment":[{"href":"https:\/\/guialimeira.com.br\/news\/wp-json\/wp\/v2\/media?parent=67580"}],"wp:term":[{"taxonomy":"category","embeddable":true,"href":"https:\/\/guialimeira.com.br\/news\/wp-json\/wp\/v2\/categories?post=67580"},{"taxonomy":"post_tag","embeddable":true,"href":"https:\/\/guialimeira.com.br\/news\/wp-json\/wp\/v2\/tags?post=67580"}],"curies":[{"name":"wp","href":"https:\/\/api.w.org\/{rel}","templated":true}]}}