{"id":67573,"date":"2026-06-01T17:34:34","date_gmt":"2026-06-01T20:34:34","guid":{"rendered":"https:\/\/guialimeira.com.br\/operacao-estiagem-defesa-civil-de-limeira-intensifica-acoes-de-prevencao-contra-queimadas\/"},"modified":"2026-06-01T17:34:34","modified_gmt":"2026-06-01T20:34:34","slug":"operacao-estiagem-defesa-civil-de-limeira-intensifica-acoes-de-prevencao-contra-queimadas","status":"publish","type":"post","link":"https:\/\/guialimeira.com.br\/news\/operacao-estiagem-defesa-civil-de-limeira-intensifica-acoes-de-prevencao-contra-queimadas\/","title":{"rendered":"Opera\u00e7\u00e3o Estiagem: Defesa Civil de Limeira intensifica a\u00e7\u00f5es de preven\u00e7\u00e3o contra queimadas"},"content":{"rendered":"<p> <br \/>\n<\/p>\n<div>\n                <main class=\"\">&#13;<br \/>\n                    &#13;<br \/>\n&#13;<br \/>\n&#13;<br \/>\n&#13;<br \/>\n&#13;<br \/>\n&#13;<br \/>\n    <img data-recalc-dims=\"1\" decoding=\"async\" src=\"https:\/\/i0.wp.com\/ecrie.com.br\/sistema\/conteudos\/imagem\/m_137_0_1_01062026172938.jpeg?w=696&#038;ssl=1\" alt=\"Opera\u00e7\u00e3o Estiagem: Defesa Civil de Limeira intensifica a\u00e7\u00f5es de preven\u00e7\u00e3o contra queimadas\"\/>&#13;<br \/>\n&#13;<br \/>\n&#13;<\/p>\n<p>A Prefeitura de Limeira intensificou as a\u00e7\u00f5es de preven\u00e7\u00e3o e conscientiza\u00e7\u00e3o diante dos riscos do per\u00edodo de estiagem. Por meio da Defesa Civil Municipal, a Opera\u00e7\u00e3o Estiagem re\u00fane iniciativas intersetoriais voltadas \u00e0 prote\u00e7\u00e3o da popula\u00e7\u00e3o durante os meses mais secos do ano, entre maio e setembro, quando crescem os riscos de queimadas, problemas respirat\u00f3rios e outros impactos \u00e0 sa\u00fade.<\/p>\n<p>&#13;<\/p>\n<p>Em Limeira, faixas orientativas est\u00e3o sendo instaladas em pontos estrat\u00e9gicos, como o Parque Ecol\u00f3gico e o Parque Cidade. Agentes da Defesa Civil tamb\u00e9m realizam a\u00e7\u00f5es de conscientiza\u00e7\u00e3o em locais com hist\u00f3rico de queimadas e visitam escolas do munic\u00edpio para orientar crian\u00e7as e adolescentes sobre os cuidados necess\u00e1rios nesse per\u00edodo.<\/p>\n<p>&#13;<\/p>\n<p>&#8220;O per\u00edodo de estiagem exige aten\u00e7\u00e3o redobrada de toda a popula\u00e7\u00e3o. A Prefeitura est\u00e1 presente, orientando, prevenindo e agindo para proteger Limeira. Queimadas podem se alastrar rapidamente e colocar vidas em risco. Por isso, a conscientiza\u00e7\u00e3o come\u00e7a agora, antes que o problema aconte\u00e7a&#8221;, destaca o prefeito Murilo F\u00e9lix.<\/p>\n<p>&#13;<\/p>\n<p>O tempo seco favorece a propaga\u00e7\u00e3o r\u00e1pida de inc\u00eandios e representa risco direto \u00e0 biodiversidade, \u00e0 qualidade do ar e \u00e0 sa\u00fade da popula\u00e7\u00e3o.A Defesa Civil orienta a popula\u00e7\u00e3o a n\u00e3o atear fogo em terrenos, quintais ou vegeta\u00e7\u00e3o, e a acionar imediatamente as autoridades ao identificar qualquer foco de inc\u00eandio.<br \/>Cuidados com a sa\u00fade durante a estiagem.<\/p>\n<p>&#13;<\/p>\n<p>&#8220;A fuma\u00e7a das queimadas n\u00e3o fica restrita ao local do inc\u00eandio. Ela se espalha, compromete a qualidade do ar e agrava doen\u00e7as respirat\u00f3rias, especialmente em crian\u00e7as e idosos. Por isso levamos a orienta\u00e7\u00e3o direto \u00e0s escolas e \u00e0s \u00e1reas de risco: quanto antes a popula\u00e7\u00e3o entender os perigos da estiagem, mais eficaz \u00e9 a nossa resposta&#8221;, explica Anderson Pereira, secret\u00e1rio municipal de Seguran\u00e7a P\u00fablica e Defesa Civil.<\/p>\n<p>&#13;<\/p>\n<p>Como receber alertas e acionar a Defesa Civil<br \/>A Defesa Civil do Estado oferece alertas gratuitos por SMS. Para cadastrar, basta enviar o CEP do seu endere\u00e7o para o n\u00famero 40199. Em situa\u00e7\u00f5es de emerg\u00eancia, o atendimento pode ser solicitado pelos telefones da Defesa 199 (emerg\u00eancia) e 19-3443-2187 (whatsapp) e do do Corpo de Bombeiros 193.<\/p>\n<p>&#13;<br \/>\n&#13;<br \/>\n&#13;<br \/>\n&#13;<\/p>\n<article class=\"conteudo-relacionado no-print\">&#13;<br \/>\n        &#13;<br \/>\n&#13;<br \/>\n        &#13;<br \/>\n    <\/article>\n<p>&#13;<br \/>\n&#13;<br \/>\n                <\/main><\/p><\/div>\n<p><br \/>\n<br \/><a href=\"https:\/\/limeira.sp.gov.br\/operacao-estiagem-defesa-civil-de-limeira-intensifica-acoes-de-prevencao-contra-queimadas\" rel=\"noopener\">Informa\u00e7\u00f5es da PML <\/a><\/p>\n","protected":false},"excerpt":{"rendered":"<p>&#13; &#13; &#13; &#13; &#13; &#13; &#13; &#13; &#13; &#13; A Prefeitura de Limeira intensificou as a\u00e7\u00f5es de preven\u00e7\u00e3o e conscientiza\u00e7\u00e3o diante dos riscos do per\u00edodo de estiagem. Por meio da Defesa Civil Municipal, a Opera\u00e7\u00e3o Estiagem re\u00fane iniciativas intersetoriais voltadas \u00e0 prote\u00e7\u00e3o da popula\u00e7\u00e3o durante os meses mais secos do ano, entre maio e [&hellip;]<\/p>\n","protected":false},"author":1,"featured_media":67574,"comment_status":"","ping_status":"open","sticky":false,"template":"","format":"standard","meta":{"_jetpack_newsletter_access":"","_jetpack_dont_email_post_to_subs":false,"_jetpack_newsletter_tier_id":0,"_jetpack_memberships_contains_paywalled_content":false,"_mbp_banners":[],"_jetpack_feature_clip_id":0,"_jetpack_memberships_contains_paid_content":false,"footnotes":"","jetpack_publicize_message":"","jetpack_publicize_feature_enabled":true,"jetpack_social_post_already_shared":true,"jetpack_social_options":{"image_generator_settings":{"template":"highway","default_image_id":0,"font":"","enabled":false},"version":2},"jetpack_post_was_ever_published":false},"categories":[16],"tags":[],"class_list":["post-67573","post","type-post","status-publish","format-standard","has-post-thumbnail","category-local"],"jetpack_publicize_connections":[],"jetpack-related-posts":[],"jetpack_shortlink":"https:\/\/wp.me\/p7Eq1F-hzT","jetpack_sharing_enabled":true,"jetpack_featured_media_url":"https:\/\/i0.wp.com\/guialimeira.com.br\/news\/wp-content\/uploads\/2026\/06\/m_137_0_1_01062026172938.jpeg?fit=1024%2C575&ssl=1","_links":{"self":[{"href":"https:\/\/guialimeira.com.br\/news\/wp-json\/wp\/v2\/posts\/67573","targetHints":{"allow":["GET"]}}],"collection":[{"href":"https:\/\/guialimeira.com.br\/news\/wp-json\/wp\/v2\/posts"}],"about":[{"href":"https:\/\/guialimeira.com.br\/news\/wp-json\/wp\/v2\/types\/post"}],"author":[{"embeddable":true,"href":"https:\/\/guialimeira.com.br\/news\/wp-json\/wp\/v2\/users\/1"}],"replies":[{"embeddable":true,"href":"https:\/\/guialimeira.com.br\/news\/wp-json\/wp\/v2\/comments?post=67573"}],"version-history":[{"count":0,"href":"https:\/\/guialimeira.com.br\/news\/wp-json\/wp\/v2\/posts\/67573\/revisions"}],"wp:featuredmedia":[{"embeddable":true,"href":"https:\/\/guialimeira.com.br\/news\/wp-json\/wp\/v2\/media\/67574"}],"wp:attachment":[{"href":"https:\/\/guialimeira.com.br\/news\/wp-json\/wp\/v2\/media?parent=67573"}],"wp:term":[{"taxonomy":"category","embeddable":true,"href":"https:\/\/guialimeira.com.br\/news\/wp-json\/wp\/v2\/categories?post=67573"},{"taxonomy":"post_tag","embeddable":true,"href":"https:\/\/guialimeira.com.br\/news\/wp-json\/wp\/v2\/tags?post=67573"}],"curies":[{"name":"wp","href":"https:\/\/api.w.org\/{rel}","templated":true}]}}