{"id":67565,"date":"2026-06-01T16:10:54","date_gmt":"2026-06-01T19:10:54","guid":{"rendered":"https:\/\/guialimeira.com.br\/mutirao-do-aparelho-auditivo-ja-atendeu-275-idosos-em-limeira-segundo-dr-marcelo-rossi\/"},"modified":"2026-06-01T16:10:54","modified_gmt":"2026-06-01T19:10:54","slug":"mutirao-do-aparelho-auditivo-ja-atendeu-275-idosos-em-limeira-segundo-dr-marcelo-rossi","status":"publish","type":"post","link":"https:\/\/guialimeira.com.br\/news\/mutirao-do-aparelho-auditivo-ja-atendeu-275-idosos-em-limeira-segundo-dr-marcelo-rossi\/","title":{"rendered":"Mutir\u00e3o do aparelho auditivo j\u00e1 atendeu 275 idosos em Limeira, segundo Dr. Marcelo Rossi"},"content":{"rendered":"<p>Mutir\u00e3o do aparelho auditivo j\u00e1 atendeu 275 idosos em Limeira, segundo Dr. Marcelo Rossi<\/p>\n<p>A for\u00e7a-tarefa para atendimento de pacientes que aguardavam aparelho auditivo j\u00e1 contemplou 275 idosos em Limeira. A a\u00e7\u00e3o \u00e9 executada pela Prefeitura em parceria com a Santa Casa, por meio de emenda impositiva no valor de R$ 892 mil, viabilizada pelo vereador Dr. Marcelo Rossi (MDB). Segundo o parlamentar, no primeiro semestre de 2026, o mutir\u00e3o j\u00e1 alcan\u00e7ou mais da metade da fila. \u201dDos 500 idosos que aguardavam at\u00e9 um ano pelo acess\u00f3rio, 275 foram atendidos\u201d, relatou.<\/p>\n<p>Dr. Marcelo Rossi destacou que os dados foram atualizados na \u00faltima sexta-feira, 29 de maio, pela Santa Casa de Limeira, onde o vereador acompanha a execu\u00e7\u00e3o do servi\u00e7o contratado pela Prefeitura com o recurso. \u201cA demora para o idoso ter acesso ao aparelho auditivo resulta em v\u00e1rios preju\u00edzos, al\u00e9m das perdas cognitivas que contribuem para o surgimento ou progress\u00e3o mais r\u00e1pida da doen\u00e7a de Alzheimer\u201d, alertou o parlamentar.<\/p>\n<p>Iniciada em janeiro, a for\u00e7a-tarefa atende em m\u00e9dia 50 pacientes por m\u00eas, que s\u00e3o avaliados antes de receber o dispositivo. \u201cA sensa\u00e7\u00e3o \u00e9 de felicidade. Esse dia chegou. A gente sabia que estava precisando. Vai melhorar muito a nossa qualidade de vida. Somos muito gratos, \u00e9 muito bom ouvir de novo\u201d, declarou o casal Iracema e Osmar.<\/p>\n<p>De acordo com Dr. Marcelo Rossi, os pacientes recebem todas as orienta\u00e7\u00f5es sobre o uso do dispositivo e ter\u00e3o acompanhamento durante a adapta\u00e7\u00e3o. Iniciada em janeiro de 2026, a for\u00e7a-tarefa atende por m\u00eas, em m\u00e9dia, 50 pacientes da fila iniciada em fevereiro de 2025.<\/p>\n<p>O vereador orientou que os pacientes interessados em receber o aparelho auditivo, que n\u00e3o estejam na fila, devem procurar a UBS de refer\u00eancia e passar pelo cl\u00ednico geral. \u201cSomente se constatada a necessidade, o m\u00e9dico far\u00e1 encaminhamento para o otorrinolaringologista para posterior emiss\u00e3o de laudo e entrada na fila\u201d, explicou.<\/p>\n<p>Do Gabinete Parlamentar \u2013 Vereador Dr. Marcelo Rossi (MDB)<\/p>\n<p>*Fotos do Gabinete Parlamentar<\/p>\n<p>As mat\u00e9rias de origem dos Gabinetes Parlamentares s\u00e3o de inteira\u00a0 responsabilidade dos parlamentares e de suas assessorias. S\u00e3o devidamente assinadas e n\u00e3o refletem, necessariamente, a opini\u00e3o institucional da C\u00e2mara Municipal de Limeira.<\/p>\n<hr>\n<p><em>Fonte: <a href=\"https:\/\/www.limeira.sp.leg.br\/noticias\/view\/2026-06-01_mutirao-do-aparelho-auditivo-ja-atendeu-275-idosos-em-limeira-segundo-dr-marcelo-rossi\" target=\"_blank\" rel=\"noopener\">C\u00e2mara Municipal de Limeira<\/a><\/em><\/p>\n","protected":false},"excerpt":{"rendered":"<p>Mutir\u00e3o do aparelho auditivo j\u00e1 atendeu 275 idosos em Limeira, segundo Dr. Marcelo Rossi<\/p>\n<p>A for\u00e7a-tarefa para atendimento de pacientes que aguardavam aparelho auditivo j\u00e1 contemplou 275 idosos em Limeira. A a\u00e7\u00e3o \u00e9 executada pela Prefeitura em parceria com a Santa Casa, por meio de emenda impositiva <\/p>\n","protected":false},"author":4,"featured_media":67564,"comment_status":"","ping_status":"open","sticky":false,"template":"","format":"standard","meta":{"_jetpack_newsletter_access":"","_jetpack_dont_email_post_to_subs":false,"_jetpack_newsletter_tier_id":0,"_jetpack_memberships_contains_paywalled_content":false,"_mbp_banners":[],"_jetpack_feature_clip_id":0,"_jetpack_memberships_contains_paid_content":false,"footnotes":"","jetpack_publicize_message":"","jetpack_publicize_feature_enabled":true,"jetpack_social_post_already_shared":true,"jetpack_social_options":{"image_generator_settings":{"template":"highway","default_image_id":0,"font":"","enabled":false},"version":2},"jetpack_post_was_ever_published":false},"categories":[19],"tags":[],"class_list":["post-67565","post","type-post","status-publish","format-standard","has-post-thumbnail","category-politica"],"jetpack_publicize_connections":[],"jetpack-related-posts":[],"jetpack_shortlink":"https:\/\/wp.me\/p7Eq1F-hzL","jetpack_sharing_enabled":true,"jetpack_featured_media_url":"https:\/\/i0.wp.com\/guialimeira.com.br\/news\/wp-content\/uploads\/2026\/06\/noticia-camara-3.jpg?fit=1280%2C640&ssl=1","_links":{"self":[{"href":"https:\/\/guialimeira.com.br\/news\/wp-json\/wp\/v2\/posts\/67565","targetHints":{"allow":["GET"]}}],"collection":[{"href":"https:\/\/guialimeira.com.br\/news\/wp-json\/wp\/v2\/posts"}],"about":[{"href":"https:\/\/guialimeira.com.br\/news\/wp-json\/wp\/v2\/types\/post"}],"author":[{"embeddable":true,"href":"https:\/\/guialimeira.com.br\/news\/wp-json\/wp\/v2\/users\/4"}],"replies":[{"embeddable":true,"href":"https:\/\/guialimeira.com.br\/news\/wp-json\/wp\/v2\/comments?post=67565"}],"version-history":[{"count":0,"href":"https:\/\/guialimeira.com.br\/news\/wp-json\/wp\/v2\/posts\/67565\/revisions"}],"wp:featuredmedia":[{"embeddable":true,"href":"https:\/\/guialimeira.com.br\/news\/wp-json\/wp\/v2\/media\/67564"}],"wp:attachment":[{"href":"https:\/\/guialimeira.com.br\/news\/wp-json\/wp\/v2\/media?parent=67565"}],"wp:term":[{"taxonomy":"category","embeddable":true,"href":"https:\/\/guialimeira.com.br\/news\/wp-json\/wp\/v2\/categories?post=67565"},{"taxonomy":"post_tag","embeddable":true,"href":"https:\/\/guialimeira.com.br\/news\/wp-json\/wp\/v2\/tags?post=67565"}],"curies":[{"name":"wp","href":"https:\/\/api.w.org\/{rel}","templated":true}]}}