{"id":67563,"date":"2026-06-01T16:05:54","date_gmt":"2026-06-01T19:05:54","guid":{"rendered":"https:\/\/guialimeira.com.br\/felipe-penedo-propoe-nova-modalidade-de-moradia-para-idosos-em-limeira\/"},"modified":"2026-06-01T16:05:54","modified_gmt":"2026-06-01T19:05:54","slug":"felipe-penedo-propoe-nova-modalidade-de-moradia-para-idosos-em-limeira","status":"publish","type":"post","link":"https:\/\/guialimeira.com.br\/news\/felipe-penedo-propoe-nova-modalidade-de-moradia-para-idosos-em-limeira\/","title":{"rendered":"Felipe Penedo prop\u00f5e nova modalidade de moradia para idosos em Limeira"},"content":{"rendered":"<p>Felipe Penedo prop\u00f5e nova modalidade de moradia para idosos em Limeira<\/p>\n<p>Pensando no envelhecimento da popula\u00e7\u00e3o e na necessidade de preparar Limeira para os desafios das pr\u00f3ximas d\u00e9cadas, o vereador Felipe Penedo (PL) protocolou nesta segunda-feira, 1\u00b0 de junho, o Projeto de Lei N\u00ba 74\/2026, que cria a modalidade habitacional denominada Vila Residencial S\u00eanior.<\/p>\n<p>A proposta estabelece diretrizes para a implanta\u00e7\u00e3o de conjuntos residenciais especialmente planejados para pessoas com 60 anos ou mais, priorizando acessibilidade, seguran\u00e7a, autonomia e qualidade de vida. \u201cDiferentemente das institui\u00e7\u00f5es de longa perman\u00eancia, o modelo \u00e9 voltado a idosos independentes que desejam continuar conduzindo as pr\u00f3prias vidas em um ambiente adequado \u00e0s suas necessidades\u201d, esclareceu o autor.<\/p>\n<p>O parlamentar explicou que a ideia foi inspirada no conceito tradicional das pequenas vilas residenciais. \u201cA Vila Residencial S\u00eanior busca resgatar valores como a boa conviv\u00eancia entre vizinhos, o apoio m\u00fatuo e o senso de comunidade. Al\u00e9m das moradias acess\u00edveis e t\u00e9rreas, os empreendimentos dever\u00e3o contar com \u00e1reas comuns destinadas ao conv\u00edvio, \u00e0 integra\u00e7\u00e3o social e ao envelhecimento ativo\u201d, disse.<\/p>\n<p>Segundo Felipe Penedo, a proposta vai al\u00e9m da quest\u00e3o habitacional. \u201cMuitas vezes o maior desafio da terceira idade n\u00e3o \u00e9 apenas a moradia, mas tamb\u00e9m a solid\u00e3o. A Vila Residencial S\u00eanior foi pensada para oferecer autonomia e seguran\u00e7a, sem abrir m\u00e3o da conviv\u00eancia humana. Queremos criar ambientes onde os idosos possam viver de forma independente, mas cercados por uma comunidade acolhedora\u201d, relatou.<\/p>\n<p>O vereador destacou que o projeto tamb\u00e9m representa uma oportunidade de preparar a cidade para uma realidade que j\u00e1 est\u00e1 em curso. As proje\u00e7\u00f5es demogr\u00e1ficas indicam que a popula\u00e7\u00e3o idosa crescer\u00e1 significativamente nas pr\u00f3ximas d\u00e9cadas, exigindo novas solu\u00e7\u00f5es urban\u00edsticas e habitacionais.<\/p>\n<p>A iniciativa ainda poder\u00e1 estimular a ocupa\u00e7\u00e3o de vazios urbanos e \u00e1reas j\u00e1 consolidadas da cidade, aproveitando melhor a infraestrutura existente e promovendo empreendimentos de baixa densidade e reduzido impacto urbano. \u201cUma cidade que cuida dos seus idosos \u00e9 uma cidade que planeja o futuro. Precisamos come\u00e7ar agora a construir alternativas para que nossos pais, av\u00f3s e futuras gera\u00e7\u00f5es possam envelhecer com dignidade, seguran\u00e7a, conviv\u00eancia e qualidade de vida\u201d, ressaltou Felipe Penedo.<\/p>\n<p>A propositura seguir\u00e1 para an\u00e1lise das comiss\u00f5es permanentes da C\u00e2mara Municipal.<\/p>\n<p>Do Gabinete Parlamentar \u2013 Vereador Felipe Penedo (PL)<\/p>\n<p>As mat\u00e9rias de origem dos Gabinetes Parlamentares s\u00e3o de inteira\u00a0 responsabilidade dos parlamentares e de suas assessorias. S\u00e3o devidamente assinadas e n\u00e3o refletem, necessariamente, a opini\u00e3o institucional da C\u00e2mara Municipal de Limeira.<\/p>\n<hr>\n<p><em>Fonte: <a href=\"https:\/\/www.limeira.sp.leg.br\/noticias\/view\/2026-06-01_felipe-penedo-propoe-nova-modalidade-de-moradia-para-idosos-em-limeira\" target=\"_blank\" rel=\"noopener\">C\u00e2mara Municipal de Limeira<\/a><\/em><\/p>\n","protected":false},"excerpt":{"rendered":"<p>Felipe Penedo prop\u00f5e nova modalidade de moradia para idosos em Limeira<\/p>\n<p>Pensando no envelhecimento da popula\u00e7\u00e3o e na necessidade de preparar Limeira para os desafios das pr\u00f3ximas d\u00e9cadas, o vereador Felipe Penedo (PL) protocolou nesta segunda-feira, 1\u00b0 de junho, o Projeto de Lei N\u00ba 74\/2026, que cria<\/p>\n","protected":false},"author":4,"featured_media":67562,"comment_status":"","ping_status":"open","sticky":false,"template":"","format":"standard","meta":{"_jetpack_newsletter_access":"","_jetpack_dont_email_post_to_subs":false,"_jetpack_newsletter_tier_id":0,"_jetpack_memberships_contains_paywalled_content":false,"_mbp_banners":[],"_jetpack_feature_clip_id":0,"_jetpack_memberships_contains_paid_content":false,"footnotes":"","jetpack_publicize_message":"","jetpack_publicize_feature_enabled":true,"jetpack_social_post_already_shared":true,"jetpack_social_options":{"image_generator_settings":{"template":"highway","default_image_id":0,"font":"","enabled":false},"version":2},"jetpack_post_was_ever_published":false},"categories":[19],"tags":[],"class_list":["post-67563","post","type-post","status-publish","format-standard","has-post-thumbnail","category-politica"],"jetpack_publicize_connections":[],"jetpack-related-posts":[],"jetpack_shortlink":"https:\/\/wp.me\/p7Eq1F-hzJ","jetpack_sharing_enabled":true,"jetpack_featured_media_url":"https:\/\/i0.wp.com\/guialimeira.com.br\/news\/wp-content\/uploads\/2026\/06\/noticia-camara-2.jpg?fit=1280%2C640&ssl=1","_links":{"self":[{"href":"https:\/\/guialimeira.com.br\/news\/wp-json\/wp\/v2\/posts\/67563","targetHints":{"allow":["GET"]}}],"collection":[{"href":"https:\/\/guialimeira.com.br\/news\/wp-json\/wp\/v2\/posts"}],"about":[{"href":"https:\/\/guialimeira.com.br\/news\/wp-json\/wp\/v2\/types\/post"}],"author":[{"embeddable":true,"href":"https:\/\/guialimeira.com.br\/news\/wp-json\/wp\/v2\/users\/4"}],"replies":[{"embeddable":true,"href":"https:\/\/guialimeira.com.br\/news\/wp-json\/wp\/v2\/comments?post=67563"}],"version-history":[{"count":0,"href":"https:\/\/guialimeira.com.br\/news\/wp-json\/wp\/v2\/posts\/67563\/revisions"}],"wp:featuredmedia":[{"embeddable":true,"href":"https:\/\/guialimeira.com.br\/news\/wp-json\/wp\/v2\/media\/67562"}],"wp:attachment":[{"href":"https:\/\/guialimeira.com.br\/news\/wp-json\/wp\/v2\/media?parent=67563"}],"wp:term":[{"taxonomy":"category","embeddable":true,"href":"https:\/\/guialimeira.com.br\/news\/wp-json\/wp\/v2\/categories?post=67563"},{"taxonomy":"post_tag","embeddable":true,"href":"https:\/\/guialimeira.com.br\/news\/wp-json\/wp\/v2\/tags?post=67563"}],"curies":[{"name":"wp","href":"https:\/\/api.w.org\/{rel}","templated":true}]}}