{"id":67558,"date":"2026-06-01T15:52:33","date_gmt":"2026-06-01T18:52:33","guid":{"rendered":"https:\/\/guialimeira.com.br\/governo-de-sp-investe-na-revitalizacao-da-historica-rua-republica-portuguesa\/"},"modified":"2026-06-01T15:52:33","modified_gmt":"2026-06-01T18:52:33","slug":"governo-de-sp-investe-na-revitalizacao-da-historica-rua-republica-portuguesa","status":"publish","type":"post","link":"https:\/\/guialimeira.com.br\/news\/governo-de-sp-investe-na-revitalizacao-da-historica-rua-republica-portuguesa\/","title":{"rendered":"Governo de SP investe na revitaliza\u00e7\u00e3o da hist\u00f3rica Rua Rep\u00fablica Portuguesa"},"content":{"rendered":"<p> <br \/>\n<br \/><img data-recalc-dims=\"1\" decoding=\"async\" src=\"https:\/\/i0.wp.com\/www.agenciasp.sp.gov.br\/wp-content\/uploads\/2026\/06\/WhatsApp-Image-2026-06-01-at-14.45.22.jpeg?w=696&#038;ssl=1\" \/><\/p>\n<div data-id=\"5a922b4\" data-element_type=\"widget\" data-e-type=\"widget\" data-widget_type=\"theme-post-content.default\">\n<div class=\"elementor-widget-container\">\n<p class=\"wp-block-paragraph\">A cidade de Santos, na Baixada Santista, inaugurou no domingo (31) a reurbaniza\u00e7\u00e3o da Rua Rep\u00fablica Portuguesa, localizada no bairro Vila Mathias. A interven\u00e7\u00e3o contemplou melhorias de infraestrutura e paisagismo, com o objetivo de valorizar um dos endere\u00e7os hist\u00f3ricos do munic\u00edpio e qualificar a experi\u00eancia de moradores e visitantes.<\/p>\n<p class=\"wp-block-paragraph\">A obra incluiu a implanta\u00e7\u00e3o de sistema de drenagem, nova pavimenta\u00e7\u00e3o, passeios em concreto e mosaico portugu\u00eas, adequa\u00e7\u00f5es de acessibilidade, paisagismo, ilumina\u00e7\u00e3o ornamental, al\u00e9m da instala\u00e7\u00e3o de bancos, floreiras e lixeiras. Com cerca de 140 metros de extens\u00e3o, a via passou por uma transforma\u00e7\u00e3o que alia funcionalidade, seguran\u00e7a e preserva\u00e7\u00e3o de sua identidade cultural.<\/p>\n<p class=\"wp-block-paragraph\">Oficializada em 1921, a Rua Rep\u00fablica Portuguesa homenageia a forte presen\u00e7a da comunidade lusitana em Santos, frequentemente reconhecida como a cidade mais portuguesa fora de Portugal. A influ\u00eancia da imigra\u00e7\u00e3o portuguesa tamb\u00e9m est\u00e1 presente no pr\u00f3prio nome do bairro, uma refer\u00eancia ao empres\u00e1rio portugu\u00eas Mathias Casimiro Alberto da Costa, respons\u00e1vel por seu desenvolvimento.<\/p>\n<p class=\"wp-block-paragraph\">Entre os pontos de interesse da rua est\u00e1 a Igreja Santa Josefina Bakhita, dedicada \u00e0 santa sudanesa que viveu entre os s\u00e9culos XIX e XX e cuja trajet\u00f3ria de supera\u00e7\u00e3o e f\u00e9 \u00e9 reconhecida pela Igreja Cat\u00f3lica. O templo se tornou uma refer\u00eancia religiosa e cultural da regi\u00e3o, atraindo visitantes ao longo do ano.<\/p>\n<p class=\"wp-block-paragraph\">A revitaliza\u00e7\u00e3o foi viabilizada por meio do Conv\u00eanio n\u00ba 339\/2021, firmado em dezembro de 2021, com investimento de R$ 2,9 milh\u00f5es do Departamento de Apoio ao Desenvolvimento dos Munic\u00edpios Tur\u00edsticos (Dadetur), \u00f3rg\u00e3o vinculado \u00e0 Secretaria de Turismo e Viagens do Estado de S\u00e3o Paulo (Setur-SP).<\/p>\n<\/p><\/div>\n<\/p><\/div>\n<p><br \/>\n<br \/><a href=\"https:\/\/www.agenciasp.sp.gov.br\/governo-de-sp-investe-na-revitalizacao-da-historica-rua-republica-portuguesa\/\" rel=\"noopener\">Informa\u00e7\u00f5es GOV.SP<\/a><\/p>\n","protected":false},"excerpt":{"rendered":"<p>A cidade de Santos, na Baixada Santista, inaugurou no domingo (31) a reurbaniza\u00e7\u00e3o da Rua Rep\u00fablica Portuguesa, localizada no bairro Vila Mathias. A interven\u00e7\u00e3o contemplou melhorias de infraestrutura e paisagismo, com o objetivo de valorizar um dos endere\u00e7os hist\u00f3ricos do munic\u00edpio e qualificar a experi\u00eancia de moradores e visitantes. A obra incluiu a implanta\u00e7\u00e3o de [&hellip;]<\/p>\n","protected":false},"author":1,"featured_media":67559,"comment_status":"","ping_status":"open","sticky":false,"template":"","format":"standard","meta":{"_jetpack_newsletter_access":"","_jetpack_dont_email_post_to_subs":false,"_jetpack_newsletter_tier_id":0,"_jetpack_memberships_contains_paywalled_content":false,"_mbp_banners":[],"_jetpack_feature_clip_id":0,"_jetpack_memberships_contains_paid_content":false,"footnotes":"","jetpack_publicize_message":"","jetpack_publicize_feature_enabled":true,"jetpack_social_post_already_shared":true,"jetpack_social_options":{"image_generator_settings":{"template":"highway","default_image_id":0,"font":"","enabled":false},"version":2},"jetpack_post_was_ever_published":false},"categories":[21],"tags":[],"class_list":["post-67558","post","type-post","status-publish","format-standard","has-post-thumbnail","category-sp-news"],"jetpack_publicize_connections":[],"jetpack-related-posts":[],"jetpack_shortlink":"https:\/\/wp.me\/p7Eq1F-hzE","jetpack_sharing_enabled":true,"jetpack_featured_media_url":"https:\/\/i0.wp.com\/guialimeira.com.br\/news\/wp-content\/uploads\/2026\/06\/Governo-de-SP-investe-na-revitalizacao-da-historica-Rua-Republica.jpeg?fit=799%2C533&ssl=1","_links":{"self":[{"href":"https:\/\/guialimeira.com.br\/news\/wp-json\/wp\/v2\/posts\/67558","targetHints":{"allow":["GET"]}}],"collection":[{"href":"https:\/\/guialimeira.com.br\/news\/wp-json\/wp\/v2\/posts"}],"about":[{"href":"https:\/\/guialimeira.com.br\/news\/wp-json\/wp\/v2\/types\/post"}],"author":[{"embeddable":true,"href":"https:\/\/guialimeira.com.br\/news\/wp-json\/wp\/v2\/users\/1"}],"replies":[{"embeddable":true,"href":"https:\/\/guialimeira.com.br\/news\/wp-json\/wp\/v2\/comments?post=67558"}],"version-history":[{"count":0,"href":"https:\/\/guialimeira.com.br\/news\/wp-json\/wp\/v2\/posts\/67558\/revisions"}],"wp:featuredmedia":[{"embeddable":true,"href":"https:\/\/guialimeira.com.br\/news\/wp-json\/wp\/v2\/media\/67559"}],"wp:attachment":[{"href":"https:\/\/guialimeira.com.br\/news\/wp-json\/wp\/v2\/media?parent=67558"}],"wp:term":[{"taxonomy":"category","embeddable":true,"href":"https:\/\/guialimeira.com.br\/news\/wp-json\/wp\/v2\/categories?post=67558"},{"taxonomy":"post_tag","embeddable":true,"href":"https:\/\/guialimeira.com.br\/news\/wp-json\/wp\/v2\/tags?post=67558"}],"curies":[{"name":"wp","href":"https:\/\/api.w.org\/{rel}","templated":true}]}}