{"id":67554,"date":"2026-06-01T15:44:21","date_gmt":"2026-06-01T18:44:21","guid":{"rendered":"https:\/\/guialimeira.com.br\/operacao-da-gcm-de-combate-a-perturbacao-do-sossego-resulta-em-detencao-e-apreensoes-em-limeira\/"},"modified":"2026-06-01T15:44:21","modified_gmt":"2026-06-01T18:44:21","slug":"operacao-da-gcm-de-combate-a-perturbacao-do-sossego-resulta-em-detencao-e-apreensoes-em-limeira","status":"publish","type":"post","link":"https:\/\/guialimeira.com.br\/news\/operacao-da-gcm-de-combate-a-perturbacao-do-sossego-resulta-em-detencao-e-apreensoes-em-limeira\/","title":{"rendered":"Opera\u00e7\u00e3o da GCM de combate \u00e0 perturba\u00e7\u00e3o do sossego resulta em deten\u00e7\u00e3o e apreens\u00f5es em Limeira"},"content":{"rendered":"<p> <br \/>\n<\/p>\n<div>\n                <main class=\"\">&#13;<br \/>\n                    &#13;<br \/>\n&#13;<br \/>\n&#13;<br \/>\n&#13;<br \/>\n&#13;<br \/>\n&#13;<br \/>\n    <img data-recalc-dims=\"1\" decoding=\"async\" src=\"https:\/\/i0.wp.com\/ecrie.com.br\/sistema\/conteudos\/imagem\/m_137_0_1_01062026153845.jpeg?w=696&#038;ssl=1\" alt=\"Opera\u00e7\u00e3o da GCM de combate \u00e0 perturba\u00e7\u00e3o do sossego resulta em deten\u00e7\u00e3o e apreens\u00f5es em Limeira\"\/>&#13;<br \/>\n&#13;<br \/>\n&#13;<\/p>\n<p>Uma opera\u00e7\u00e3o integrada realizada na noite de s\u00e1bado (30) percorreu quatro pontos de Limeira para coibir a perturba\u00e7\u00e3o do sossego p\u00fablico. A a\u00e7\u00e3o foi coordenada pelo secret\u00e1rio de Seguran\u00e7a P\u00fablica, Anderson Pereira, e pelo Subinspetor Tarc\u00edsio, da Guarda Municipal Municipal GCM), com participa\u00e7\u00e3o do GIAF (Grupo Integrado de A\u00e7\u00f5es Fiscalizat\u00f3rias) e de agentes de tr\u00e2nsito. Ao fim da noite, seis ve\u00edculos haviam sido apreendidos, m\u00faltiplos autos de infra\u00e7\u00e3o lavrados e um homem conduzido ao Plant\u00e3o Policial ap\u00f3s ser flagrado com uma r\u00e9plica de pistola.<\/p>\n<p>&#13;<\/p>\n<p class=\"font-claude-response-body break-words whitespace-normal leading-[1.7]\">O ponto de partida foi um posto de combust\u00edveis desativado na Avenida Fabr\u00edcio Vampr\u00e9, onde grande aglomera\u00e7\u00e3o de pessoas e ve\u00edculos estava acompanhada de m\u00fasica ao vivo em volume excessivo. No local, cerca de 60 ve\u00edculos e 30 pessoas foram fiscalizados. Foram lavrados autos de infra\u00e7\u00e3o por estacionamento irregular, e um ve\u00edculo foi apreendido por estar sobre a cal\u00e7ada com documenta\u00e7\u00e3o vencida.<\/p>\n<p>&#13;<\/p>\n<p class=\"font-claude-response-body break-words whitespace-normal leading-[1.7]\">Na sequ\u00eancia, as equipes se deslocaram para o bairro Ernesto K\u00fchl, onde um estabelecimento com m\u00fasica ao vivo foi notificado pelo GIAF a encerrar as atividades por excesso de volume sonoro. Depois, as equipes seguiram para a Rua J\u00falio Bagnato, ponto frequentado nos finais de semana por concentra\u00e7\u00f5es de ve\u00edculos e motocicletas. Foram constatadas aglomera\u00e7\u00f5es, som elevado e relatos de dire\u00e7\u00e3o perigosa, o que motivou abordagens e vistoria de diversos ve\u00edculos.<\/p>\n<p>&#13;<\/p>\n<p class=\"font-claude-response-body break-words whitespace-normal leading-[1.7]\">O momento mais grave da opera\u00e7\u00e3o ocorreu no bairro Od\u00e9cio Degan, \u00e1rea apontada por den\u00fancias como ponto de tr\u00e1fico de entorpecentes. Ao avistar as viaturas, suspeitos fugiram por uma \u00e1rea verde. Em seguida, um homem se aproximou conduzindo uma motocicleta desligada e sem ilumina\u00e7\u00e3o. Ao perceber que se tratava de fiscaliza\u00e7\u00e3o policial, tentou fugir, mas foi detido. Na revista pessoal, os guardas encontraram uma r\u00e9plica de pistola presa \u00e0 cintura. Questionado, o suspeito admitiu que pretendia usar o simulacro para trocar por drogas. Ele foi conduzido ao Plant\u00e3o Policial, onde a ocorr\u00eancia foi registrada e apresentada \u00e0 autoridade de plant\u00e3o.<\/p>\n<p>&#13;<br \/>\n&#13;<br \/>\n&#13;<br \/>\n&#13;<\/p>\n<article class=\"conteudo-relacionado no-print\">&#13;<br \/>\n        &#13;<br \/>\n&#13;<br \/>\n        &#13;<br \/>\n    <\/article>\n<p>&#13;<br \/>\n&#13;<br \/>\n                <\/main><\/p><\/div>\n<p><br \/>\n<br \/><a href=\"https:\/\/limeira.sp.gov.br\/operacao-da-gcm-de-combate-a-perturbacao-do-sossego-resulta-em-detencao-e-apreensoes-em-limeira\" rel=\"noopener\">Informa\u00e7\u00f5es da PML <\/a><\/p>\n","protected":false},"excerpt":{"rendered":"<p>&#13; &#13; &#13; &#13; &#13; &#13; &#13; &#13; &#13; &#13; Uma opera\u00e7\u00e3o integrada realizada na noite de s\u00e1bado (30) percorreu quatro pontos de Limeira para coibir a perturba\u00e7\u00e3o do sossego p\u00fablico. A a\u00e7\u00e3o foi coordenada pelo secret\u00e1rio de Seguran\u00e7a P\u00fablica, Anderson Pereira, e pelo Subinspetor Tarc\u00edsio, da Guarda Municipal Municipal GCM), com participa\u00e7\u00e3o do GIAF [&hellip;]<\/p>\n","protected":false},"author":1,"featured_media":67555,"comment_status":"","ping_status":"open","sticky":false,"template":"","format":"standard","meta":{"_jetpack_newsletter_access":"","_jetpack_dont_email_post_to_subs":false,"_jetpack_newsletter_tier_id":0,"_jetpack_memberships_contains_paywalled_content":false,"_mbp_banners":[],"_jetpack_feature_clip_id":0,"_jetpack_memberships_contains_paid_content":false,"footnotes":"","jetpack_publicize_message":"","jetpack_publicize_feature_enabled":true,"jetpack_social_post_already_shared":true,"jetpack_social_options":{"image_generator_settings":{"template":"highway","default_image_id":0,"font":"","enabled":false},"version":2},"jetpack_post_was_ever_published":false},"categories":[16],"tags":[],"class_list":["post-67554","post","type-post","status-publish","format-standard","has-post-thumbnail","category-local"],"jetpack_publicize_connections":[],"jetpack-related-posts":[],"jetpack_shortlink":"https:\/\/wp.me\/p7Eq1F-hzA","jetpack_sharing_enabled":true,"jetpack_featured_media_url":"https:\/\/i0.wp.com\/guialimeira.com.br\/news\/wp-content\/uploads\/2026\/06\/m_137_0_1_01062026153845.jpeg?fit=1024%2C576&ssl=1","_links":{"self":[{"href":"https:\/\/guialimeira.com.br\/news\/wp-json\/wp\/v2\/posts\/67554","targetHints":{"allow":["GET"]}}],"collection":[{"href":"https:\/\/guialimeira.com.br\/news\/wp-json\/wp\/v2\/posts"}],"about":[{"href":"https:\/\/guialimeira.com.br\/news\/wp-json\/wp\/v2\/types\/post"}],"author":[{"embeddable":true,"href":"https:\/\/guialimeira.com.br\/news\/wp-json\/wp\/v2\/users\/1"}],"replies":[{"embeddable":true,"href":"https:\/\/guialimeira.com.br\/news\/wp-json\/wp\/v2\/comments?post=67554"}],"version-history":[{"count":0,"href":"https:\/\/guialimeira.com.br\/news\/wp-json\/wp\/v2\/posts\/67554\/revisions"}],"wp:featuredmedia":[{"embeddable":true,"href":"https:\/\/guialimeira.com.br\/news\/wp-json\/wp\/v2\/media\/67555"}],"wp:attachment":[{"href":"https:\/\/guialimeira.com.br\/news\/wp-json\/wp\/v2\/media?parent=67554"}],"wp:term":[{"taxonomy":"category","embeddable":true,"href":"https:\/\/guialimeira.com.br\/news\/wp-json\/wp\/v2\/categories?post=67554"},{"taxonomy":"post_tag","embeddable":true,"href":"https:\/\/guialimeira.com.br\/news\/wp-json\/wp\/v2\/tags?post=67554"}],"curies":[{"name":"wp","href":"https:\/\/api.w.org\/{rel}","templated":true}]}}