{"id":67552,"date":"2026-06-01T15:08:11","date_gmt":"2026-06-01T18:08:11","guid":{"rendered":"https:\/\/guialimeira.com.br\/prefeitura-promove-formacao-antirracista-para-estudantes-da-escola-jose-marciliano-da-costa-junior\/"},"modified":"2026-06-01T15:08:11","modified_gmt":"2026-06-01T18:08:11","slug":"prefeitura-promove-formacao-antirracista-para-estudantes-da-escola-jose-marciliano-da-costa-junior","status":"publish","type":"post","link":"https:\/\/guialimeira.com.br\/news\/prefeitura-promove-formacao-antirracista-para-estudantes-da-escola-jose-marciliano-da-costa-junior\/","title":{"rendered":"Prefeitura promove forma\u00e7\u00e3o antirracista para estudantes da Escola Jos\u00e9 Marciliano da Costa Junior"},"content":{"rendered":"<p> <br \/>\n<br \/><img data-recalc-dims=\"1\" decoding=\"async\" src=\"https:\/\/i0.wp.com\/ecrie.com.br\/sistema\/conteudos\/imagem\/m_137_0_1_01062026132712.jpeg?w=696&#038;ssl=1\" \/><\/p>\n<div>A Prefeitura de Limeira, por meio do Departamento de Promo&ccedil;&atilde;o da Igualdade Racial (DPIR) da Secretaria de Cultura, promoveu uma a&ccedil;&atilde;o formativa antirracista voltada a estudantes da rede estadual de ensino. O encontro teve como objetivo conscientizar os jovens e aprofundar o debate sobre o combate ao preconceito dentro e fora do ambiente escolar.<\/div>\n<div>A atividade foi realizada com alunos do nono ano do ensino fundamental da Escola Estadual Jos&eacute; Marciliano da Costa Junior. Ao todo, cerca de 70 estudantes participaram da forma&ccedil;&atilde;o, que tamb&eacute;m contou com o envolvimento ativo de professores e da coordena&ccedil;&atilde;o pedag&oacute;gica da institui&ccedil;&atilde;o, fortalecendo a rede de apoio e di&aacute;logo no col&eacute;gio.<\/div>\n<div>A diretora do DPIR, Ana Lu&iacute;sa Hebling, destacou a import&acirc;ncia de levar essas reflex&otilde;es aos adolescentes. &#8220;O DPIR prop&ocirc;s aos alunos uma reflex&atilde;o profunda sobre a constru&ccedil;&atilde;o hist&oacute;rica da desigualdade racial no Brasil e seus contextos atuais. Por meio do conhecimento de direitos, a iniciativa estimulou o engajamento dos jovens, promovendo o sentimento de pertencimento e o protagonismo social diante do tema&#8221;, afirmou.<\/div>\n<div>&nbsp;<\/div>\n<p><br \/>\n<br \/><a href=\"https:\/\/limeira.sp.gov.br\/prefeitura-promove-formacao-antirracista-para-estudantes-da-escola-jose-marciliano-da-costa-junior\" rel=\"noopener\">Informa\u00e7\u00f5es da PML <\/a><\/p>\n","protected":false},"excerpt":{"rendered":"<p>A Prefeitura de Limeira, por meio do Departamento de Promo&ccedil;&atilde;o da Igualdade Racial (DPIR) da Secretaria de Cultura, promoveu uma a&ccedil;&atilde;o formativa antirracista voltada a estudantes da rede estadual de ensino. O encontro teve como objetivo conscientizar os jovens e aprofundar o debate sobre o combate ao preconceito dentro e fora do ambiente escolar. A [&hellip;]<\/p>\n","protected":false},"author":1,"featured_media":67553,"comment_status":"","ping_status":"open","sticky":false,"template":"","format":"standard","meta":{"_jetpack_newsletter_access":"","_jetpack_dont_email_post_to_subs":false,"_jetpack_newsletter_tier_id":0,"_jetpack_memberships_contains_paywalled_content":false,"_mbp_banners":[],"_jetpack_feature_clip_id":0,"_jetpack_memberships_contains_paid_content":false,"footnotes":"","jetpack_publicize_message":"","jetpack_publicize_feature_enabled":true,"jetpack_social_post_already_shared":true,"jetpack_social_options":{"image_generator_settings":{"template":"highway","default_image_id":0,"font":"","enabled":false},"version":2},"jetpack_post_was_ever_published":false},"categories":[16],"tags":[],"class_list":["post-67552","post","type-post","status-publish","format-standard","has-post-thumbnail","category-local"],"jetpack_publicize_connections":[],"jetpack-related-posts":[],"jetpack_shortlink":"https:\/\/wp.me\/p7Eq1F-hzy","jetpack_sharing_enabled":true,"jetpack_featured_media_url":"https:\/\/i0.wp.com\/guialimeira.com.br\/news\/wp-content\/uploads\/2026\/06\/m_137_0_1_01062026132712.jpeg?fit=1024%2C768&ssl=1","_links":{"self":[{"href":"https:\/\/guialimeira.com.br\/news\/wp-json\/wp\/v2\/posts\/67552","targetHints":{"allow":["GET"]}}],"collection":[{"href":"https:\/\/guialimeira.com.br\/news\/wp-json\/wp\/v2\/posts"}],"about":[{"href":"https:\/\/guialimeira.com.br\/news\/wp-json\/wp\/v2\/types\/post"}],"author":[{"embeddable":true,"href":"https:\/\/guialimeira.com.br\/news\/wp-json\/wp\/v2\/users\/1"}],"replies":[{"embeddable":true,"href":"https:\/\/guialimeira.com.br\/news\/wp-json\/wp\/v2\/comments?post=67552"}],"version-history":[{"count":0,"href":"https:\/\/guialimeira.com.br\/news\/wp-json\/wp\/v2\/posts\/67552\/revisions"}],"wp:featuredmedia":[{"embeddable":true,"href":"https:\/\/guialimeira.com.br\/news\/wp-json\/wp\/v2\/media\/67553"}],"wp:attachment":[{"href":"https:\/\/guialimeira.com.br\/news\/wp-json\/wp\/v2\/media?parent=67552"}],"wp:term":[{"taxonomy":"category","embeddable":true,"href":"https:\/\/guialimeira.com.br\/news\/wp-json\/wp\/v2\/categories?post=67552"},{"taxonomy":"post_tag","embeddable":true,"href":"https:\/\/guialimeira.com.br\/news\/wp-json\/wp\/v2\/tags?post=67552"}],"curies":[{"name":"wp","href":"https:\/\/api.w.org\/{rel}","templated":true}]}}