{"id":67550,"date":"2026-06-01T15:03:39","date_gmt":"2026-06-01T18:03:39","guid":{"rendered":"https:\/\/guialimeira.com.br\/volei-de-limeira-conquista-vitorias-e-mantem-liderancas-em-competicoes-regionais\/"},"modified":"2026-06-01T15:03:39","modified_gmt":"2026-06-01T18:03:39","slug":"volei-de-limeira-conquista-vitorias-e-mantem-liderancas-em-competicoes-regionais","status":"publish","type":"post","link":"https:\/\/guialimeira.com.br\/news\/volei-de-limeira-conquista-vitorias-e-mantem-liderancas-em-competicoes-regionais\/","title":{"rendered":"V\u00f4lei de Limeira conquista vit\u00f3rias e mant\u00e9m lideran\u00e7as em competi\u00e7\u00f5es regionais"},"content":{"rendered":"<p> <br \/>\n<\/p>\n<div id=\"\">&#13;<br \/>\n                    &#13;<br \/>\n&#13;<br \/>\n&#13;<br \/>\n&#13;<br \/>\n&#13;<br \/>\n&#13;<br \/>\n    <img data-recalc-dims=\"1\" decoding=\"async\" src=\"https:\/\/i0.wp.com\/ecrie.com.br\/sistema\/conteudos\/imagem\/m_137_0_1_01062026145807.jpeg?w=696&#038;ssl=1\" alt=\"V\u00f4lei de Limeira conquista vit\u00f3rias e mant\u00e9m lideran\u00e7as em competi\u00e7\u00f5es regionais\"\/>&#13;<br \/>\n&#13;<br \/>\n&#13;<\/p>\n<p style=\"text-align: justify;\">O fim de semana foi de grande destaque para o v\u00f4lei de Limeira. As equipes do Crescer Limeira, projeto financiado pela Prefeitura por meio de Chamamento P\u00fablico, disputaram jogos em quatro cidades diferentes, pela Liga Regional e pela Copa Intermunicipal, e acumularam vit\u00f3rias expressivas nas categorias Sub-14, Sub-15, Sub-17 e Sub-19, mantendo a lideran\u00e7a em todas elas.<\/p>\n<p>&#13;<\/p>\n<p style=\"text-align: justify;\"><strong>Equipes seguem invictas na Liga Regional<\/strong><br \/>Pela Liga Regional, em jogos realizados no s\u00e1bado (30), em Limeira, as equipes femininas mantiveram a boa fase. O Sub-14 venceu Mau\u00e1 por 3 sets a 0, enquanto o Sub-15 superou S\u00e3o Jos\u00e9 do Rio Pardo pelo mesmo placar. As duas equipes seguem l\u00edderes e invictas na competi\u00e7\u00e3o.<\/p>\n<p>&#13;<\/p>\n<p style=\"text-align: justify;\">Em Santa B\u00e1rbara d&#8217;Oeste, tamb\u00e9m pela Liga Regional, as equipes masculinas conquistaram resultados expressivos fora de casa. O Sub-17 venceu os donos da casa por 3 sets a 0, assim como o Sub-19. Ambas as categorias seguem na lideran\u00e7a e sem derrotas no campeonato.<\/p>\n<p>&#13;<\/p>\n<p style=\"text-align: justify;\"><strong>Prepara\u00e7\u00e3o para os Jogos Regionais<\/strong><br \/>Em Holambra, a equipe Sub-21 feminina estreou em uma competi\u00e7\u00e3o adulta, utilizada como prepara\u00e7\u00e3o para os Jogos Regionais. Com elenco jovem e ainda em forma\u00e7\u00e3o, o time foi superado por Holambra por 3 sets a 0, mas ganhou experi\u00eancia importante para os pr\u00f3ximos desafios da temporada.<\/p>\n<p>&#13;<\/p>\n<p style=\"text-align: justify;\">&#8220;Colocar uma equipe jovem em uma competi\u00e7\u00e3o adulta faz parte do processo de forma\u00e7\u00e3o e amadurecimento das atletas para desafios maiores, como os Jogos Regionais. Nossa equipe Sub-21 foi estruturada mais tarde e ainda estamos ajustando algumas pe\u00e7as, mas fiquei satisfeito. Elas responderam muito bem ao desafio&#8221;, destacou F\u00e1bio Cassiano, coordenador e t\u00e9cnico do projeto.<\/p>\n<p>&#13;<\/p>\n<p style=\"text-align: justify;\"><strong>Copa Intermunicipal<\/strong><br \/>Pela Copa Intermunicipal, disputada no s\u00e1bado (30), no Nosso Clube, o Sub-14 feminino A conquistou duas vit\u00f3rias: 2 sets a 1 sobre o Nosso Clube e 3 sets a 0 diante de Piracicaba. O Sub-14 B enfrentou confrontos mais equilibrados, sendo superado por Piracicaba por 2 sets a 1 e pelo Nosso Clube por 3 sets a 0.<\/p>\n<p>&#13;<\/p>\n<p style=\"text-align: justify;\"><strong>Aulas gratuitas nos Centros Comunit\u00e1rios<\/strong><br \/>A Prefeitura de Limeira, por meio de Chamamento P\u00fablico da Secretaria de Esporte e Lazer com o Projeto Crescer Limeira, oferece aulas gratuitas de v\u00f4lei para crian\u00e7as e adolescentes a partir dos 7 anos, com turmas de inicia\u00e7\u00e3o e equipes de base nos Centros Comunit\u00e1rios da cidade. A iniciativa atende atletas das categorias femininas Sub-14, Sub-15, Sub-17 e Sub-21, e masculinas Sub-17 e Sub-19, em prepara\u00e7\u00e3o esportiva e competitiva.<\/p>\n<p>&#13;<\/p>\n<p style=\"text-align: justify;\">&#8220;O esporte transforma vidas, cria oportunidades e fortalece valores essenciais, como disciplina, respeito e trabalho em equipe. Ver o v\u00f4lei de Limeira alcan\u00e7ando resultados nas competi\u00e7\u00f5es, enquanto amplia o acesso gratuito de crian\u00e7as e jovens \u00e0 modalidade, mostra a import\u00e2ncia desse investimento&#8221;, afirmou o prefeito Murilo F\u00e9lix<\/p>\n<p>&#13;<br \/>\n&#13;<br \/>\n&#13;<br \/>\n&#13;<\/p>\n<article class=\"conteudo-relacionado no-print\">&#13;<br \/>\n        &#13;<br \/>\n&#13;<br \/>\n        &#13;<br \/>\n    <\/article>\n<p>&#13;<br \/>\n&#13;\n                <\/p><\/div>\n<p><br \/>\n<br \/><a href=\"https:\/\/limeira.sp.gov.br\/volei-de-limeira-conquista-vitorias-e-mantem-liderancas-em-competicoes-regionais\" rel=\"noopener\">Informa\u00e7\u00f5es da PML <\/a><\/p>\n","protected":false},"excerpt":{"rendered":"<p>&#13; &#13; &#13; &#13; &#13; &#13; &#13; &#13; &#13; &#13; O fim de semana foi de grande destaque para o v\u00f4lei de Limeira. As equipes do Crescer Limeira, projeto financiado pela Prefeitura por meio de Chamamento P\u00fablico, disputaram jogos em quatro cidades diferentes, pela Liga Regional e pela Copa Intermunicipal, e acumularam vit\u00f3rias expressivas nas [&hellip;]<\/p>\n","protected":false},"author":1,"featured_media":67551,"comment_status":"","ping_status":"open","sticky":false,"template":"","format":"standard","meta":{"_jetpack_newsletter_access":"","_jetpack_dont_email_post_to_subs":false,"_jetpack_newsletter_tier_id":0,"_jetpack_memberships_contains_paywalled_content":false,"_mbp_banners":[],"_jetpack_feature_clip_id":0,"_jetpack_memberships_contains_paid_content":false,"footnotes":"","jetpack_publicize_message":"","jetpack_publicize_feature_enabled":true,"jetpack_social_post_already_shared":true,"jetpack_social_options":{"image_generator_settings":{"template":"highway","default_image_id":0,"font":"","enabled":false},"version":2},"jetpack_post_was_ever_published":false},"categories":[16],"tags":[],"class_list":["post-67550","post","type-post","status-publish","format-standard","has-post-thumbnail","category-local"],"jetpack_publicize_connections":[],"jetpack-related-posts":[],"jetpack_shortlink":"https:\/\/wp.me\/p7Eq1F-hzw","jetpack_sharing_enabled":true,"jetpack_featured_media_url":"https:\/\/i0.wp.com\/guialimeira.com.br\/news\/wp-content\/uploads\/2026\/06\/m_137_0_1_01062026145807.jpeg?fit=1024%2C472&ssl=1","_links":{"self":[{"href":"https:\/\/guialimeira.com.br\/news\/wp-json\/wp\/v2\/posts\/67550","targetHints":{"allow":["GET"]}}],"collection":[{"href":"https:\/\/guialimeira.com.br\/news\/wp-json\/wp\/v2\/posts"}],"about":[{"href":"https:\/\/guialimeira.com.br\/news\/wp-json\/wp\/v2\/types\/post"}],"author":[{"embeddable":true,"href":"https:\/\/guialimeira.com.br\/news\/wp-json\/wp\/v2\/users\/1"}],"replies":[{"embeddable":true,"href":"https:\/\/guialimeira.com.br\/news\/wp-json\/wp\/v2\/comments?post=67550"}],"version-history":[{"count":0,"href":"https:\/\/guialimeira.com.br\/news\/wp-json\/wp\/v2\/posts\/67550\/revisions"}],"wp:featuredmedia":[{"embeddable":true,"href":"https:\/\/guialimeira.com.br\/news\/wp-json\/wp\/v2\/media\/67551"}],"wp:attachment":[{"href":"https:\/\/guialimeira.com.br\/news\/wp-json\/wp\/v2\/media?parent=67550"}],"wp:term":[{"taxonomy":"category","embeddable":true,"href":"https:\/\/guialimeira.com.br\/news\/wp-json\/wp\/v2\/categories?post=67550"},{"taxonomy":"post_tag","embeddable":true,"href":"https:\/\/guialimeira.com.br\/news\/wp-json\/wp\/v2\/tags?post=67550"}],"curies":[{"name":"wp","href":"https:\/\/api.w.org\/{rel}","templated":true}]}}