{"id":67546,"date":"2026-06-01T14:51:32","date_gmt":"2026-06-01T17:51:32","guid":{"rendered":"https:\/\/guialimeira.com.br\/banho-quente-e-agua-na-torneira-moradora-de-poa-comemora-chegada-da-agua-encanada-apos-quatro-decada-de-espera\/"},"modified":"2026-06-01T14:51:32","modified_gmt":"2026-06-01T17:51:32","slug":"banho-quente-e-agua-na-torneira-moradora-de-poa-comemora-chegada-da-agua-encanada-apos-quatro-decada-de-espera","status":"publish","type":"post","link":"https:\/\/guialimeira.com.br\/news\/banho-quente-e-agua-na-torneira-moradora-de-poa-comemora-chegada-da-agua-encanada-apos-quatro-decada-de-espera\/","title":{"rendered":"Banho quente e \u00e1gua na torneira: moradora de Po\u00e1 comemora chegada da \u00e1gua encanada ap\u00f3s quatro d\u00e9cada de espera\u00a0"},"content":{"rendered":"<p> <br \/>\n<\/p>\n<div>\n<p class=\"wp-block-paragraph\">A professora Maria Helena da Silva, 58 anos, foi a primeira moradora da Vila S\u00e3o Francisco, em Po\u00e1, a receber em sua resid\u00eancia a \u00e1gua tratada da Sabesp, ap\u00f3s cerca de quatro d\u00e9cadas de espera dos moradores do bairro.<\/p>\n<p class=\"wp-block-paragraph\">A comunidade onde vive foi ocupada no final da d\u00e9cada de 1990, mas somente no ano passado come\u00e7ou a receber as obras de saneamento, em um investimento de R$ 10 milh\u00f5es que foi poss\u00edvel gra\u00e7as \u00e0 desestatiza\u00e7\u00e3o da Sabesp, feita pelo Governo de S\u00e3o Paulo em 2024. A primeira parte da obra, com 5 km de rede de \u00e1gua, j\u00e1 foi entregue. Agora, a Companhia avan\u00e7a para completar a rede de coleta e tratamento de esgoto.\u00a0<\/p>\n<p class=\"wp-block-paragraph\">Dona Maria Helena, como \u00e9 conhecida pelos vizinhos, mora com o marido no bairro h\u00e1 quatro anos, mas conhece bem a rotina do local. \u201cMeu pai vive aqui h\u00e1 quase 30 anos com minha madrasta, ent\u00e3o praticamente passei boa parte da minha vida aqui e conhe\u00e7o bem as dificuldades que todos enfrentavam sem \u00e1gua e esgoto\u201d, disse.<\/p>\n<p class=\"wp-block-paragraph\">\u00a0Assim como seus familiares e vizinhos, ela tamb\u00e9m carregou muitos baldes de \u00e1gua para poder cozinhar, tomar banho e lavar roupa. \u201cAntigamente, a \u00e1gua que chegava aqui vinha por uma mangueira clandestina, mas a \u00e1gua chegava sem for\u00e7a, era s\u00f3 um fio, e demorava 2 horas para encher uma garrafa\u201d. Como sua casa \u00e9 a \u00faltima do bairro, explicou, s\u00f3 chegava \u00e1gua de noite. \u201cT\u00ednhamos que acordar de madrugada para aproveitar um pouco de \u00e1gua que chegava pela torneira, quando todos estavam dormindo. De dia, s\u00f3 enchendo balde em outro local\u201d, disse.\u00a0<\/p>\n<figure class=\"wp-block-image size-large\"><img data-recalc-dims=\"1\" fetchpriority=\"high\" decoding=\"async\" width=\"696\" height=\"464\" src=\"https:\/\/i0.wp.com\/www.agenciasp.sp.gov.br\/wp-content\/uploads\/2026\/06\/55301978499_8bafa0f7b1_k-1024x683.jpg?resize=696%2C464&#038;ssl=1\" alt=\"\" class=\"wp-image-148314\" srcset=\"https:\/\/www.agenciasp.sp.gov.br\/wp-content\/uploads\/2026\/06\/55301978499_8bafa0f7b1_k-1024x683.jpg 1024w, https:\/\/www.agenciasp.sp.gov.br\/wp-content\/uploads\/2026\/06\/55301978499_8bafa0f7b1_k-300x200.jpg 300w, https:\/\/www.agenciasp.sp.gov.br\/wp-content\/uploads\/2026\/06\/55301978499_8bafa0f7b1_k-768x512.jpg 768w, https:\/\/www.agenciasp.sp.gov.br\/wp-content\/uploads\/2026\/06\/55301978499_8bafa0f7b1_k-1536x1024.jpg 1536w, https:\/\/www.agenciasp.sp.gov.br\/wp-content\/uploads\/2026\/06\/55301978499_8bafa0f7b1_k-150x100.jpg 150w, https:\/\/www.agenciasp.sp.gov.br\/wp-content\/uploads\/2026\/06\/55301978499_8bafa0f7b1_k.jpg 2048w\" sizes=\"(max-width: 1024px) 100vw, 1024px\"\/><figcaption class=\"wp-element-caption\"><em>Professora, Maria Helena mora no bairro h\u00e1 quatro anos  Foto: Divulga\u00e7\u00e3o\/Governo de SP<\/em><\/figcaption><\/figure>\n<p class=\"wp-block-paragraph\">Segundo Maria Helena, quando come\u00e7aram as obras no bairro, ningu\u00e9m acreditou que a \u00e1gua encanada chegaria \u00e0s torneiras dos moradores. \u201cMinha madrasta dizia que estava esperando esse dia h\u00e1 20 anos e n\u00e3o acreditava mais. Eu acreditei e fui a primeira a ter \u00e1gua em casa. Quase n\u00e3o acreditei quando chegou, foi um sentimento de conquista para todos n\u00f3s, ap\u00f3s tantos anos\u201d, afirmou a moradora.<\/p>\n<p class=\"wp-block-paragraph\">A professora contou que o simples fato de ter \u00e1gua encanada mudou toda a rotina da fam\u00edlia. \u201cAgora temos banho quente, \u00e1gua de qualidade para beber, cozinhar, lavar roupa, vida normal, como qualquer outro bairro de Po\u00e1. E com a chegada do esgoto vai melhorar ainda mais.\u201d<\/p>\n<p class=\"wp-block-paragraph\"><strong>LEIA TAMB\u00c9M:<\/strong> <a href=\"https:\/\/www.agenciasp.sp.gov.br\/nova-estacao-de-perus-garante-24-piscinas-olimpicas-de-esgoto-a-menos-todos-os-dias-nos-rios\/\" rel=\"noopener\">Nova esta\u00e7\u00e3o de Perus garante 24 piscinas ol\u00edmpicas de esgoto a menos todos os dias nos rios<\/a><\/p>\n<p class=\"wp-block-paragraph\">Ela disse que o saneamento b\u00e1sico vai mudar outro ponto muito importante na comunidade: a sa\u00fade dos moradores. Segundo contou, h\u00e1 alguns anos toda a comunidade viveu um surto s\u00e9rio de dengue, com muitas pessoas doentes e hospitalizadas. \u201cEu peguei dengue e teve pessoas que morreram. As pessoas estocavam \u00e1gua em suas casas e o esgoto a c\u00e9u aberto colaborava para a prolifera\u00e7\u00e3o do mosquito. Muitos moradores ficaram doentes, foi muito s\u00e9rio\u201d, afirmou.<\/p>\n<blockquote class=\"instagram-media\" data-instgrm-captioned=\"\" data-instgrm-permalink=\"https:\/\/www.instagram.com\/reel\/DY-jnc8RzPe\/?utm_source=ig_embed&amp;utm_campaign=loading\" data-instgrm-version=\"14\" style=\" background:#FFF; border:0; border-radius:3px; box-shadow:0 0 1px 0 rgba(0,0,0,0.5),0 1px 10px 0 rgba(0,0,0,0.15); margin: 1px; max-width:540px; min-width:326px; padding:0; width:99.375%; width:-webkit-calc(100% - 2px); width:calc(100% - 2px);\"\/>\n<p class=\"wp-block-paragraph\"><strong>Meta \u00e9 universalizar saneamento at\u00e9 2029<\/strong><\/p>\n<p class=\"wp-block-paragraph\">A desestatiza\u00e7\u00e3o da Sabesp estabeleceu como uma das principais metas a antecipa\u00e7\u00e3o da universaliza\u00e7\u00e3o do saneamento para 2029. O objetivo \u00e9 levar \u00e1gua tratada e esgotamento sanit\u00e1rio aos munic\u00edpios atendidos pela companhia antes do prazo nacional previsto pelo Marco Legal do Saneamento.<\/p>\n<p class=\"wp-block-paragraph\"><strong>Na Rota da \u00c1gua<\/strong><\/p>\n<p class=\"wp-block-paragraph\">O Governo de S\u00e3o Paulo passou a acompanhar os avan\u00e7os neste trimestre por meio do Na Rota da \u00c1gua. A iniciativa d\u00e1 mais visibilidade \u00e0s obras de seguran\u00e7a h\u00eddrica, refor\u00e7o de abastecimento e universaliza\u00e7\u00e3o do saneamento nas cidades atendidas pela companhia.<\/p>\n<p class=\"wp-block-paragraph\">Lan\u00e7ado em fevereiro deste ano, o programa prev\u00ea uma s\u00e9rie de entregas e visitas t\u00e9cnicas a mais de 1,1 mil frentes de obras em andamento nos munic\u00edpios contemplados pelo novo contrato da Sabesp.<\/p>\n<p class=\"wp-block-paragraph\">Entre as entregas j\u00e1 realizadas, est\u00e3o obras de saneamento em Itapecerica da Serra, Embu das Artes e Embu-Gua\u00e7u. Al\u00e9m disso, h\u00e1 duas novas Esta\u00e7\u00f5es de Tratamento de Esgoto em Caieiras e Franco da Rocha e um Sistema de Expans\u00e3o de Esgotamento Sanit\u00e1rio que tamb\u00e9m contempla Francisco Morato, na Grande S\u00e3o Paulo.<\/p>\n<p class=\"wp-block-paragraph\">As interven\u00e7\u00f5es receberam R$ 168 milh\u00f5es em investimentos e devem beneficiar 46,2 mil fam\u00edlias, o equivalente a cerca de 127 mil pessoas, com amplia\u00e7\u00e3o do tratamento de esgoto e redu\u00e7\u00e3o da polui\u00e7\u00e3o em rios e c\u00f3rregos da regi\u00e3o.<\/p>\n<p class=\"wp-block-paragraph\">Outro destaque \u00e9 o Programa Integra Tiet\u00ea, que teve a contrata\u00e7\u00e3o da expans\u00e3o e do retrofit da Esta\u00e7\u00e3o de Tratamento de Esgoto de Barueri, ao custo de R$ 5,7 bilh\u00f5es. A conclus\u00e3o do projeto est\u00e1 prevista para o fim de 2029. A obra permitir\u00e1 ampliar em 40,6% a capacidade de tratamento de esgoto da esta\u00e7\u00e3o e beneficiar 4 milh\u00f5es de pessoas com acesso ao servi\u00e7o.<\/p>\n<\/p><\/div>\n<p><script async src=\"\/\/www.instagram.com\/embed.js\"><\/script><br \/>\n<br \/><br \/>\n<br \/><a href=\"https:\/\/www.agenciasp.sp.gov.br\/banho-quente-e-agua-na-torneira-moradora-de-poa-comemora-chegada-da-agua-encanada-apos-quatro-decada-de-espera\/\" rel=\"noopener\">Informa\u00e7\u00f5es GOV.SP<\/a><\/p>\n","protected":false},"excerpt":{"rendered":"<p>A professora Maria Helena da Silva, 58 anos, foi a primeira moradora da Vila S\u00e3o Francisco, em Po\u00e1, a receber em sua resid\u00eancia a \u00e1gua tratada da Sabesp, ap\u00f3s cerca de quatro d\u00e9cadas de espera dos moradores do bairro. A comunidade onde vive foi ocupada no final da d\u00e9cada de 1990, mas somente no ano [&hellip;]<\/p>\n","protected":false},"author":1,"featured_media":67547,"comment_status":"","ping_status":"open","sticky":false,"template":"","format":"standard","meta":{"_jetpack_newsletter_access":"","_jetpack_dont_email_post_to_subs":false,"_jetpack_newsletter_tier_id":0,"_jetpack_memberships_contains_paywalled_content":false,"_mbp_banners":[],"_jetpack_feature_clip_id":0,"_jetpack_memberships_contains_paid_content":false,"footnotes":"","jetpack_publicize_message":"","jetpack_publicize_feature_enabled":true,"jetpack_social_post_already_shared":true,"jetpack_social_options":{"image_generator_settings":{"template":"highway","default_image_id":0,"font":"","enabled":false},"version":2},"jetpack_post_was_ever_published":false},"categories":[21],"tags":[],"class_list":["post-67546","post","type-post","status-publish","format-standard","has-post-thumbnail","category-sp-news"],"jetpack_publicize_connections":[],"jetpack-related-posts":[],"jetpack_shortlink":"https:\/\/wp.me\/p7Eq1F-hzs","jetpack_sharing_enabled":true,"jetpack_featured_media_url":"https:\/\/i0.wp.com\/guialimeira.com.br\/news\/wp-content\/uploads\/2026\/06\/Banho-quente-e-agua-na-torneira-moradora-de-Poa-comemora.jpg?fit=1024%2C683&ssl=1","_links":{"self":[{"href":"https:\/\/guialimeira.com.br\/news\/wp-json\/wp\/v2\/posts\/67546","targetHints":{"allow":["GET"]}}],"collection":[{"href":"https:\/\/guialimeira.com.br\/news\/wp-json\/wp\/v2\/posts"}],"about":[{"href":"https:\/\/guialimeira.com.br\/news\/wp-json\/wp\/v2\/types\/post"}],"author":[{"embeddable":true,"href":"https:\/\/guialimeira.com.br\/news\/wp-json\/wp\/v2\/users\/1"}],"replies":[{"embeddable":true,"href":"https:\/\/guialimeira.com.br\/news\/wp-json\/wp\/v2\/comments?post=67546"}],"version-history":[{"count":0,"href":"https:\/\/guialimeira.com.br\/news\/wp-json\/wp\/v2\/posts\/67546\/revisions"}],"wp:featuredmedia":[{"embeddable":true,"href":"https:\/\/guialimeira.com.br\/news\/wp-json\/wp\/v2\/media\/67547"}],"wp:attachment":[{"href":"https:\/\/guialimeira.com.br\/news\/wp-json\/wp\/v2\/media?parent=67546"}],"wp:term":[{"taxonomy":"category","embeddable":true,"href":"https:\/\/guialimeira.com.br\/news\/wp-json\/wp\/v2\/categories?post=67546"},{"taxonomy":"post_tag","embeddable":true,"href":"https:\/\/guialimeira.com.br\/news\/wp-json\/wp\/v2\/tags?post=67546"}],"curies":[{"name":"wp","href":"https:\/\/api.w.org\/{rel}","templated":true}]}}