{"id":67545,"date":"2026-06-01T14:25:53","date_gmt":"2026-06-01T17:25:53","guid":{"rendered":"https:\/\/guialimeira.com.br\/marcio-do-estacionamento-cobra-prefeitura-sobre-placas-de-rua-apagadas-e-ilegiveis-em-limeira\/"},"modified":"2026-06-01T14:25:53","modified_gmt":"2026-06-01T17:25:53","slug":"marcio-do-estacionamento-cobra-prefeitura-sobre-placas-de-rua-apagadas-e-ilegiveis-em-limeira","status":"publish","type":"post","link":"https:\/\/guialimeira.com.br\/news\/marcio-do-estacionamento-cobra-prefeitura-sobre-placas-de-rua-apagadas-e-ilegiveis-em-limeira\/","title":{"rendered":"Marcio do Estacionamento cobra Prefeitura sobre placas de rua apagadas e ileg\u00edveis em Limeira"},"content":{"rendered":"<p>Vereador Marcio do Estacionamento cobra Prefeitura sobre placas de rua apagadas e ileg\u00edveis em Limeira<\/p>\n<p>O vereador M\u00e1rcio do Estacionamento (DC) protocolou no dia 28 de maio, na C\u00e2mara Municipal, o Requerimento N\u00ba 473\/2026, que cobra explica\u00e7\u00f5es da Prefeitura de Limeira sobre o grande n\u00famero de placas de identifica\u00e7\u00e3o de ruas apagadas, desgastadas ou ileg\u00edveis na cidade. A iniciativa do parlamentar surgiu ap\u00f3s vistorias pelas vias do Munic\u00edpio, nas quais constatou a precariedade da sinaliza\u00e7\u00e3o.<\/p>\n<p>Segundo o vereador, a falta de identifica\u00e7\u00e3o clara das vias prejudica diretamente a rotina de moradores, motoristas de aplicativo, entregadores e o com\u00e9rcio local. \u201cO problema se torna ainda mais grave ao afetar o trabalho dos servi\u00e7os de emerg\u00eancia, como ambul\u00e2ncias, Corpo de Bombeiros e for\u00e7as de seguran\u00e7a\u201d. declarou.<\/p>\n<p>&#8220;Um r\u00e1pido passeio por Limeira basta para notar que muitas placas sumiram ou est\u00e3o totalmente apagadas. Isso gera um transtorno enorme para quem trabalha com entregas e, pior, pode atrasar o socorro de uma ambul\u00e2ncia, quando cada minuto conta para salvar uma vida&#8221;, destacou M\u00e1rcio do Estacionamento.<\/p>\n<p>No requerimento, o vereador questiona o Poder Executivo sobre a exist\u00eancia de um cronograma e or\u00e7amento para a manuten\u00e7\u00e3o e substitui\u00e7\u00e3o dessas placas. Como alternativa para n\u00e3o onerar os cofres p\u00fablicos, Marcio prop\u00f5e que a Prefeitura estude a viabilidade de parcerias p\u00fablico-privadas (PPPs). Dessa forma, empresas privadas assumiriam os custos de fabrica\u00e7\u00e3o e instala\u00e7\u00e3o das placas em troca de espa\u00e7o publicit\u00e1rio institucional.<\/p>\n<p>O documento tamb\u00e9m solicita que, caso a administra\u00e7\u00e3o municipal n\u00e3o possua esses dados, seja realizado um levantamento t\u00e9cnico detalhado para mapear os bairros que mais sofrem com a falta de sinaliza\u00e7\u00e3o urbana. Ap\u00f3s a leitura na sess\u00e3o desta segunda, o requerimento ser\u00e1 encaminhado ao prefeito, que ter\u00e1 o prazo legal para enviar as respostas ao gabinete do vereador.<\/p>\n<p>Do Gabinete Parlamentar &#8211; Vereador M\u00e1rcio do Estacionamento (DC)<\/p>\n<p>*Fotos do Gabinete Parlamentar<\/p>\n<p>As mat\u00e9rias de origem dos Gabinetes Parlamentares s\u00e3o de inteira\u00a0 responsabilidade dos parlamentares e de suas assessorias. S\u00e3o devidamente assinadas e n\u00e3o refletem, necessariamente, a opini\u00e3o institucional da C\u00e2mara Municipal de Limeira.<\/p>\n<hr>\n<p><em>Fonte: <a href=\"https:\/\/www.limeira.sp.leg.br\/noticias\/view\/2026-06-01_marcio-do-estacionamento-cobra-prefeitura-sobre-placas-de-rua-apagadas-e-ilegiveis-em-limeira\" target=\"_blank\" rel=\"noopener\">C\u00e2mara Municipal de Limeira<\/a><\/em><\/p>\n","protected":false},"excerpt":{"rendered":"<p>Vereador Marcio do Estacionamento cobra Prefeitura sobre placas de rua apagadas e ileg\u00edveis em Limeira<\/p>\n<p>O vereador M\u00e1rcio do Estacionamento (DC) protocolou no dia 28 de maio, na C\u00e2mara Municipal, o Requerimento N\u00ba 473\/2026, que cobra explica\u00e7\u00f5es da Prefeitura de Limeira sobre o grande n\u00famero de plac<\/p>\n","protected":false},"author":4,"featured_media":67544,"comment_status":"","ping_status":"open","sticky":false,"template":"","format":"standard","meta":{"_jetpack_newsletter_access":"","_jetpack_dont_email_post_to_subs":false,"_jetpack_newsletter_tier_id":0,"_jetpack_memberships_contains_paywalled_content":false,"_mbp_banners":[],"_jetpack_feature_clip_id":0,"_jetpack_memberships_contains_paid_content":false,"footnotes":"","jetpack_publicize_message":"","jetpack_publicize_feature_enabled":true,"jetpack_social_post_already_shared":true,"jetpack_social_options":{"image_generator_settings":{"template":"highway","default_image_id":0,"font":"","enabled":false},"version":2},"jetpack_post_was_ever_published":false},"categories":[19],"tags":[],"class_list":["post-67545","post","type-post","status-publish","format-standard","has-post-thumbnail","category-politica"],"jetpack_publicize_connections":[],"jetpack-related-posts":[],"jetpack_shortlink":"https:\/\/wp.me\/p7Eq1F-hzr","jetpack_sharing_enabled":true,"jetpack_featured_media_url":"https:\/\/i0.wp.com\/guialimeira.com.br\/news\/wp-content\/uploads\/2026\/06\/noticia-camara-1.jpg?fit=1280%2C640&ssl=1","_links":{"self":[{"href":"https:\/\/guialimeira.com.br\/news\/wp-json\/wp\/v2\/posts\/67545","targetHints":{"allow":["GET"]}}],"collection":[{"href":"https:\/\/guialimeira.com.br\/news\/wp-json\/wp\/v2\/posts"}],"about":[{"href":"https:\/\/guialimeira.com.br\/news\/wp-json\/wp\/v2\/types\/post"}],"author":[{"embeddable":true,"href":"https:\/\/guialimeira.com.br\/news\/wp-json\/wp\/v2\/users\/4"}],"replies":[{"embeddable":true,"href":"https:\/\/guialimeira.com.br\/news\/wp-json\/wp\/v2\/comments?post=67545"}],"version-history":[{"count":0,"href":"https:\/\/guialimeira.com.br\/news\/wp-json\/wp\/v2\/posts\/67545\/revisions"}],"wp:featuredmedia":[{"embeddable":true,"href":"https:\/\/guialimeira.com.br\/news\/wp-json\/wp\/v2\/media\/67544"}],"wp:attachment":[{"href":"https:\/\/guialimeira.com.br\/news\/wp-json\/wp\/v2\/media?parent=67545"}],"wp:term":[{"taxonomy":"category","embeddable":true,"href":"https:\/\/guialimeira.com.br\/news\/wp-json\/wp\/v2\/categories?post=67545"},{"taxonomy":"post_tag","embeddable":true,"href":"https:\/\/guialimeira.com.br\/news\/wp-json\/wp\/v2\/tags?post=67545"}],"curies":[{"name":"wp","href":"https:\/\/api.w.org\/{rel}","templated":true}]}}