{"id":67539,"date":"2026-06-01T13:50:06","date_gmt":"2026-06-01T16:50:06","guid":{"rendered":"https:\/\/guialimeira.com.br\/estado-de-sp-registra-queda-de-50-nos-roubos-de-celulares-em-quatro-anos\/"},"modified":"2026-06-01T13:50:06","modified_gmt":"2026-06-01T16:50:06","slug":"estado-de-sp-registra-queda-de-50-nos-roubos-de-celulares-em-quatro-anos","status":"publish","type":"post","link":"https:\/\/guialimeira.com.br\/news\/estado-de-sp-registra-queda-de-50-nos-roubos-de-celulares-em-quatro-anos\/","title":{"rendered":"Estado de SP registra queda de 50% nos roubos de celulares em quatro anos"},"content":{"rendered":"<p> <br \/>\n<br \/><img data-recalc-dims=\"1\" decoding=\"async\" src=\"https:\/\/i0.wp.com\/www.agenciasp.sp.gov.br\/wp-content\/uploads\/2026\/03\/53957021849_52a159202c_k.jpg?w=696&#038;ssl=1\" \/><\/p>\n<div>\n<p class=\"wp-block-paragraph\">O estado de S\u00e3o Paulo registrou queda expressiva nas ocorr\u00eancias envolvendo celulares roubados no primeiro quadrimestre de 2026, segundo os dados mais recentes da Secretaria da Seguran\u00e7a P\u00fablica. Os casos de aparelhos levados durante assaltos passaram de 35,9 mil para 27,4 mil ocorr\u00eancias, uma redu\u00e7\u00e3o de 23,8%, consolidando uma tend\u00eancia de queda ano a ano. Na compara\u00e7\u00e3o com 2022, a queda chegou a 49,5%, quando aconteceram 54,3 mil crimes nos 645 munic\u00edpios paulistas.<\/p>\n<p class=\"wp-block-paragraph\"><strong>LEIA TAMB\u00c9M: <a href=\"https:\/\/www.agenciasp.sp.gov.br\/furtos-caem-e-roubos-atingem-o-menor-patamar-em-26-anos-no-interior-de-sp-2\/\" rel=\"noopener\">Furtos caem, e roubos atingem o menor patamar em 26 anos no interior de SP<\/a><\/strong><\/p>\n<p class=\"wp-block-paragraph\">Tamb\u00e9m caiu o n\u00famero de furtos, que \u00e9 quando algo \u00e9 levado sem que a pessoa perceba ou esteja presente. Foram menos 7% casos registrados nos quatro primeiros meses deste ano (49,4 mil casos) que no mesmo per\u00edodo h\u00e1 quatro anos (52,6 mil ocorr\u00eancias) e 6% de redu\u00e7\u00e3o em rela\u00e7\u00e3o ao primeiro quadrimestre do ano passado (53,3 mil registros) em todas as regi\u00f5es do estado.<\/p>\n<p class=\"wp-block-paragraph\">Para a SSP, a queda ocorre em meio \u00e0 intensifica\u00e7\u00e3o de opera\u00e7\u00f5es preventivas da Pol\u00edcia Militar e de investiga\u00e7\u00f5es da Pol\u00edcia Civil, al\u00e9m do avan\u00e7o do SP Mobile, programa que cruza boletins de ocorr\u00eancia e dados de operadoras para identificar celulares roubados ou furtados reativados. A partir desse monitoramento, usu\u00e1rios s\u00e3o notificados para devolu\u00e7\u00e3o volunt\u00e1ria, o que contribui para a recupera\u00e7\u00e3o de aparelhos e para a redu\u00e7\u00e3o do mercado de revenda ilegal.<\/p>\n<p class=\"wp-block-paragraph\"><strong>LEIA TAMB\u00c9M: <a href=\"https:\/\/www.agenciasp.sp.gov.br\/estado-de-sao-paulo-registra-menor-numero-de-roubos-da-historia-no-primeiro-quadrimestre\/\" rel=\"noopener\">Estado de S\u00e3o Paulo registra menor n\u00famero de roubos da s\u00e9rie hist\u00f3rica no primeiro quadrimestre<\/a><\/strong><\/p>\n<p class=\"wp-block-paragraph\">\u201cOs resultados mostram que estamos enfraquecendo o mercado ilegal de celulares roubados e furtados em S\u00e3o Paulo. O SP Mobile usa intelig\u00eancia e cruzamento de dados para identificar aparelhos reativados, localizar usu\u00e1rios e estimular a devolu\u00e7\u00e3o volunt\u00e1ria, reduzindo a circula\u00e7\u00e3o desses dispositivos e desestimulando a a\u00e7\u00e3o criminosa. Por isso \u00e9 importante registrar os fatos para orientar nossas a\u00e7\u00f5es e possibilitar a devolu\u00e7\u00e3o de telefones recuperados, que passam de 21 mil em menos de um ano\u201d, afirmou o delegado Rodolfo Latiff Sebba, coordenador do programa SP Mobile.<\/p>\n<p class=\"wp-block-paragraph\">O enfrentamento a esse tipo de crime tamb\u00e9m envolve refor\u00e7o do policiamento ostensivo e opera\u00e7\u00f5es de intelig\u00eancia conduzidas pelas pol\u00edcias Militar e Civil em todo o estado. A Pol\u00edcia Militar intensifica o patrulhamento em regi\u00f5es com maior incid\u00eancia de roubos de celulares, com equipes a p\u00e9, bicicletas, drones e carros, assim como a\u00e7\u00f5es especiais em grandes eventos. J\u00e1 a Pol\u00edcia Civil atua na identifica\u00e7\u00e3o e pris\u00e3o de envolvidos em furtos, roubos e recepta\u00e7\u00e3o, al\u00e9m de opera\u00e7\u00f5es voltadas \u00e0 recupera\u00e7\u00e3o de aparelhos e \u00e0 desarticula\u00e7\u00e3o do mercado ilegal.<\/p>\n<p class=\"wp-block-paragraph\"><strong>LEIA TAMB\u00c9M: <a href=\"https:\/\/www.agenciasp.sp.gov.br\/roubos-gerais-de-veiculos-e-de-carga-caem-ao-menor-nivel-da-historia-em-sao-paulo\/\" rel=\"noopener\">Roubos gerais, de ve\u00edculos e de carga caem ao menor n\u00edvel da s\u00e9rie hist\u00f3rica na capital<\/a><\/strong><\/p>\n<p class=\"wp-block-paragraph\">\u201cEstamos atuando em todas as frentes: preven\u00e7\u00e3o, intelig\u00eancia, investiga\u00e7\u00e3o e tecnologia. A redu\u00e7\u00e3o dos roubos de celulares mostra o resultado do trabalho integrado das for\u00e7as de seguran\u00e7a para enfraquecer o crime e proteger a popula\u00e7\u00e3o. Temos combatido desde os pequenos furtos, que ocorrem no transporte p\u00fablico, orientando os passageiros, at\u00e9 pessoas que revendem aparelhos roubados em S\u00e3o Paulo aqui e mesmo em outros locais. As opera\u00e7\u00f5es v\u00e3o seguir\u201d, disse o secret\u00e1rio da Seguran\u00e7a P\u00fablica, Osvaldo Nico Gon\u00e7alves.<\/p>\n<\/p><\/div>\n<p><br \/>\n<br \/><a href=\"https:\/\/www.agenciasp.sp.gov.br\/estado-de-sp-registra-queda-de-50-nos-roubos-de-celulares-em-quatro-anos\/\" rel=\"noopener\">Informa\u00e7\u00f5es GOV.SP<\/a><\/p>\n","protected":false},"excerpt":{"rendered":"<p>O estado de S\u00e3o Paulo registrou queda expressiva nas ocorr\u00eancias envolvendo celulares roubados no primeiro quadrimestre de 2026, segundo os dados mais recentes da Secretaria da Seguran\u00e7a P\u00fablica. Os casos de aparelhos levados durante assaltos passaram de 35,9 mil para 27,4 mil ocorr\u00eancias, uma redu\u00e7\u00e3o de 23,8%, consolidando uma tend\u00eancia de queda ano a ano. [&hellip;]<\/p>\n","protected":false},"author":1,"featured_media":67540,"comment_status":"","ping_status":"open","sticky":false,"template":"","format":"standard","meta":{"_jetpack_newsletter_access":"","_jetpack_dont_email_post_to_subs":false,"_jetpack_newsletter_tier_id":0,"_jetpack_memberships_contains_paywalled_content":false,"_mbp_banners":[],"_jetpack_feature_clip_id":0,"_jetpack_memberships_contains_paid_content":false,"footnotes":"","jetpack_publicize_message":"","jetpack_publicize_feature_enabled":true,"jetpack_social_post_already_shared":true,"jetpack_social_options":{"image_generator_settings":{"template":"highway","default_image_id":0,"font":"","enabled":false},"version":2},"jetpack_post_was_ever_published":false},"categories":[21],"tags":[],"class_list":["post-67539","post","type-post","status-publish","format-standard","has-post-thumbnail","category-sp-news"],"jetpack_publicize_connections":[],"jetpack-related-posts":[],"jetpack_shortlink":"https:\/\/wp.me\/p7Eq1F-hzl","jetpack_sharing_enabled":true,"jetpack_featured_media_url":"https:\/\/i0.wp.com\/guialimeira.com.br\/news\/wp-content\/uploads\/2026\/06\/Estado-de-SP-registra-queda-de-50-nos-roubos-de.jpg?fit=2048%2C1365&ssl=1","_links":{"self":[{"href":"https:\/\/guialimeira.com.br\/news\/wp-json\/wp\/v2\/posts\/67539","targetHints":{"allow":["GET"]}}],"collection":[{"href":"https:\/\/guialimeira.com.br\/news\/wp-json\/wp\/v2\/posts"}],"about":[{"href":"https:\/\/guialimeira.com.br\/news\/wp-json\/wp\/v2\/types\/post"}],"author":[{"embeddable":true,"href":"https:\/\/guialimeira.com.br\/news\/wp-json\/wp\/v2\/users\/1"}],"replies":[{"embeddable":true,"href":"https:\/\/guialimeira.com.br\/news\/wp-json\/wp\/v2\/comments?post=67539"}],"version-history":[{"count":0,"href":"https:\/\/guialimeira.com.br\/news\/wp-json\/wp\/v2\/posts\/67539\/revisions"}],"wp:featuredmedia":[{"embeddable":true,"href":"https:\/\/guialimeira.com.br\/news\/wp-json\/wp\/v2\/media\/67540"}],"wp:attachment":[{"href":"https:\/\/guialimeira.com.br\/news\/wp-json\/wp\/v2\/media?parent=67539"}],"wp:term":[{"taxonomy":"category","embeddable":true,"href":"https:\/\/guialimeira.com.br\/news\/wp-json\/wp\/v2\/categories?post=67539"},{"taxonomy":"post_tag","embeddable":true,"href":"https:\/\/guialimeira.com.br\/news\/wp-json\/wp\/v2\/tags?post=67539"}],"curies":[{"name":"wp","href":"https:\/\/api.w.org\/{rel}","templated":true}]}}