{"id":67538,"date":"2026-06-01T13:20:54","date_gmt":"2026-06-01T16:20:54","guid":{"rendered":"https:\/\/guialimeira.com.br\/solidariedade-que-aquece-camara-de-limeira-inicia-campanha-do-agasalho-2026\/"},"modified":"2026-06-01T13:20:54","modified_gmt":"2026-06-01T16:20:54","slug":"solidariedade-que-aquece-camara-de-limeira-inicia-campanha-do-agasalho-2026","status":"publish","type":"post","link":"https:\/\/guialimeira.com.br\/news\/solidariedade-que-aquece-camara-de-limeira-inicia-campanha-do-agasalho-2026\/","title":{"rendered":"Solidariedade que aquece: C\u00e2mara de Limeira inicia campanha do agasalho 2026"},"content":{"rendered":"<p>Solidariedade que aquece: C\u00e2mara de Limeira inicia campanha do agasalho 2026<\/p>\n<p>Com o inverno chegando, a C\u00e2mara Municipal de Limeira inicia nesta segunda-feira, 1\u00b0 de junho, a campanha do agasalho: \u201cSolidariedade que aquece\u201d para ajudar as pessoas mais necessitadas. Al\u00e9m de um posto de doa\u00e7\u00f5es no pr\u00e9dio do pr\u00f3prio Legislativo, as caixas de coleta est\u00e3o localizadas nas empresas que comp\u00f5em o condom\u00ednio empresarial Europa Center. Podem ser doados blusas, cal\u00e7as, cobertores, cal\u00e7ados, roupas de cama e roupas para animais de estima\u00e7\u00e3o.<\/p>\n<p>As doa\u00e7\u00f5es podem ser depositadas nas caixas de coleta no pr\u00e9dio empresarial, de segunda a sexta-feira durante o hor\u00e1rio comercial, das 8h \u00e0s 18h, at\u00e9 o dia 24 de julho. O condom\u00ednio est\u00e1 localizado na rua Clarino Peixoto de Oliveira, 280 &#8211; Jardim Maria Buchi Modeneis; para entrar no pr\u00e9dio basta se identificar na portaria e seguir aos pontos de arrecada\u00e7\u00e3o.<\/p>\n<p>Confira os pontos de coleta:<\/p>\n<p>C\u00e2mara Municipal de Limeira Cl\u00ednica Inspirare Empresa BRAVEO Empresa Bianca Barbosa Salvogim Empresa Francisca Caf\u00e9 L\u00ea Petit France<\/p>\n<p>Servi\u00e7o<\/p>\n<p>O qu\u00ea: Campanha do agasalho: Solidariedade que aquece<\/p>\n<p>Onde: Condom\u00ednio Empresarial Europa Center &#8211; rua Clarino Peixoto de Oliveira, 280 &#8211; Jardim Maria Buchi Modeneis<\/p>\n<p>Quando: De segunda \u00e0 sexta-feira, das 8h \u00e0s 18h, at\u00e9 24 de julho.<\/p>\n<hr>\n<p><em>Fonte: <a href=\"https:\/\/www.limeira.sp.leg.br\/noticias\/view\/2026-06-01_solidariedade-que-aquece-camara-de-limeira-inicia-campanha-do-agasalho-2026\" target=\"_blank\" rel=\"noopener\">C\u00e2mara Municipal de Limeira<\/a><\/em><\/p>\n","protected":false},"excerpt":{"rendered":"<p>Solidariedade que aquece: C\u00e2mara de Limeira inicia campanha do agasalho 2026<\/p>\n<p>Com o inverno chegando, a C\u00e2mara Municipal de Limeira inicia nesta segunda-feira, 1\u00b0 de junho, a campanha do agasalho: \u201cSolidariedade que aquece\u201d para ajudar as pessoas mais necessitadas. Al\u00e9m de um posto de doa\u00e7\u00f5es no pr\u00e9<\/p>\n","protected":false},"author":4,"featured_media":67537,"comment_status":"","ping_status":"open","sticky":false,"template":"","format":"standard","meta":{"_jetpack_newsletter_access":"","_jetpack_dont_email_post_to_subs":false,"_jetpack_newsletter_tier_id":0,"_jetpack_memberships_contains_paywalled_content":false,"_mbp_banners":[],"_jetpack_feature_clip_id":0,"_jetpack_memberships_contains_paid_content":false,"footnotes":"","jetpack_publicize_message":"","jetpack_publicize_feature_enabled":true,"jetpack_social_post_already_shared":true,"jetpack_social_options":{"image_generator_settings":{"template":"highway","default_image_id":0,"font":"","enabled":false},"version":2},"jetpack_post_was_ever_published":false},"categories":[19],"tags":[],"class_list":["post-67538","post","type-post","status-publish","format-standard","has-post-thumbnail","category-politica"],"jetpack_publicize_connections":[],"jetpack-related-posts":[],"jetpack_shortlink":"https:\/\/wp.me\/p7Eq1F-hzk","jetpack_sharing_enabled":true,"jetpack_featured_media_url":"https:\/\/i0.wp.com\/guialimeira.com.br\/news\/wp-content\/uploads\/2026\/06\/noticia-camara.jpg?fit=1280%2C640&ssl=1","_links":{"self":[{"href":"https:\/\/guialimeira.com.br\/news\/wp-json\/wp\/v2\/posts\/67538","targetHints":{"allow":["GET"]}}],"collection":[{"href":"https:\/\/guialimeira.com.br\/news\/wp-json\/wp\/v2\/posts"}],"about":[{"href":"https:\/\/guialimeira.com.br\/news\/wp-json\/wp\/v2\/types\/post"}],"author":[{"embeddable":true,"href":"https:\/\/guialimeira.com.br\/news\/wp-json\/wp\/v2\/users\/4"}],"replies":[{"embeddable":true,"href":"https:\/\/guialimeira.com.br\/news\/wp-json\/wp\/v2\/comments?post=67538"}],"version-history":[{"count":0,"href":"https:\/\/guialimeira.com.br\/news\/wp-json\/wp\/v2\/posts\/67538\/revisions"}],"wp:featuredmedia":[{"embeddable":true,"href":"https:\/\/guialimeira.com.br\/news\/wp-json\/wp\/v2\/media\/67537"}],"wp:attachment":[{"href":"https:\/\/guialimeira.com.br\/news\/wp-json\/wp\/v2\/media?parent=67538"}],"wp:term":[{"taxonomy":"category","embeddable":true,"href":"https:\/\/guialimeira.com.br\/news\/wp-json\/wp\/v2\/categories?post=67538"},{"taxonomy":"post_tag","embeddable":true,"href":"https:\/\/guialimeira.com.br\/news\/wp-json\/wp\/v2\/tags?post=67538"}],"curies":[{"name":"wp","href":"https:\/\/api.w.org\/{rel}","templated":true}]}}