{"id":67534,"date":"2026-06-01T12:49:31","date_gmt":"2026-06-01T15:49:31","guid":{"rendered":"https:\/\/guialimeira.com.br\/apos-investigacao-governo-de-sp-descarta-caso-suspeito-do-virus-ebola-em-paciente-internado\/"},"modified":"2026-06-01T12:49:31","modified_gmt":"2026-06-01T15:49:31","slug":"apos-investigacao-governo-de-sp-descarta-caso-suspeito-do-virus-ebola-em-paciente-internado","status":"publish","type":"post","link":"https:\/\/guialimeira.com.br\/news\/apos-investigacao-governo-de-sp-descarta-caso-suspeito-do-virus-ebola-em-paciente-internado\/","title":{"rendered":"Ap\u00f3s investiga\u00e7\u00e3o, Governo de SP descarta caso suspeito do v\u00edrus Ebola em paciente internado"},"content":{"rendered":"<p> <br \/>\n<br \/><img data-recalc-dims=\"1\" decoding=\"async\" src=\"https:\/\/i0.wp.com\/www.agenciasp.sp.gov.br\/wp-content\/uploads\/2026\/05\/Emilio-Ribas-exame-amostra-.jpg?w=696&#038;ssl=1\" \/><\/p>\n<div>\n<p class=\"wp-block-paragraph\">A Secretaria de Estado da Sa\u00fade de S\u00e3o Paulo (SES-SP) informa que o caso do paciente de 37 anos foi descartado para o v\u00edrus Ebola nesta segunda-feira (1\u00ba). A conclus\u00e3o ocorreu ap\u00f3s investiga\u00e7\u00e3o epidemiol\u00f3gica e laboratorial, conduzida pelo Centro de Informa\u00e7\u00f5es Estrat\u00e9gicas em Vigil\u00e2ncia em Sa\u00fade de S\u00e3o Paulo (CIEVS-SP) e an\u00e1lise das amostras realizada pelo Instituto Adolfo Lutz (IAL), que n\u00e3o detectou material gen\u00e9tico do v\u00edrus Ebola.<\/p>\n<p class=\"wp-block-paragraph\">No \u00faltimo s\u00e1bado (30), a SES-SP divulgou o resultado de an\u00e1lises realizadas no paciente, que detectou Neisseria meningitidis, bact\u00e9ria causadora da meningite meningoc\u00f3cica, por meio de exame de rea\u00e7\u00e3o em cadeia da polimerase quantitativa (qPCR). O paciente, um homem de 37 anos, permanece internado no Instituto de Infectologia Em\u00edlio Ribas, em leito de UTI, com quadro grave de sa\u00fade. A unidade estadual \u00e9 refer\u00eancia para atendimento de casos suspeitos ou confirmados para o v\u00edrus Ebola.<\/p>\n<p class=\"wp-block-paragraph\"><strong>LEIA TAMB\u00c9M: <a href=\"https:\/\/www.agenciasp.sp.gov.br\/secretaria-de-estado-da-saude-confirma-meningite-meningococica-em-paciente-internado-com-suspeita-do-virus-ebola\/\" rel=\"noopener\">Secretaria de Estado da Sa\u00fade confirma meningite meningoc\u00f3cica em paciente internado com suspeita do v\u00edrus Ebola<\/a><\/strong><\/p>\n<p class=\"wp-block-paragraph\">De proced\u00eancia da Rep\u00fablica Democr\u00e1tica do Congo, pa\u00eds com \u00e1reas de transmiss\u00e3o da doen\u00e7a pelo v\u00edrus Ebola, e viagem recente ao territ\u00f3rio, o paciente foi transferido para o Instituto de Infectologia Em\u00edlio Ribas no s\u00e1bado (30\/5), com sintomas como febre e diarreia. O CIEVS-SP confirmou que o paciente n\u00e3o realizou deslocamento para \u00e1reas de risco na RDC.<\/p>\n<p class=\"wp-block-paragraph\">Assim que o CIEVS recebeu a notifica\u00e7\u00e3o do caso, a investiga\u00e7\u00e3o foi iniciada de forma preventiva, em raz\u00e3o da identifica\u00e7\u00e3o de crit\u00e9rios cl\u00ednicos e epidemiol\u00f3gicos compat\u00edveis com caso suspeito, conforme os protocolos nacionais e estaduais vigentes.<\/p>\n<p class=\"wp-block-paragraph\">No estado de S\u00e3o Paulo, casos suspeitos de ebola devem ser comunicados imediatamente \u00e0 vigil\u00e2ncia epidemiol\u00f3gica municipal e ao Centro de Vigil\u00e2ncia Epidemiol\u00f3gica do Estado de S\u00e3o Paulo (CVE-SP).<\/p>\n<p class=\"wp-block-paragraph\">A avalia\u00e7\u00e3o t\u00e9cnica da Coordenadoria de Controle de Doen\u00e7as (CCD-SES-SP) aponta que o risco de introdu\u00e7\u00e3o da doen\u00e7a no Brasil e na Am\u00e9rica do Sul permanece muito baixo. Entre os fatores considerados est\u00e3o a aus\u00eancia hist\u00f3rica de transmiss\u00e3o aut\u00f3ctone no continente sul-americano, a inexist\u00eancia de voos diretos entre a regi\u00e3o afetada e a Am\u00e9rica do Sul e a forma de transmiss\u00e3o da doen\u00e7a, que exige contato direto com sangue, secre\u00e7\u00f5es, fluidos corporais ou tecidos de pessoas sintom\u00e1ticas infectadas.<\/p>\n<p class=\"wp-block-paragraph\">Mesmo diante do baixo risco, a orienta\u00e7\u00e3o \u00e9 para que os servi\u00e7os de sa\u00fade mantenham aten\u00e7\u00e3o a pessoas com febre e hist\u00f3rico de viagem, nos \u00faltimos 21 dias, para \u00e1reas com circula\u00e7\u00e3o do v\u00edrus. Tamb\u00e9m devem ser ser avaliados casos de contato direto com fluidos corporais de pessoas suspeitas ou confirmadas.<\/p>\n<h3 class=\"wp-block-heading\">Notifica\u00e7\u00e3o de casos suspeitos<\/h3>\n<p class=\"wp-block-paragraph\">Na \u00faltima semana, a Coordenadoria de Controle de Doen\u00e7as atualizou a Nota Informativa n\u00ba 01\/2026, elaborada em conjunto com o Centro de Vigil\u00e2ncia Epidemiol\u00f3gica e o Instituto Adolfo Lutz, contendo orienta\u00e7\u00f5es \u00e0 rede de sa\u00fade sobre o surto de doen\u00e7a pelo v\u00edrus Ebola, cepa Bundibugyo, em curso na Rep\u00fablica Democr\u00e1tica do Congo. O documento refor\u00e7a as medidas de vigil\u00e2ncia, a defini\u00e7\u00e3o de caso, a notifica\u00e7\u00e3o imediata, o isolamento, o manejo inicial, os fluxos assistenciais e a investiga\u00e7\u00e3o laboratorial no estado.<\/p>\n<p class=\"wp-block-paragraph\">Casos suspeitos devem ser comunicados imediatamente ao Centro de Vigil\u00e2ncia Epidemiol\u00f3gica, por meio do CIEVS-SP. A Nota Informativa completa est\u00e1 dispon\u00edvel em: https:\/\/portal.saude.sp.gov.br\/resources\/cve-centro-de-vigilancia-epidemiologica\/areas-de-vigilancia\/central\/notainformativaconjuntaebola.pdf<\/p>\n<\/p><\/div>\n<p><br \/>\n<br \/><a href=\"https:\/\/www.agenciasp.sp.gov.br\/apos-investigacao-governo-de-sp-descarta-caso-suspeito-do-virus-ebola-em-paciente-internado\/\" rel=\"noopener\">Informa\u00e7\u00f5es GOV.SP<\/a><\/p>\n","protected":false},"excerpt":{"rendered":"<p>A Secretaria de Estado da Sa\u00fade de S\u00e3o Paulo (SES-SP) informa que o caso do paciente de 37 anos foi descartado para o v\u00edrus Ebola nesta segunda-feira (1\u00ba). A conclus\u00e3o ocorreu ap\u00f3s investiga\u00e7\u00e3o epidemiol\u00f3gica e laboratorial, conduzida pelo Centro de Informa\u00e7\u00f5es Estrat\u00e9gicas em Vigil\u00e2ncia em Sa\u00fade de S\u00e3o Paulo (CIEVS-SP) e an\u00e1lise das amostras realizada [&hellip;]<\/p>\n","protected":false},"author":1,"featured_media":67434,"comment_status":"","ping_status":"open","sticky":false,"template":"","format":"standard","meta":{"_jetpack_newsletter_access":"","_jetpack_dont_email_post_to_subs":false,"_jetpack_newsletter_tier_id":0,"_jetpack_memberships_contains_paywalled_content":false,"_mbp_banners":[],"_jetpack_feature_clip_id":0,"_jetpack_memberships_contains_paid_content":false,"footnotes":"","jetpack_publicize_message":"","jetpack_publicize_feature_enabled":true,"jetpack_social_post_already_shared":true,"jetpack_social_options":{"image_generator_settings":{"template":"highway","default_image_id":0,"font":"","enabled":false},"version":2},"jetpack_post_was_ever_published":false},"categories":[21],"tags":[],"class_list":["post-67534","post","type-post","status-publish","format-standard","has-post-thumbnail","category-sp-news"],"jetpack_publicize_connections":[],"jetpack-related-posts":[],"jetpack_shortlink":"https:\/\/wp.me\/p7Eq1F-hzg","jetpack_sharing_enabled":true,"jetpack_featured_media_url":"https:\/\/i0.wp.com\/guialimeira.com.br\/news\/wp-content\/uploads\/2026\/05\/Secretaria-de-Estado-da-Saude-confirma-meningite-meningococica-em-paciente.jpg?fit=2048%2C1365&ssl=1","_links":{"self":[{"href":"https:\/\/guialimeira.com.br\/news\/wp-json\/wp\/v2\/posts\/67534","targetHints":{"allow":["GET"]}}],"collection":[{"href":"https:\/\/guialimeira.com.br\/news\/wp-json\/wp\/v2\/posts"}],"about":[{"href":"https:\/\/guialimeira.com.br\/news\/wp-json\/wp\/v2\/types\/post"}],"author":[{"embeddable":true,"href":"https:\/\/guialimeira.com.br\/news\/wp-json\/wp\/v2\/users\/1"}],"replies":[{"embeddable":true,"href":"https:\/\/guialimeira.com.br\/news\/wp-json\/wp\/v2\/comments?post=67534"}],"version-history":[{"count":0,"href":"https:\/\/guialimeira.com.br\/news\/wp-json\/wp\/v2\/posts\/67534\/revisions"}],"wp:featuredmedia":[{"embeddable":true,"href":"https:\/\/guialimeira.com.br\/news\/wp-json\/wp\/v2\/media\/67434"}],"wp:attachment":[{"href":"https:\/\/guialimeira.com.br\/news\/wp-json\/wp\/v2\/media?parent=67534"}],"wp:term":[{"taxonomy":"category","embeddable":true,"href":"https:\/\/guialimeira.com.br\/news\/wp-json\/wp\/v2\/categories?post=67534"},{"taxonomy":"post_tag","embeddable":true,"href":"https:\/\/guialimeira.com.br\/news\/wp-json\/wp\/v2\/tags?post=67534"}],"curies":[{"name":"wp","href":"https:\/\/api.w.org\/{rel}","templated":true}]}}