{"id":67530,"date":"2026-06-01T11:48:08","date_gmt":"2026-06-01T14:48:08","guid":{"rendered":"https:\/\/guialimeira.com.br\/laboratorio-clandestino-de-canetas-emagrecedoras-e-descoberto-em-sp\/"},"modified":"2026-06-01T11:48:08","modified_gmt":"2026-06-01T14:48:08","slug":"laboratorio-clandestino-de-canetas-emagrecedoras-e-descoberto-em-sp","status":"publish","type":"post","link":"https:\/\/guialimeira.com.br\/news\/laboratorio-clandestino-de-canetas-emagrecedoras-e-descoberto-em-sp\/","title":{"rendered":"Laborat\u00f3rio clandestino de canetas emagrecedoras \u00e9 descoberto em SP"},"content":{"rendered":"<p> <br \/>\n<br \/><img data-recalc-dims=\"1\" decoding=\"async\" src=\"https:\/\/i0.wp.com\/www.agenciasp.sp.gov.br\/wp-content\/uploads\/2026\/04\/00061078.jpeg?w=696&#038;ssl=1\" \/><\/p>\n<div>\n<p class=\"wp-block-paragraph\">A Pol\u00edcia Militar de S\u00e3o Paulo descobriu um laborat\u00f3rio clandestino usado para <a href=\"https:\/\/www.agenciasp.sp.gov.br\/policia-prisao-canetas-emagrecedoras\/\" rel=\"noopener\">manipular canetas emagrecedoras<\/a> durante a madrugada desta segunda-feira (1\u00ba) em um im\u00f3vel na Vila Prudente, na Zona Leste de S\u00e3o Paulo. Um homem de 25 anos, apontado como respons\u00e1vel pela seguran\u00e7a do local, foi preso em flagrante.<\/p>\n<p class=\"wp-block-paragraph\">Segundo os policiais, a equipe realizava patrulhamento pela regi\u00e3o quando percebeu que o port\u00e3o de uma casa estava aberto. Como ningu\u00e9m atendeu \u00e0s diversas tentativas de contato pelo interfone, os agentes passaram a suspeitar de um poss\u00edvel furto ou roubo em andamento na resid\u00eancia.<\/p>\n<p class=\"wp-block-paragraph\">Ao entrarem no quintal, os militares encontraram um homem que demonstrou nervosismo ao ser questionado sobre o que fazia no local. Durante as dilig\u00eancias, os militares vistoriaram a resid\u00eancia e descobriram uma estrutura utilizada para a produ\u00e7\u00e3o clandestina de medicamentos.<\/p>\n<p class=\"wp-block-paragraph\"><strong>LEIA TAMB\u00c9M: <\/strong><a href=\"https:\/\/www.agenciasp.sp.gov.br\/pm-de-sp-intervem-em-roubo-a-farmacia-e-recupera-canetas-emagrecedoras-avaliadas-em-r-30-mil\/\" rel=\"noopener\">PM de SP interv\u00e9m em roubo a farm\u00e1cia e recupera canetas emagrecedoras avaliadas em R$ 30 mil<\/a><\/p>\n<p class=\"wp-block-paragraph\">No im\u00f3vel, foram apreendidas 718 ampolas de um princ\u00edpio ativo usado para controle de peso, al\u00e9m de 180 caixas com a mesma identifica\u00e7\u00e3o. Tamb\u00e9m foram encontrados r\u00f3tulos e equipamentos utilizados na manipula\u00e7\u00e3o das subst\u00e2ncias, al\u00e9m de dois celulares.<\/p>\n<p class=\"wp-block-paragraph\">De acordo com a pol\u00edcia, o suspeito visto no local havia sido contratado para trabalhar como seguran\u00e7a da resid\u00eancia, n\u00e3o sabendo a identidade das pessoas respons\u00e1veis pela <a href=\"https:\/\/www.agenciasp.sp.gov.br\/canetas-emagrecedoras-podem-ser-eficazes-mas-devem-ser-usadas-com-indicacao-e-acompanhamento-medico\/\" rel=\"noopener\">fabrica\u00e7\u00e3o e manipula\u00e7\u00e3o dos produtos<\/a>.<\/p>\n<p class=\"wp-block-paragraph\">O caso foi registrado como falsifica\u00e7\u00e3o de produtos terap\u00eauticos e medicinais no 42\u00ba Distrito Policial do Parque S\u00e3o Lucas. O homem detido permaneceu \u00e0 disposi\u00e7\u00e3o da Justi\u00e7a.<\/p>\n<\/p><\/div>\n<p><br \/>\n<br \/><a href=\"https:\/\/www.agenciasp.sp.gov.br\/laboratorio-clandestino-canetas-emagrecedoras\/\" rel=\"noopener\">Informa\u00e7\u00f5es GOV.SP<\/a><\/p>\n","protected":false},"excerpt":{"rendered":"<p>A Pol\u00edcia Militar de S\u00e3o Paulo descobriu um laborat\u00f3rio clandestino usado para manipular canetas emagrecedoras durante a madrugada desta segunda-feira (1\u00ba) em um im\u00f3vel na Vila Prudente, na Zona Leste de S\u00e3o Paulo. Um homem de 25 anos, apontado como respons\u00e1vel pela seguran\u00e7a do local, foi preso em flagrante. Segundo os policiais, a equipe realizava [&hellip;]<\/p>\n","protected":false},"author":1,"featured_media":67122,"comment_status":"","ping_status":"open","sticky":false,"template":"","format":"standard","meta":{"_jetpack_newsletter_access":"","_jetpack_dont_email_post_to_subs":false,"_jetpack_newsletter_tier_id":0,"_jetpack_memberships_contains_paywalled_content":false,"_mbp_banners":[],"_jetpack_feature_clip_id":0,"_jetpack_memberships_contains_paid_content":false,"footnotes":"","jetpack_publicize_message":"","jetpack_publicize_feature_enabled":true,"jetpack_social_post_already_shared":true,"jetpack_social_options":{"image_generator_settings":{"template":"highway","default_image_id":0,"font":"","enabled":false},"version":2},"jetpack_post_was_ever_published":false},"categories":[21],"tags":[],"class_list":["post-67530","post","type-post","status-publish","format-standard","has-post-thumbnail","category-sp-news"],"jetpack_publicize_connections":[],"jetpack-related-posts":[],"jetpack_shortlink":"https:\/\/wp.me\/p7Eq1F-hzc","jetpack_sharing_enabled":true,"jetpack_featured_media_url":"https:\/\/i0.wp.com\/guialimeira.com.br\/news\/wp-content\/uploads\/2026\/05\/PM-de-SP-desmonta-refinarias-de-cocaina-em-Paraisopolis-e.jpeg?fit=2560%2C1920&ssl=1","_links":{"self":[{"href":"https:\/\/guialimeira.com.br\/news\/wp-json\/wp\/v2\/posts\/67530","targetHints":{"allow":["GET"]}}],"collection":[{"href":"https:\/\/guialimeira.com.br\/news\/wp-json\/wp\/v2\/posts"}],"about":[{"href":"https:\/\/guialimeira.com.br\/news\/wp-json\/wp\/v2\/types\/post"}],"author":[{"embeddable":true,"href":"https:\/\/guialimeira.com.br\/news\/wp-json\/wp\/v2\/users\/1"}],"replies":[{"embeddable":true,"href":"https:\/\/guialimeira.com.br\/news\/wp-json\/wp\/v2\/comments?post=67530"}],"version-history":[{"count":0,"href":"https:\/\/guialimeira.com.br\/news\/wp-json\/wp\/v2\/posts\/67530\/revisions"}],"wp:featuredmedia":[{"embeddable":true,"href":"https:\/\/guialimeira.com.br\/news\/wp-json\/wp\/v2\/media\/67122"}],"wp:attachment":[{"href":"https:\/\/guialimeira.com.br\/news\/wp-json\/wp\/v2\/media?parent=67530"}],"wp:term":[{"taxonomy":"category","embeddable":true,"href":"https:\/\/guialimeira.com.br\/news\/wp-json\/wp\/v2\/categories?post=67530"},{"taxonomy":"post_tag","embeddable":true,"href":"https:\/\/guialimeira.com.br\/news\/wp-json\/wp\/v2\/tags?post=67530"}],"curies":[{"name":"wp","href":"https:\/\/api.w.org\/{rel}","templated":true}]}}