{"id":67526,"date":"2026-06-01T10:52:16","date_gmt":"2026-06-01T13:52:16","guid":{"rendered":"https:\/\/guialimeira.com.br\/limeira-abre-processo-seletivo-para-estagiarios-do-ensino-medio-e-superior-a-partir-de-segunda-feira-1o\/"},"modified":"2026-06-01T10:52:16","modified_gmt":"2026-06-01T13:52:16","slug":"limeira-abre-processo-seletivo-para-estagiarios-do-ensino-medio-e-superior-a-partir-de-segunda-feira-1o","status":"publish","type":"post","link":"https:\/\/guialimeira.com.br\/news\/limeira-abre-processo-seletivo-para-estagiarios-do-ensino-medio-e-superior-a-partir-de-segunda-feira-1o\/","title":{"rendered":"Limeira abre processo seletivo para estagi\u00e1rios do ensino m\u00e9dio e superior a partir de segunda-feira (1\u00ba)"},"content":{"rendered":"<p> <br \/>\n<\/p>\n<div id=\"\">&#13;<br \/>\n                    &#13;<br \/>\n&#13;<br \/>\n&#13;<br \/>\n&#13;<br \/>\n&#13;<br \/>\n&#13;<br \/>\n    <img data-recalc-dims=\"1\" decoding=\"async\" src=\"https:\/\/i0.wp.com\/ecrie.com.br\/sistema\/conteudos\/imagem\/m_137_0_1_20012026161826.jpg?w=696&#038;ssl=1\" alt=\"Limeira abre processo seletivo para estagi\u00e1rios do ensino m\u00e9dio e superior a partir de segunda-feira (1\u00ba)\"\/>&#13;<br \/>\n&#13;<br \/>\n&#13;<\/p>\n<p style=\"text-align: justify;\">A Prefeitura de Limeira abre, a partir desta segunda-feira (1\u00ba), as inscri\u00e7\u00f5es para o processo seletivo de est\u00e1gio destinado a estudantes do ensino m\u00e9dio e do ensino superior. Os interessados poder\u00e3o se inscrever at\u00e9 o dia 15, exclusivamente pelo site do recrutamento: <a href=\"https:\/\/recrutamento-brasil.zoomeduca.com.br\/portal\" rel=\"noopener\">https:\/\/recrutamento-brasil.zoomeduca.com.br\/portal<\/a><\/p>\n<p>&#13;<\/p>\n<p style=\"text-align: justify;\">Podem participar estudantes com 16 anos completos ou mais na data de in\u00edcio do est\u00e1gio, regularmente matriculados e com frequ\u00eancia ativa no ensino m\u00e9dio ou em cursos de gradua\u00e7\u00e3o nas \u00e1reas de Administra\u00e7\u00e3o e Gest\u00e3o, Arquitetura e Urbanismo, Artes, Ci\u00eancias Agr\u00e1rias e Ambientais, Ci\u00eancias Cont\u00e1beis, Comunica\u00e7\u00e3o e Marketing, Direito, Economia, Educa\u00e7\u00e3o, Engenharia Civil, Engenharia de Transportes, Geod\u00e9sia e Cartografia, Humanidades, Medicina Veterin\u00e1ria, Pol\u00edticas P\u00fablicas, Psicologia, Sa\u00fade, Servi\u00e7o Social e Tecnologia da Informa\u00e7\u00e3o.<\/p>\n<p>&#13;<\/p>\n<p style=\"text-align: justify;\">O programa tem como objetivo proporcionar experi\u00eancia pr\u00e1tica aos estudantes, complementando a forma\u00e7\u00e3o acad\u00eamica e contribuindo para o desenvolvimento de compet\u00eancias profissionais. Pessoas com defici\u00eancia t\u00eam assegurada a reserva de 10% das vagas ofertadas por curso.<\/p>\n<p>&#13;<\/p>\n<p style=\"text-align: justify;\">O prefeito Murilo F\u00e9lix destacou a import\u00e2ncia do programa como porta de entrada para o servi\u00e7o p\u00fablico. \u201cA Prefeitura \u00e9 uma grande oportunidade para que os estudantes tenham contato com diferentes \u00e1reas profissionais, aprendam na pr\u00e1tica e, ao mesmo tempo, contribuam diretamente com a popula\u00e7\u00e3o. \u00c9 uma experi\u00eancia de crescimento, responsabilidade e muito aprendizado\u201d, afirmou.<\/p>\n<p>&#13;<\/p>\n<p style=\"text-align: justify;\"><strong>Bolsa-aux\u00edlio<\/strong><br \/>Os estagi\u00e1rios selecionados receber\u00e3o bolsa-aux\u00edlio de acordo com o n\u00edvel de ensino e a carga hor\u00e1ria semanal:<\/p>\n<p>&#13;<\/p>\n<p style=\"text-align: justify;\">* Ensino Superior (30 horas semanais): R$ 1.000,00<br \/>* Ensino Superior (20 horas semanais): R$ 666,66<br \/>* Ensino M\u00e9dio ou T\u00e9cnico (30 horas semanais): R$ 666,12<br \/>* Ensino M\u00e9dio ou T\u00e9cnico (20 horas semanais): R$ 444,08<\/p>\n<p>&#13;<\/p>\n<p style=\"text-align: justify;\"><strong>Etapas da sele\u00e7\u00e3o<\/strong><br \/>O processo seletivo ser\u00e1 realizado em duas fases. A primeira consiste na an\u00e1lise do coeficiente escolar dos candidatos. Os classificados ser\u00e3o convocados para a segunda etapa, que prev\u00ea entrevista presencial na Prefeitura de Limeira.<\/p>\n<p>&#13;<\/p>\n<p style=\"text-align: justify;\">O secret\u00e1rio de Administra\u00e7\u00e3o, Thiago Guimar\u00e3es, ressaltou que o processo foi estruturado para garantir transpar\u00eancia e crit\u00e9rios t\u00e9cnicos na sele\u00e7\u00e3o. \u201cO processo seletivo foi organizado para assegurar igualdade de oportunidades e uma avalia\u00e7\u00e3o criteriosa dos candidatos, considerando desempenho acad\u00eamico e perfil compat\u00edvel com as atividades desenvolvidas pela administra\u00e7\u00e3o p\u00fablica\u201d, explicou.<\/p>\n<p>&#13;<br \/>\n&#13;<br \/>\n&#13;<br \/>\n&#13;<\/p>\n<article class=\"conteudo-relacionado no-print\">&#13;<br \/>\n        &#13;<br \/>\n&#13;<br \/>\n        &#13;<br \/>\n    <\/article>\n<p>&#13;<br \/>\n&#13;\n                <\/p><\/div>\n<p><br \/>\n<br \/><a href=\"https:\/\/limeira.sp.gov.br\/limeira-abre-processo-seletivo-para-estagiarios-do-ensino-medio-e-superior-a-partir-de-segunda-feira-1\" rel=\"noopener\">Informa\u00e7\u00f5es da PML <\/a><\/p>\n","protected":false},"excerpt":{"rendered":"<p>&#13; &#13; &#13; &#13; &#13; &#13; &#13; &#13; &#13; &#13; A Prefeitura de Limeira abre, a partir desta segunda-feira (1\u00ba), as inscri\u00e7\u00f5es para o processo seletivo de est\u00e1gio destinado a estudantes do ensino m\u00e9dio e do ensino superior. Os interessados poder\u00e3o se inscrever at\u00e9 o dia 15, exclusivamente pelo site do recrutamento: https:\/\/recrutamento-brasil.zoomeduca.com.br\/portal &#13; Podem [&hellip;]<\/p>\n","protected":false},"author":1,"featured_media":52747,"comment_status":"","ping_status":"open","sticky":false,"template":"","format":"standard","meta":{"_jetpack_newsletter_access":"","_jetpack_dont_email_post_to_subs":false,"_jetpack_newsletter_tier_id":0,"_jetpack_memberships_contains_paywalled_content":false,"_mbp_banners":[],"_jetpack_feature_clip_id":0,"_jetpack_memberships_contains_paid_content":false,"footnotes":"","jetpack_publicize_message":"","jetpack_publicize_feature_enabled":true,"jetpack_social_post_already_shared":true,"jetpack_social_options":{"image_generator_settings":{"template":"highway","default_image_id":0,"font":"","enabled":false},"version":2},"jetpack_post_was_ever_published":false},"categories":[16],"tags":[],"class_list":["post-67526","post","type-post","status-publish","format-standard","has-post-thumbnail","category-local"],"jetpack_publicize_connections":[],"jetpack-related-posts":[],"jetpack_shortlink":"https:\/\/wp.me\/p7Eq1F-hz8","jetpack_sharing_enabled":true,"jetpack_featured_media_url":"https:\/\/i0.wp.com\/guialimeira.com.br\/news\/wp-content\/uploads\/2026\/01\/m_137_0_1_20012026161826.jpg?fit=1024%2C576&ssl=1","_links":{"self":[{"href":"https:\/\/guialimeira.com.br\/news\/wp-json\/wp\/v2\/posts\/67526","targetHints":{"allow":["GET"]}}],"collection":[{"href":"https:\/\/guialimeira.com.br\/news\/wp-json\/wp\/v2\/posts"}],"about":[{"href":"https:\/\/guialimeira.com.br\/news\/wp-json\/wp\/v2\/types\/post"}],"author":[{"embeddable":true,"href":"https:\/\/guialimeira.com.br\/news\/wp-json\/wp\/v2\/users\/1"}],"replies":[{"embeddable":true,"href":"https:\/\/guialimeira.com.br\/news\/wp-json\/wp\/v2\/comments?post=67526"}],"version-history":[{"count":0,"href":"https:\/\/guialimeira.com.br\/news\/wp-json\/wp\/v2\/posts\/67526\/revisions"}],"wp:featuredmedia":[{"embeddable":true,"href":"https:\/\/guialimeira.com.br\/news\/wp-json\/wp\/v2\/media\/52747"}],"wp:attachment":[{"href":"https:\/\/guialimeira.com.br\/news\/wp-json\/wp\/v2\/media?parent=67526"}],"wp:term":[{"taxonomy":"category","embeddable":true,"href":"https:\/\/guialimeira.com.br\/news\/wp-json\/wp\/v2\/categories?post=67526"},{"taxonomy":"post_tag","embeddable":true,"href":"https:\/\/guialimeira.com.br\/news\/wp-json\/wp\/v2\/tags?post=67526"}],"curies":[{"name":"wp","href":"https:\/\/api.w.org\/{rel}","templated":true}]}}