{"id":67524,"date":"2026-06-01T10:47:09","date_gmt":"2026-06-01T13:47:09","guid":{"rendered":"https:\/\/guialimeira.com.br\/campanha-de-atualizacao-dos-rebanhos-segue-em-vigor-ate-o-dia-14-de-junho-no-estado-de-sp\/"},"modified":"2026-06-01T10:47:09","modified_gmt":"2026-06-01T13:47:09","slug":"campanha-de-atualizacao-dos-rebanhos-segue-em-vigor-ate-o-dia-14-de-junho-no-estado-de-sp","status":"publish","type":"post","link":"https:\/\/guialimeira.com.br\/news\/campanha-de-atualizacao-dos-rebanhos-segue-em-vigor-ate-o-dia-14-de-junho-no-estado-de-sp\/","title":{"rendered":"Campanha de atualiza\u00e7\u00e3o dos rebanhos segue em vigor at\u00e9 o dia 14 de junho no estado de SP"},"content":{"rendered":"<p> <br \/>\n<br \/><img data-recalc-dims=\"1\" decoding=\"async\" src=\"https:\/\/i0.wp.com\/www.agenciasp.sp.gov.br\/wp-content\/uploads\/2026\/06\/Sanidade-Animal-Campanha-Atualizacao-1-Semestre-2026-1024x681-1.jpeg?w=696&#038;ssl=1\" \/><\/p>\n<div>\n<p class=\"wp-block-paragraph\">A Defesa Agropecu\u00e1ria, \u00f3rg\u00e3o da <a href=\"https:\/\/agricultura.sp.gov.br\/\" target=\"_blank\" rel=\"noopener\">Secretaria de Agricultura e Abastecimento (SAA)<\/a>, informa aos produtores que vai at\u00e9 14 junho a Campanha de Atualiza\u00e7\u00e3o de Rebanhos do primeiro semestre. Devem ser atualizados, al\u00e9m dos bovinos, os rebanhos de bubalinos, equinos, asininos, muares, su\u00ednos, ovinos, caprinos, aves, peixes e outros animais aqu\u00e1ticos, colmeias de abelhas e bicho da seda.<\/p>\n<p class=\"wp-block-paragraph\">A n\u00e3o declara\u00e7\u00e3o pode acarretar o bloqueio da movimenta\u00e7\u00e3o dos animais e a inviabilidade da emiss\u00e3o da Guia de Tr\u00e2nsito Animal (GTA), al\u00e9m da possibilidade de san\u00e7\u00f5es administrativas.<\/p>\n<p class=\"wp-block-paragraph\"><strong>LEIA TAMB\u00c9M: <\/strong><a href=\"https:\/\/www.agenciasp.sp.gov.br\/governo-de-sp-comeca-periodo-de-vazio-sanitario-da-soja-nesta-segunda-feira-1\/\" rel=\"noopener\">Governo de SP come\u00e7a per\u00edodo de vazio sanit\u00e1rio da soja nesta segunda-feira (1)<\/a><\/p>\n<p class=\"wp-block-paragraph\">Desde o dia 11 de maio, quando teve in\u00edcio a campanha, j\u00e1 foram declarados ao todo 55% dos rebanhos, considerando todas as esp\u00e9cies. At\u00e9 o momento, a esp\u00e9cie com maior percentual de declara\u00e7\u00f5es \u00e9 a de bovinos, que j\u00e1 soma 61,94% dos animais declarados.<\/p>\n<p class=\"wp-block-paragraph\">A declara\u00e7\u00e3o pode ser feita diretamente no sistema Gedave. Outra forma de efetuar a declara\u00e7\u00e3o \u00e9 pessoalmente em uma das Unidades da Defesa Agropecu\u00e1ria. Os endere\u00e7os est\u00e3o dispon\u00edveis em <a href=\"https:\/\/www.defesa.agricultura.sp.gov.br\/enderecos\/\" target=\"_blank\" rel=\"noreferrer noopener\">https:\/\/www.defesa.agricultura.sp.gov.br\/enderecos\/<\/a>.<\/p>\n<h3 class=\"wp-block-heading\"><strong>Fundesa-PEC<\/strong><\/h3>\n<p class=\"wp-block-paragraph\">A partir desta campanha, propriet\u00e1rios de bovinos e bubalinos passaram, al\u00e9m de declararem seus rebanhos, a contribuir com o Fundo de Defesa da Sanidade Animal Para a Pecu\u00e1ria (Fundesa-PEC), o seguro paulista para a Febre Aftosa.<\/p>\n<p class=\"wp-block-paragraph\">O Fundesa-PEC est\u00e1 sendo abastecido por contribui\u00e7\u00f5es dos produtores, calculadas com base no n\u00famero de animais declarados no rebanho. Para 2026, o valor da contribui\u00e7\u00e3o \u00e9 de R$ 1,076 por animal e at\u00e9 o presente momento, j\u00e1 foram recolhidos R$ 6.465.312,68 (seis milh\u00f5es, quatrocentos e sessenta cinco mil, trezentos e doze reais e sessenta e oito centavos).<\/p>\n<p class=\"wp-block-paragraph\">Em caso de ocorr\u00eancia de um foco de Febre Aftosa, a Defesa Agropecu\u00e1ria precisa atuar rapidamente para conter o problema. Em situa\u00e7\u00f5es desse tipo, pode ser necess\u00e1rio o abate sanit\u00e1rio de animais para impedir a dissemina\u00e7\u00e3o da doen\u00e7a. Nesses casos, o fundo entra em a\u00e7\u00e3o para garantir a indeniza\u00e7\u00e3o ao produtor.<\/p>\n<p class=\"wp-block-paragraph\">A exist\u00eancia do fundo permite uma resposta mais r\u00e1pida diante de emerg\u00eancias sanit\u00e1rias e fortalece o sistema de sanidade animal do Estado.<\/p>\n<\/p><\/div>\n<p><br \/>\n<br \/><a href=\"https:\/\/www.agenciasp.sp.gov.br\/sanidade-animal-cadastro-rebanhos-dia-14\/\" rel=\"noopener\">Informa\u00e7\u00f5es GOV.SP<\/a><\/p>\n","protected":false},"excerpt":{"rendered":"<p>A Defesa Agropecu\u00e1ria, \u00f3rg\u00e3o da Secretaria de Agricultura e Abastecimento (SAA), informa aos produtores que vai at\u00e9 14 junho a Campanha de Atualiza\u00e7\u00e3o de Rebanhos do primeiro semestre. Devem ser atualizados, al\u00e9m dos bovinos, os rebanhos de bubalinos, equinos, asininos, muares, su\u00ednos, ovinos, caprinos, aves, peixes e outros animais aqu\u00e1ticos, colmeias de abelhas e bicho [&hellip;]<\/p>\n","protected":false},"author":1,"featured_media":67525,"comment_status":"","ping_status":"open","sticky":false,"template":"","format":"standard","meta":{"_jetpack_newsletter_access":"","_jetpack_dont_email_post_to_subs":false,"_jetpack_newsletter_tier_id":0,"_jetpack_memberships_contains_paywalled_content":false,"_mbp_banners":[],"_jetpack_feature_clip_id":0,"_jetpack_memberships_contains_paid_content":false,"footnotes":"","jetpack_publicize_message":"","jetpack_publicize_feature_enabled":true,"jetpack_social_post_already_shared":true,"jetpack_social_options":{"image_generator_settings":{"template":"highway","default_image_id":0,"font":"","enabled":false},"version":2},"jetpack_post_was_ever_published":false},"categories":[21],"tags":[],"class_list":["post-67524","post","type-post","status-publish","format-standard","has-post-thumbnail","category-sp-news"],"jetpack_publicize_connections":[],"jetpack-related-posts":[],"jetpack_shortlink":"https:\/\/wp.me\/p7Eq1F-hz6","jetpack_sharing_enabled":true,"jetpack_featured_media_url":"https:\/\/i0.wp.com\/guialimeira.com.br\/news\/wp-content\/uploads\/2026\/06\/Campanha-de-atualizacao-dos-rebanhos-segue-em-vigor-ate-o.jpeg?fit=1024%2C681&ssl=1","_links":{"self":[{"href":"https:\/\/guialimeira.com.br\/news\/wp-json\/wp\/v2\/posts\/67524","targetHints":{"allow":["GET"]}}],"collection":[{"href":"https:\/\/guialimeira.com.br\/news\/wp-json\/wp\/v2\/posts"}],"about":[{"href":"https:\/\/guialimeira.com.br\/news\/wp-json\/wp\/v2\/types\/post"}],"author":[{"embeddable":true,"href":"https:\/\/guialimeira.com.br\/news\/wp-json\/wp\/v2\/users\/1"}],"replies":[{"embeddable":true,"href":"https:\/\/guialimeira.com.br\/news\/wp-json\/wp\/v2\/comments?post=67524"}],"version-history":[{"count":0,"href":"https:\/\/guialimeira.com.br\/news\/wp-json\/wp\/v2\/posts\/67524\/revisions"}],"wp:featuredmedia":[{"embeddable":true,"href":"https:\/\/guialimeira.com.br\/news\/wp-json\/wp\/v2\/media\/67525"}],"wp:attachment":[{"href":"https:\/\/guialimeira.com.br\/news\/wp-json\/wp\/v2\/media?parent=67524"}],"wp:term":[{"taxonomy":"category","embeddable":true,"href":"https:\/\/guialimeira.com.br\/news\/wp-json\/wp\/v2\/categories?post=67524"},{"taxonomy":"post_tag","embeddable":true,"href":"https:\/\/guialimeira.com.br\/news\/wp-json\/wp\/v2\/tags?post=67524"}],"curies":[{"name":"wp","href":"https:\/\/api.w.org\/{rel}","templated":true}]}}