{"id":67520,"date":"2026-06-01T09:51:11","date_gmt":"2026-06-01T12:51:11","guid":{"rendered":"https:\/\/guialimeira.com.br\/doacao-de-mudas-do-viveiro-municipal-ganha-novo-endereco-em-limeira\/"},"modified":"2026-06-01T09:51:11","modified_gmt":"2026-06-01T12:51:11","slug":"doacao-de-mudas-do-viveiro-municipal-ganha-novo-endereco-em-limeira","status":"publish","type":"post","link":"https:\/\/guialimeira.com.br\/news\/doacao-de-mudas-do-viveiro-municipal-ganha-novo-endereco-em-limeira\/","title":{"rendered":"Doa\u00e7\u00e3o de mudas do Viveiro Municipal ganha novo endere\u00e7o em Limeira"},"content":{"rendered":"<p> <br \/>\n<\/p>\n<div>\n                <main class=\"\">&#13;<br \/>\n                    &#13;<br \/>\n&#13;<br \/>\n&#13;<br \/>\n&#13;<br \/>\n&#13;<br \/>\n&#13;<br \/>\n    <img data-recalc-dims=\"1\" decoding=\"async\" src=\"https:\/\/i0.wp.com\/ecrie.com.br\/sistema\/conteudos\/imagem\/m_137_0_1_01062026094527.jpeg?w=696&#038;ssl=1\" alt=\"Doa\u00e7\u00e3o de mudas do Viveiro Municipal ganha novo endere\u00e7o em Limeira\"\/>&#13;<br \/>\n&#13;<br \/>\n&#13;<\/p>\n<p style=\"text-align: justify;\">O servi\u00e7o gratuito de Doa\u00e7\u00e3o de Mudas do Viveiro Municipal de Limeira passar\u00e1 a atender em um novo endere\u00e7o a partir do dia 15 de junho. Atualmente localizado na Rua Professor Nestor Martins Lino, 206, no Jardim Santa L\u00facia, o atendimento ser\u00e1 transferido em definitivo para a Via Prefeito Jurandyr Paix\u00e3o de Campos Freire, Km 4, em uma \u00e1rea estrat\u00e9gica localizada pr\u00f3xima ao Horto Florestal.<\/p>\n<p>&#13;<\/p>\n<p style=\"text-align: justify;\">Para que a equipe t\u00e9cnica realize a transi\u00e7\u00e3o dos materiais e a organiza\u00e7\u00e3o do estoque, as atividades de distribui\u00e7\u00e3o de mudas estar\u00e3o temporariamente suspensas na quinta (11) e sexta-feira (12). Na segunda-feira (15), o servi\u00e7o reabre normalmente para o p\u00fablico geral no novo espa\u00e7o, mantendo seu cronograma tradicional de funcionamento de segunda a sexta-feira.<\/p>\n<p>&#13;<\/p>\n<p style=\"text-align: justify;\">A mudan\u00e7a integra o Plano de Governo da atual gest\u00e3o e tem como objetivo principal modernizar, expandir e aprimorar a estrutura de atendimento oferecida aos mun\u00edcipes. A Prefeitura destaca que o novo espa\u00e7o foi planejado para proporcionar melhores condi\u00e7\u00f5es t\u00e9cnicas para o armazenamento, o cultivo adequado e uma log\u00edstica mais \u00e1gil na distribui\u00e7\u00e3o das esp\u00e9cies.<\/p>\n<p>&#13;<\/p>\n<p style=\"text-align: justify;\">A doa\u00e7\u00e3o de mudas \u00e9 uma iniciativa cont\u00ednua voltada ao incentivo da arboriza\u00e7\u00e3o urbana e \u00e0 preserva\u00e7\u00e3o ambiental na cidade. Interessados em retirar esp\u00e9cies ou obter orienta\u00e7\u00f5es sobre o plantio correto podem entrar em contato com os canais de atendimento para mais informa\u00e7\u00f5es atrav\u00e9s do telefone (19) 3404-9717.<\/p>\n<p>&#13;<\/p>\n<p style=\"text-align: justify;\"><strong>SERVI\u00c7O:<\/strong><\/p>\n<p>&#13;<\/p>\n<p style=\"text-align: justify;\">Mudan\u00e7a de Endere\u00e7o \u2013 Doa\u00e7\u00e3o de Mudas<br \/>At\u00e9 dia 10\/06: Atendimento normal no endere\u00e7o antigo (Jardim Santa L\u00facia)<br \/>Dias 11\/06 e 12\/06: Expediente SUSPENSO para a realiza\u00e7\u00e3o da mudan\u00e7a estrutural<br \/>A partir de 15\/06: Reabertura oficial no novo endere\u00e7o: Via Prefeito Jurandyr Paix\u00e3o de Campos Freire, Km 4 (pr\u00f3ximo ao Horto Florestal)<br \/>Funcionamento: Segunda a sexta-feira<br \/>Custo: Gratuito para a popula\u00e7\u00e3o<\/p>\n<p>&#13;<br \/>\n&#13;<br \/>\n&#13;<br \/>\n&#13;<\/p>\n<article class=\"conteudo-relacionado no-print\">&#13;<br \/>\n        &#13;<br \/>\n&#13;<br \/>\n        &#13;<br \/>\n    <\/article>\n<p>&#13;<br \/>\n&#13;<br \/>\n                <\/main><\/p><\/div>\n<p><br \/>\n<br \/><a href=\"https:\/\/limeira.sp.gov.br\/doacao-de-mudas-do-viveiro-municipal-ganha-novo-endereco-em-limeira\" rel=\"noopener\">Informa\u00e7\u00f5es da PML <\/a><\/p>\n","protected":false},"excerpt":{"rendered":"<p>&#13; &#13; &#13; &#13; &#13; &#13; &#13; &#13; &#13; &#13; O servi\u00e7o gratuito de Doa\u00e7\u00e3o de Mudas do Viveiro Municipal de Limeira passar\u00e1 a atender em um novo endere\u00e7o a partir do dia 15 de junho. Atualmente localizado na Rua Professor Nestor Martins Lino, 206, no Jardim Santa L\u00facia, o atendimento ser\u00e1 transferido em definitivo [&hellip;]<\/p>\n","protected":false},"author":1,"featured_media":67521,"comment_status":"","ping_status":"open","sticky":false,"template":"","format":"standard","meta":{"_jetpack_newsletter_access":"","_jetpack_dont_email_post_to_subs":false,"_jetpack_newsletter_tier_id":0,"_jetpack_memberships_contains_paywalled_content":false,"_mbp_banners":[],"_jetpack_feature_clip_id":0,"_jetpack_memberships_contains_paid_content":false,"footnotes":"","jetpack_publicize_message":"","jetpack_publicize_feature_enabled":true,"jetpack_social_post_already_shared":true,"jetpack_social_options":{"image_generator_settings":{"template":"highway","default_image_id":0,"font":"","enabled":false},"version":2},"jetpack_post_was_ever_published":false},"categories":[16],"tags":[],"class_list":["post-67520","post","type-post","status-publish","format-standard","has-post-thumbnail","category-local"],"jetpack_publicize_connections":[],"jetpack-related-posts":[],"jetpack_shortlink":"https:\/\/wp.me\/p7Eq1F-hz2","jetpack_sharing_enabled":true,"jetpack_featured_media_url":"https:\/\/i0.wp.com\/guialimeira.com.br\/news\/wp-content\/uploads\/2026\/06\/m_137_0_1_01062026094527.jpeg?fit=1024%2C768&ssl=1","_links":{"self":[{"href":"https:\/\/guialimeira.com.br\/news\/wp-json\/wp\/v2\/posts\/67520","targetHints":{"allow":["GET"]}}],"collection":[{"href":"https:\/\/guialimeira.com.br\/news\/wp-json\/wp\/v2\/posts"}],"about":[{"href":"https:\/\/guialimeira.com.br\/news\/wp-json\/wp\/v2\/types\/post"}],"author":[{"embeddable":true,"href":"https:\/\/guialimeira.com.br\/news\/wp-json\/wp\/v2\/users\/1"}],"replies":[{"embeddable":true,"href":"https:\/\/guialimeira.com.br\/news\/wp-json\/wp\/v2\/comments?post=67520"}],"version-history":[{"count":0,"href":"https:\/\/guialimeira.com.br\/news\/wp-json\/wp\/v2\/posts\/67520\/revisions"}],"wp:featuredmedia":[{"embeddable":true,"href":"https:\/\/guialimeira.com.br\/news\/wp-json\/wp\/v2\/media\/67521"}],"wp:attachment":[{"href":"https:\/\/guialimeira.com.br\/news\/wp-json\/wp\/v2\/media?parent=67520"}],"wp:term":[{"taxonomy":"category","embeddable":true,"href":"https:\/\/guialimeira.com.br\/news\/wp-json\/wp\/v2\/categories?post=67520"},{"taxonomy":"post_tag","embeddable":true,"href":"https:\/\/guialimeira.com.br\/news\/wp-json\/wp\/v2\/tags?post=67520"}],"curies":[{"name":"wp","href":"https:\/\/api.w.org\/{rel}","templated":true}]}}