{"id":67510,"date":"2026-06-01T07:43:50","date_gmt":"2026-06-01T10:43:50","guid":{"rendered":"https:\/\/guialimeira.com.br\/feirao-do-emprego-de-valinhos-reune-mais-de-150-vagas-de-trabalho-na-area-da-saude\/"},"modified":"2026-06-01T07:43:50","modified_gmt":"2026-06-01T10:43:50","slug":"feirao-do-emprego-de-valinhos-reune-mais-de-150-vagas-de-trabalho-na-area-da-saude","status":"publish","type":"post","link":"https:\/\/guialimeira.com.br\/news\/feirao-do-emprego-de-valinhos-reune-mais-de-150-vagas-de-trabalho-na-area-da-saude\/","title":{"rendered":"Feir\u00e3o do Emprego de Valinhos re\u00fane mais de 150 vagas de trabalho na \u00e1rea da sa\u00fade"},"content":{"rendered":"<p> <br \/>\n<br \/><img data-recalc-dims=\"1\" decoding=\"async\" src=\"https:\/\/i0.wp.com\/www.agenciasp.sp.gov.br\/wp-content\/uploads\/2026\/05\/WhatsApp-Image-2026-05-27-at-10.39.47.jpeg?w=696&#038;ssl=1\" \/><\/p>\n<div>\n<p class=\"wp-block-paragraph\">A Secretaria de Desenvolvimento Econ\u00f4mico (SDE) do Estado de S\u00e3o Paulo, por meio do Posto de Atendimento ao Trabalhador (PAT) de Valinhos, realiza nesta ter\u00e7a-feira (2) o Feir\u00e3o do Emprego de Valinhos, na regi\u00e3o de Campinas, com 158 vagas de trabalho na \u00e1rea da sa\u00fade. A iniciativa acontece das 9h \u00e0s 14h no Centro Cultural Vicente Musselli, que fica na Rua Jos\u00e9 Milani, 15, no Centro.<\/p>\n<p class=\"wp-block-paragraph\">Os sal\u00e1rios variam de acordo com a fun\u00e7\u00e3o e v\u00e3o at\u00e9 R$ 4.700,00, al\u00e9m de benef\u00edcios. As vagas assistenciais e operacionais s\u00e3o exclusivamente para a \u00e1rea da sa\u00fade, em 18 fun\u00e7\u00f5es distintas, para atuar no Hospital S\u00e3o Luiz de Campinas.<\/p>\n<p class=\"wp-block-paragraph\"><strong>LEIA TAMB\u00c9M: <\/strong><a href=\"https:\/\/www.agenciasp.sp.gov.br\/loa-2027-regiao-metropolitana-de-sao-paulo\/\" rel=\"noopener\">LOA 2027: Governo de SP realiza audi\u00eancia p\u00fablica do Or\u00e7amento na regi\u00e3o metropolitana de S\u00e3o Paulo<\/a><\/p>\n<p class=\"wp-block-paragraph\">Na a\u00e7\u00e3o, ser\u00e3o contemplados candidatos de Valinhos, Vinhedo, Campinas, Sumar\u00e9, Monte Mor, Nova Odessa, Hortol\u00e2ndia e Americana. <\/p>\n<h3 class=\"wp-block-heading\">Cargos dispon\u00edveis no feir\u00e3o<\/h3>\n<ul class=\"wp-block-list\">\n<li>T\u00e9cnico de enfermagem \u2013 41 vagas;<\/li>\n<li>Recepcionista \u2013 32 vagas;<\/li>\n<li>Auxiliar de contas m\u00e9dicas (contas a pagar) \u2013 20 vagas;<\/li>\n<li>Enfermeiro \u2013 11 vagas;<\/li>\n<li>Copeiro \u2013 8 vagas;<\/li>\n<li>T\u00e9cnico de engenharia cl\u00ednica hospitalar (t\u00e9cnico em manuten\u00e7\u00e3o de equipamentos e instrumentos) \u2013 6 vagas;<\/li>\n<li>Analista de laborat\u00f3rio hospitalar \u2013 6 vagas;<\/li>\n<li>T\u00e9cnico em nutri\u00e7\u00e3o hospitalar \u2013 6 vagas;<\/li>\n<li>Analista de contas m\u00e9dicas \u2013 4 vagas;<\/li>\n<li>Farmac\u00eautico \u2013 4 vagas;<\/li>\n<li>Assistente administrativo hospitalar \u2013 4 vagas;<\/li>\n<li>Mensageiro hospitalar \u2013 4 vagas;<\/li>\n<li>L\u00edder de governan\u00e7a hospitalar (governanta executiva) \u2013 2 vagas;<\/li>\n<li>Auxiliar administrativo hospitalar \u2013 2 vagas;<\/li>\n<li>Telefonista \u2013 2 vagas;<\/li>\n<li>Auxiliar de farm\u00e1cia hospitalar \u2013 2 vagas;<\/li>\n<li>Auxiliar de suprimentos hospitalares (almoxarife) \u2013 2 vagas;<\/li>\n<li>Auxiliar de estoque \u2013 2 vagas.<\/li>\n<\/ul>\n<p class=\"wp-block-paragraph\">Os interessados em participar dos processos seletivos devem comparecer com documento de identidade (RG\/CPF), carteira de trabalho (f\u00edsica ou digital) e curr\u00edculo.<\/p>\n<p class=\"wp-block-paragraph\"><strong>LEIA TAMB\u00c9M: <\/strong><a href=\"https:\/\/www.agenciasp.sp.gov.br\/governo-de-sp-repassa-mais-de-r-18-bilhao-em-icms-as-cidades-paulistas\/\" rel=\"noopener\">Governo de SP repassa mais de R$ 1,8 bilh\u00e3o em ICMS \u00e0s cidades paulistas<\/a><\/p>\n<h3 class=\"wp-block-heading\">Servi\u00e7o<\/h3>\n<p class=\"wp-block-paragraph\">Feir\u00e3o do Emprego de Valinhos na \u00e1rea da sa\u00fade<br \/>Data e hor\u00e1rio: Ter\u00e7a-feira (2), das 9h \u00e0s 14h<br \/>Local: Centro Cultural Vicente Musselli \u2013 Rua Jos\u00e9 Milani, 15 \u2013 Centro de Valinhos<br \/>Localiza\u00e7\u00e3o: <a href=\"https:\/\/maps.app.goo.gl\/iLZCq4MkW1ouAvmG9\" target=\"_blank\" rel=\"noopener\">https:\/\/maps.app.goo.gl\/iLZCq4MkW1ouAvmG9<\/a><\/p>\n<\/p><\/div>\n<p><br \/>\n<br \/><a href=\"https:\/\/www.agenciasp.sp.gov.br\/feirao-do-emprego-de-valinhos-reune-mais-de-150-vagas-de-trabalho-na-area-da-saude\/\" rel=\"noopener\">Informa\u00e7\u00f5es GOV.SP<\/a><\/p>\n","protected":false},"excerpt":{"rendered":"<p>A Secretaria de Desenvolvimento Econ\u00f4mico (SDE) do Estado de S\u00e3o Paulo, por meio do Posto de Atendimento ao Trabalhador (PAT) de Valinhos, realiza nesta ter\u00e7a-feira (2) o Feir\u00e3o do Emprego de Valinhos, na regi\u00e3o de Campinas, com 158 vagas de trabalho na \u00e1rea da sa\u00fade. A iniciativa acontece das 9h \u00e0s 14h no Centro Cultural [&hellip;]<\/p>\n","protected":false},"author":1,"featured_media":67511,"comment_status":"","ping_status":"open","sticky":false,"template":"","format":"standard","meta":{"_jetpack_newsletter_access":"","_jetpack_dont_email_post_to_subs":false,"_jetpack_newsletter_tier_id":0,"_jetpack_memberships_contains_paywalled_content":false,"_mbp_banners":[],"_jetpack_feature_clip_id":0,"_jetpack_memberships_contains_paid_content":false,"footnotes":"","jetpack_publicize_message":"","jetpack_publicize_feature_enabled":true,"jetpack_social_post_already_shared":true,"jetpack_social_options":{"image_generator_settings":{"template":"highway","default_image_id":0,"font":"","enabled":false},"version":2},"jetpack_post_was_ever_published":false},"categories":[21],"tags":[],"class_list":["post-67510","post","type-post","status-publish","format-standard","has-post-thumbnail","category-sp-news"],"jetpack_publicize_connections":[],"jetpack-related-posts":[],"jetpack_shortlink":"https:\/\/wp.me\/p7Eq1F-hyS","jetpack_sharing_enabled":true,"jetpack_featured_media_url":"https:\/\/i0.wp.com\/guialimeira.com.br\/news\/wp-content\/uploads\/2026\/06\/Feirao-do-Emprego-de-Valinhos-reune-mais-de-150-vagas.jpeg?fit=1600%2C1066&ssl=1","_links":{"self":[{"href":"https:\/\/guialimeira.com.br\/news\/wp-json\/wp\/v2\/posts\/67510","targetHints":{"allow":["GET"]}}],"collection":[{"href":"https:\/\/guialimeira.com.br\/news\/wp-json\/wp\/v2\/posts"}],"about":[{"href":"https:\/\/guialimeira.com.br\/news\/wp-json\/wp\/v2\/types\/post"}],"author":[{"embeddable":true,"href":"https:\/\/guialimeira.com.br\/news\/wp-json\/wp\/v2\/users\/1"}],"replies":[{"embeddable":true,"href":"https:\/\/guialimeira.com.br\/news\/wp-json\/wp\/v2\/comments?post=67510"}],"version-history":[{"count":0,"href":"https:\/\/guialimeira.com.br\/news\/wp-json\/wp\/v2\/posts\/67510\/revisions"}],"wp:featuredmedia":[{"embeddable":true,"href":"https:\/\/guialimeira.com.br\/news\/wp-json\/wp\/v2\/media\/67511"}],"wp:attachment":[{"href":"https:\/\/guialimeira.com.br\/news\/wp-json\/wp\/v2\/media?parent=67510"}],"wp:term":[{"taxonomy":"category","embeddable":true,"href":"https:\/\/guialimeira.com.br\/news\/wp-json\/wp\/v2\/categories?post=67510"},{"taxonomy":"post_tag","embeddable":true,"href":"https:\/\/guialimeira.com.br\/news\/wp-json\/wp\/v2\/tags?post=67510"}],"curies":[{"name":"wp","href":"https:\/\/api.w.org\/{rel}","templated":true}]}}