{"id":6751,"date":"2024-05-28T17:17:44","date_gmt":"2024-05-28T20:17:44","guid":{"rendered":"https:\/\/guialimeira.com.br\/2024\/05\/28\/marco-xavier-apresenta-projeto-de-lei-que-visa-fortalecer-politicas-de-saude-publica\/"},"modified":"2024-05-28T17:17:44","modified_gmt":"2024-05-28T20:17:44","slug":"marco-xavier-apresenta-projeto-de-lei-que-visa-fortalecer-politicas-de-saude-publica","status":"publish","type":"post","link":"https:\/\/guialimeira.com.br\/news\/marco-xavier-apresenta-projeto-de-lei-que-visa-fortalecer-politicas-de-saude-publica\/","title":{"rendered":"Marco Xavier apresenta projeto de lei que visa fortalecer pol\u00edticas de sa\u00fade p\u00fablica"},"content":{"rendered":"<p> <br \/>\n<\/p>\n<div>\n<p>Protocolado na segunda-feira, 27 de maio, o <a href=\"http:\/\/consulta.limeira.sp.leg.br\/arquivo?Id=446262\" rel=\"noopener\">Projeto de Lei N\u00ba 81\/2024<\/a>, de autoria do vereador Marco Xavier (PP), institui princ\u00edpios e diretrizes b\u00e1sicas para pol\u00edticas direcionadas \u00e0 atua\u00e7\u00e3o de agentes comunit\u00e1rios de sa\u00fade e de combate \u00e0s endemias. \u201cO objetivo \u00e9 fortalecer as pol\u00edticas de sa\u00fade p\u00fablica e valorizar o trabalho desses profissionais no munic\u00edpio, que desempenham papel importante na promo\u00e7\u00e3o da sa\u00fade e preven\u00e7\u00e3o de doen\u00e7as\u201d, afirma o parlamentar.<\/p>\n<p>Conforme a propositura, para que esses profissionais possam desempenhar o seu papel da melhor forma, \u00e9 preciso estabelecer princ\u00edpios e diretrizes que orientem as pol\u00edticas voltadas a esses profissionais, visando garantir a efetividade e qualidade dos servi\u00e7os prestados \u00e0 popula\u00e7\u00e3o.<\/p>\n<p>A proposta prev\u00ea medidas de prote\u00e7\u00e3o \u00e0 sa\u00fade dos agentes, como forma de melhorar a qualidade de trabalho e de vida desses trabalhadores. Entre as a\u00e7\u00f5es est\u00e3o: ado\u00e7\u00e3o de medidas para a prote\u00e7\u00e3o e monitoramento da sa\u00fade, preven\u00e7\u00e3o de acidentes e doen\u00e7as relacionadas ao trabalho, bem como o fornecimento de equipamentos de seguran\u00e7a e uniforme adequados e a oferta de cursos e treinamentos para o aperfei\u00e7oamento dos agentes.<\/p>\n<p>Al\u00e9m disso, o projeto certifica que o valor do incentivo financeiro, previsto no artigo 9\u00ba da <a href=\"https:\/\/www2.camara.leg.br\/legin\/fed\/lei\/2006\/lei-11350-5-outubro-2006-545707-publicacaooriginal-58977-pl.html\" rel=\"noopener\">Lei Federal N\u00ba 11.350\/2014<\/a>, ser\u00e1 prioritariamente destinado ao rateio entre os agentes comunit\u00e1rios de sa\u00fade e de combate \u00e0s endemias do munic\u00edpio, de acordo com crit\u00e9rios estabelecidos pelo \u00f3rg\u00e3o municipal competente.<\/p>\n<p>O projeto foi lido durante a sess\u00e3o ordin\u00e1ria e tramitar\u00e1 pelas comiss\u00f5es permanentes da Casa antes de ficar pronto para ir \u00e0 vota\u00e7\u00e3o em Plen\u00e1rio.<\/p>\n<p><i>Do Gabinete Parlamentar \u2013 Vereador Marco Xavier (PP)<\/i><\/p>\n<p><strong>As mat\u00e9rias de origem dos Gabinetes Parlamentares s\u00e3o de inteira\u00a0 responsabilidade dos parlamentares e de suas assessorias. S\u00e3o devidamente assinadas e n\u00e3o refletem, necessariamente, a opini\u00e3o institucional da C\u00e2mara Municipal de Limeira.<\/strong><\/p>\n<\/p><\/div>\n<p><br \/>\n<br \/><a href=\"https:\/\/www.limeira.sp.leg.br\/noticias\/view\/2024-05-28_marco-xavier-apresenta-projeto-de-lei-que-visa-fortalecer-politicas-de-saude-publica\" rel=\"noopener\">Informa\u00e7\u00f5es CML<\/a><\/p>\n","protected":false},"excerpt":{"rendered":"<p>Protocolado na segunda-feira, 27 de maio, o Projeto de Lei N\u00ba 81\/2024, de autoria do vereador Marco Xavier (PP), institui princ\u00edpios e diretrizes b\u00e1sicas para pol\u00edticas direcionadas \u00e0 atua\u00e7\u00e3o de agentes comunit\u00e1rios de sa\u00fade e de combate \u00e0s endemias. \u201cO objetivo \u00e9 fortalecer as pol\u00edticas de sa\u00fade p\u00fablica e valorizar o trabalho desses profissionais no [&hellip;]<\/p>\n","protected":false},"author":1,"featured_media":0,"comment_status":"open","ping_status":"open","sticky":false,"template":"","format":"standard","meta":{"_jetpack_newsletter_access":"","_jetpack_dont_email_post_to_subs":false,"_jetpack_newsletter_tier_id":0,"_jetpack_memberships_contains_paywalled_content":false,"_mbp_banners":[],"_jetpack_feature_clip_id":0,"_jetpack_memberships_contains_paid_content":false,"footnotes":"","jetpack_publicize_message":"","jetpack_publicize_feature_enabled":true,"jetpack_social_post_already_shared":true,"jetpack_social_options":{"image_generator_settings":{"template":"highway","default_image_id":0,"font":"","enabled":false},"version":2},"jetpack_post_was_ever_published":false},"categories":[19],"tags":[],"class_list":["post-6751","post","type-post","status-publish","format-standard","category-politica"],"jetpack_publicize_connections":[],"jetpack-related-posts":[],"jetpack_shortlink":"https:\/\/wp.me\/p7Eq1F-1KT","jetpack_sharing_enabled":true,"jetpack_featured_media_url":"","_links":{"self":[{"href":"https:\/\/guialimeira.com.br\/news\/wp-json\/wp\/v2\/posts\/6751","targetHints":{"allow":["GET"]}}],"collection":[{"href":"https:\/\/guialimeira.com.br\/news\/wp-json\/wp\/v2\/posts"}],"about":[{"href":"https:\/\/guialimeira.com.br\/news\/wp-json\/wp\/v2\/types\/post"}],"author":[{"embeddable":true,"href":"https:\/\/guialimeira.com.br\/news\/wp-json\/wp\/v2\/users\/1"}],"replies":[{"embeddable":true,"href":"https:\/\/guialimeira.com.br\/news\/wp-json\/wp\/v2\/comments?post=6751"}],"version-history":[{"count":0,"href":"https:\/\/guialimeira.com.br\/news\/wp-json\/wp\/v2\/posts\/6751\/revisions"}],"wp:attachment":[{"href":"https:\/\/guialimeira.com.br\/news\/wp-json\/wp\/v2\/media?parent=6751"}],"wp:term":[{"taxonomy":"category","embeddable":true,"href":"https:\/\/guialimeira.com.br\/news\/wp-json\/wp\/v2\/categories?post=6751"},{"taxonomy":"post_tag","embeddable":true,"href":"https:\/\/guialimeira.com.br\/news\/wp-json\/wp\/v2\/tags?post=6751"}],"curies":[{"name":"wp","href":"https:\/\/api.w.org\/{rel}","templated":true}]}}