{"id":67478,"date":"2026-05-31T17:23:22","date_gmt":"2026-05-31T20:23:22","guid":{"rendered":"https:\/\/guialimeira.com.br\/programa-do-governo-de-sp-oferece-cuidado-temporario-e-ajuda-criancas-a-reconstruir-vinculos\/"},"modified":"2026-05-31T17:23:22","modified_gmt":"2026-05-31T20:23:22","slug":"programa-do-governo-de-sp-oferece-cuidado-temporario-e-ajuda-criancas-a-reconstruir-vinculos","status":"publish","type":"post","link":"https:\/\/guialimeira.com.br\/news\/programa-do-governo-de-sp-oferece-cuidado-temporario-e-ajuda-criancas-a-reconstruir-vinculos\/","title":{"rendered":"Programa do Governo de SP oferece cuidado tempor\u00e1rio e ajuda crian\u00e7as a reconstruir v\u00ednculos"},"content":{"rendered":"<p> <br \/>\n<\/p>\n<div>\n<p class=\"wp-block-paragraph\">Celebrado em 31 de maio, o Dia Mundial do Acolhimento Familiar joga luz sobre uma alternativa humanizada e ainda pouco difundida para a prote\u00e7\u00e3o de crian\u00e7as e adolescentes afastados de suas fam\u00edlias de origem por medida protetiva. Diferente do acolhimento institucional feito em abrigos, o Servi\u00e7o de Acolhimento em Fam\u00edlias Acolhedoras (SFA) do Governo do estado de S\u00e3o Paulo, permite que a crian\u00e7a ou o adolescente seja recebidos temporariamente por uma fam\u00edlia cadastrada e capacitada, garantindo um ambiente de afeto, rotina e aten\u00e7\u00e3o individualizada enquanto sua situa\u00e7\u00e3o jur\u00eddica \u00e9 resolvida.<\/p>\n<p class=\"wp-block-paragraph\">Para especialistas da Assist\u00eancia Social, o impacto dessa pr\u00e1tica no desenvolvimento emocional e cognitivo \u00e9 profundo. \u201cAo vivenciar o cotidiano de um lar, a crian\u00e7a mant\u00e9m uma refer\u00eancia est\u00e1vel de cuidado, o que reduz o efeito das situa\u00e7\u00f5es de desprote\u00e7\u00e3o social ou viol\u00eancia sofridas anteriormente\u201d, explica o coordenador de Prote\u00e7\u00e3o Social Especial da Secretaria de Desenvolvimento Social (SEDS), Thiago Bezerra. \u201cNo Brasil, o Estatuto da Crian\u00e7a e do Adolescente (ECA) prioriza o acolhimento familiar em rela\u00e7\u00e3o ao institucional, mas a modalidade ainda enfrenta o desafio de expandir seu alcance e atrair novas fam\u00edlias interessadas\u201d, acrescenta.<\/p>\n<p class=\"wp-block-paragraph\"><strong>LEIA TAMB\u00c9M: <\/strong><a href=\"https:\/\/www.agenciasp.sp.gov.br\/governo-de-sp-divulga-vencedores-da-2a-edicao-do-selo-amigo-da-pessoa-com-tea\/\" rel=\"noopener\">Governo de SP divulga vencedores da 2\u00aa edi\u00e7\u00e3o do Selo Amigo da Pessoa com TEA<\/a><\/p>\n<p class=\"wp-block-paragraph\">Uma das barreiras para o crescimento dos servi\u00e7os locais costuma ser a confus\u00e3o entre acolhimento e ado\u00e7\u00e3o. O SFA, tamb\u00e9m chamado de Fam\u00edlia Acolhedora, \u00e9 essencialmente tempor\u00e1rio: a fam\u00edlia cumpre o papel de transi\u00e7\u00e3o e apoio, preparando a crian\u00e7a ou adolescente para o retorno \u00e0 fam\u00edlia de origem ou, quando isso n\u00e3o \u00e9 poss\u00edvel, para o encaminhamento a uma fam\u00edlia adotiva. Essa conviv\u00eancia tempor\u00e1ria e planejada \u00e9 acompanhada de perto por equipes t\u00e9cnicas de refer\u00eancia, que d\u00e3o o suporte necess\u00e1rio para que o v\u00ednculo seja saud\u00e1vel do in\u00edcio ao fim.<\/p>\n<p class=\"wp-block-paragraph\">O SFA \u00e9 gerido diretamente pelos munic\u00edpios, por meio do \u00f3rg\u00e3o gestor da Assist\u00eancia Social ou por organiza\u00e7\u00f5es da sociedade civil (OSC) selecionadas por chamamento p\u00fablico e financiadas com recursos p\u00fablicos. Em 2026, os munic\u00edpios paulistas j\u00e1 alocaram mais de R$ 1,1 milh\u00e3o em recursos do Fundo Estadual de Assist\u00eancia Social (FEAS) para o cofinanciamento do servi\u00e7o, conforme informa\u00e7\u00f5es registradas no Plano Municipal de Assist\u00eancia Social (PMAS).<\/p>\n<h3 class=\"wp-block-heading\">Solidariedade<\/h3>\n<p class=\"wp-block-paragraph\">A professora de educa\u00e7\u00e3o infantil M\u00e1rcia da Silva e o t\u00e9cnico de inform\u00e1tica Andr\u00e9 Gon\u00e7alves tinham o projeto de adotar uma crian\u00e7a. Mas veio o primeiro filho, o segundo e a vida ficou corrida. No entanto, o sonho foi colocado de lado ao conhecerem o servi\u00e7o de Fam\u00edlia Acolhedora. \u201cCom a experi\u00eancia de ser uma fam\u00edlia tempor\u00e1ria, ao inv\u00e9s de ajudar uma crian\u00e7a, podemos ajudar v\u00e1rias que estejam precisando de um lar onde possam aproveitar o conv\u00edvio familiar\u201d, afirma M\u00e1rcia. O casal se inscreveu no programa h\u00e1 um ano e meio e j\u00e1 acolheu tr\u00eas rec\u00e9m-nascidos. Duas meninas que j\u00e1 foram encaminhadas para ado\u00e7\u00e3o e no momento est\u00e3o com uma beb\u00ea de dois meses.<\/p>\n<figure class=\"wp-block-image size-large\"><img data-recalc-dims=\"1\" fetchpriority=\"high\" decoding=\"async\" width=\"696\" height=\"464\" src=\"https:\/\/i0.wp.com\/www.agenciasp.sp.gov.br\/wp-content\/uploads\/2026\/05\/WhatsApp-Image-2026-05-29-at-10.50.36-1-1024x682.jpeg?resize=696%2C464&#038;ssl=1\" alt=\"\" class=\"wp-image-147855\" srcset=\"https:\/\/www.agenciasp.sp.gov.br\/wp-content\/uploads\/2026\/05\/WhatsApp-Image-2026-05-29-at-10.50.36-1-1024x682.jpeg 1024w, https:\/\/www.agenciasp.sp.gov.br\/wp-content\/uploads\/2026\/05\/WhatsApp-Image-2026-05-29-at-10.50.36-1-300x200.jpeg 300w, https:\/\/www.agenciasp.sp.gov.br\/wp-content\/uploads\/2026\/05\/WhatsApp-Image-2026-05-29-at-10.50.36-1-768x512.jpeg 768w, https:\/\/www.agenciasp.sp.gov.br\/wp-content\/uploads\/2026\/05\/WhatsApp-Image-2026-05-29-at-10.50.36-1-1536x1023.jpeg 1536w, https:\/\/www.agenciasp.sp.gov.br\/wp-content\/uploads\/2026\/05\/WhatsApp-Image-2026-05-29-at-10.50.36-1-150x100.jpeg 150w, https:\/\/www.agenciasp.sp.gov.br\/wp-content\/uploads\/2026\/05\/WhatsApp-Image-2026-05-29-at-10.50.36-1.jpeg 1600w\" sizes=\"(max-width: 1024px) 100vw, 1024px\"\/><figcaption class=\"wp-element-caption\">M\u00e1rcia, Andr\u00e9 e seu filho juntos de rec\u00e9m-nascido acolhido pelo programa \u2013 Foto: Divulga\u00e7\u00e3o\/Governo de S\u00e3o Paulo<\/figcaption><\/figure>\n<p class=\"wp-block-paragraph\">J\u00e1 a consultora financeira Keliane Sal\u00fa afirma que, na \u00e9poca em que entrou para o SFA, em 2023, n\u00e3o estava pronta para ser m\u00e3e, fosse biol\u00f3gica ou adotiva. A decis\u00e3o de se tornar uma fam\u00edlia acolhedora foi dif\u00edcil: \u201cTinha medo de me apegar, de sofrer quando a crian\u00e7a fosse embora. Mas fui percebendo que o meu olhar estava errado, pensando s\u00f3 em como me sentiria. Quando entendi que n\u00e3o era sobre mim, mas sobre as crian\u00e7as, pelo que elas precisam, os meus medos pareceram menores, sabia que ia doer a despedida, mas que valeria a pena pelo prop\u00f3sito\u201d, relata.<\/p>\n<p class=\"wp-block-paragraph\">Solteira, ela aproveita o trabalho em home office e a rede de apoio familiar para dar conta de cuidar das crian\u00e7as. Desde que come\u00e7ou a acolher, quatro beb\u00eas j\u00e1 passaram por sua casa, ficando com ela entre 20 dias e tr\u00eas meses.<\/p>\n<figure class=\"wp-block-image size-large\"><img data-recalc-dims=\"1\" loading=\"lazy\" decoding=\"async\" width=\"682\" height=\"1024\" src=\"https:\/\/i0.wp.com\/www.agenciasp.sp.gov.br\/wp-content\/uploads\/2026\/05\/WhatsApp-Image-2026-05-29-at-10.50.36-682x1024.jpeg?resize=682%2C1024&#038;ssl=1\" alt=\"\" class=\"wp-image-147852\" srcset=\"https:\/\/www.agenciasp.sp.gov.br\/wp-content\/uploads\/2026\/05\/WhatsApp-Image-2026-05-29-at-10.50.36-682x1024.jpeg 682w, https:\/\/www.agenciasp.sp.gov.br\/wp-content\/uploads\/2026\/05\/WhatsApp-Image-2026-05-29-at-10.50.36-200x300.jpeg 200w, https:\/\/www.agenciasp.sp.gov.br\/wp-content\/uploads\/2026\/05\/WhatsApp-Image-2026-05-29-at-10.50.36-768x1153.jpeg 768w, https:\/\/www.agenciasp.sp.gov.br\/wp-content\/uploads\/2026\/05\/WhatsApp-Image-2026-05-29-at-10.50.36-1023x1536.jpeg 1023w, https:\/\/www.agenciasp.sp.gov.br\/wp-content\/uploads\/2026\/05\/WhatsApp-Image-2026-05-29-at-10.50.36-150x225.jpeg 150w, https:\/\/www.agenciasp.sp.gov.br\/wp-content\/uploads\/2026\/05\/WhatsApp-Image-2026-05-29-at-10.50.36.jpeg 1066w\" sizes=\"auto, (max-width: 682px) 100vw, 682px\"\/><figcaption class=\"wp-element-caption\">M\u00e1rcia com o rec\u00e9m-nascido \u2013 Foto: Divulga\u00e7\u00e3o\/Governo de S\u00e3o Paulo<\/figcaption><\/figure>\n<p class=\"wp-block-paragraph\"><strong>LEIA TAMB\u00c9M: <\/strong><a href=\"https:\/\/www.agenciasp.sp.gov.br\/caminho-da-capacitacao-leva-mais-de-mil-vagas-em-cursos-gratuitos-para-a-baixada-santista\/\" rel=\"noopener\">Caminho da Capacita\u00e7\u00e3o leva mais de mil vagas em cursos gratuitos para a Baixada Santista<\/a><\/p>\n<h3 class=\"wp-block-heading\">Esfor\u00e7os em conjunto<\/h3>\n<p class=\"wp-block-paragraph\">Em 2024, o Minist\u00e9rio P\u00fablico do Estado de S\u00e3o Paulo (MPSP) e o Governo de SP, por meio da SEDS, assinaram um Termo de Coopera\u00e7\u00e3o para Promo\u00e7\u00e3o e Expans\u00e3o do SFA em todo o Estado de S\u00e3o Paulo. A partir do acordo, coube \u00e0 SEDS ofertar apoio t\u00e9cnico aos munic\u00edpios na implanta\u00e7\u00e3o do servi\u00e7o; fomentar espa\u00e7os de sensibiliza\u00e7\u00e3o e forma\u00e7\u00e3o sobre acolhimento familiar; elaborar um plano de comunica\u00e7\u00e3o para apoiar os munic\u00edpios na divulga\u00e7\u00e3o dos servi\u00e7os e eventos relativos ao tema, al\u00e9m de promover o engajamento da sociedade civil; e apoiar as a\u00e7\u00f5es do Minist\u00e9rio P\u00fablico para divulga\u00e7\u00e3o, implementa\u00e7\u00e3o e fomento de novos servi\u00e7os.<\/p>\n<p class=\"wp-block-paragraph\">O n\u00famero de munic\u00edpios paulistas que aderiram ao servi\u00e7o aumentou para 61 desde o acordo, mas nossa meta \u00e9 chegar a todas as 645 cidades do estado. Dados da Secretaria Nacional de Assist\u00eancia Social (SNAS) de 2025 mostram que, mais de 90% das crian\u00e7as e dos adolescentes acolhidos est\u00e3o em acolhimento institucional.<\/p>\n<p class=\"wp-block-paragraph\">J\u00e1 o MPSP fornece informa\u00e7\u00f5es sobre a participa\u00e7\u00e3o de Promotorias de Justi\u00e7a no Projeto Acolher, no que couber, a fim de subsidiar as a\u00e7\u00f5es das Divis\u00f5es Regionais de Assist\u00eancia e Desenvolvimento Social (DRADS); promover reuni\u00f5es com os promotores de Justi\u00e7a visando fomentar a reflex\u00e3o e a discuss\u00e3o sobre o tema; e ofertar apoio institucional aos munic\u00edpios que estejam em processo de implanta\u00e7\u00e3o de SFA.<\/p>\n<p class=\"wp-block-paragraph\">\u201cFortalecer as redes de acolhimento familiar n\u00e3o \u00e9 apenas cumprir uma meta legal, mas assegurar que o isolamento social d\u00ea lugar ao direito fundamental de crescer com dignidade, amor e pertencimento comunit\u00e1rio\u201d, finaliza o promotor de Justi\u00e7a do MPSP e coordenador do Centro de Apoio Operacional da Inf\u00e2ncia e Juventude, Yuri Castiglione.<\/p>\n<\/p><\/div>\n<p><br \/>\n<br \/><a href=\"https:\/\/www.agenciasp.sp.gov.br\/programa-do-governo-de-sp-oferece-cuidado-temporario-e-ajuda-criancas-a-reconstruir-vinculos\/\" rel=\"noopener\">Informa\u00e7\u00f5es GOV.SP<\/a><\/p>\n","protected":false},"excerpt":{"rendered":"<p>Celebrado em 31 de maio, o Dia Mundial do Acolhimento Familiar joga luz sobre uma alternativa humanizada e ainda pouco difundida para a prote\u00e7\u00e3o de crian\u00e7as e adolescentes afastados de suas fam\u00edlias de origem por medida protetiva. Diferente do acolhimento institucional feito em abrigos, o Servi\u00e7o de Acolhimento em Fam\u00edlias Acolhedoras (SFA) do Governo do [&hellip;]<\/p>\n","protected":false},"author":1,"featured_media":67479,"comment_status":"","ping_status":"open","sticky":false,"template":"","format":"standard","meta":{"_jetpack_newsletter_access":"","_jetpack_dont_email_post_to_subs":false,"_jetpack_newsletter_tier_id":0,"_jetpack_memberships_contains_paywalled_content":false,"_mbp_banners":[],"_jetpack_feature_clip_id":0,"_jetpack_memberships_contains_paid_content":false,"footnotes":"","jetpack_publicize_message":"","jetpack_publicize_feature_enabled":true,"jetpack_social_post_already_shared":true,"jetpack_social_options":{"image_generator_settings":{"template":"highway","default_image_id":0,"font":"","enabled":false},"version":2},"jetpack_post_was_ever_published":false},"categories":[21],"tags":[],"class_list":["post-67478","post","type-post","status-publish","format-standard","has-post-thumbnail","category-sp-news"],"jetpack_publicize_connections":[],"jetpack-related-posts":[],"jetpack_shortlink":"https:\/\/wp.me\/p7Eq1F-hym","jetpack_sharing_enabled":true,"jetpack_featured_media_url":"https:\/\/i0.wp.com\/guialimeira.com.br\/news\/wp-content\/uploads\/2026\/05\/Programa-do-Governo-de-SP-oferece-cuidado-temporario-e-ajuda.jpeg?fit=1024%2C682&ssl=1","_links":{"self":[{"href":"https:\/\/guialimeira.com.br\/news\/wp-json\/wp\/v2\/posts\/67478","targetHints":{"allow":["GET"]}}],"collection":[{"href":"https:\/\/guialimeira.com.br\/news\/wp-json\/wp\/v2\/posts"}],"about":[{"href":"https:\/\/guialimeira.com.br\/news\/wp-json\/wp\/v2\/types\/post"}],"author":[{"embeddable":true,"href":"https:\/\/guialimeira.com.br\/news\/wp-json\/wp\/v2\/users\/1"}],"replies":[{"embeddable":true,"href":"https:\/\/guialimeira.com.br\/news\/wp-json\/wp\/v2\/comments?post=67478"}],"version-history":[{"count":0,"href":"https:\/\/guialimeira.com.br\/news\/wp-json\/wp\/v2\/posts\/67478\/revisions"}],"wp:featuredmedia":[{"embeddable":true,"href":"https:\/\/guialimeira.com.br\/news\/wp-json\/wp\/v2\/media\/67479"}],"wp:attachment":[{"href":"https:\/\/guialimeira.com.br\/news\/wp-json\/wp\/v2\/media?parent=67478"}],"wp:term":[{"taxonomy":"category","embeddable":true,"href":"https:\/\/guialimeira.com.br\/news\/wp-json\/wp\/v2\/categories?post=67478"},{"taxonomy":"post_tag","embeddable":true,"href":"https:\/\/guialimeira.com.br\/news\/wp-json\/wp\/v2\/tags?post=67478"}],"curies":[{"name":"wp","href":"https:\/\/api.w.org\/{rel}","templated":true}]}}