{"id":6746,"date":"2024-05-28T16:38:46","date_gmt":"2024-05-28T19:38:46","guid":{"rendered":"https:\/\/guialimeira.com.br\/2024\/05\/28\/abertas-inscricoes-para-curso-de-poda\/"},"modified":"2024-05-28T16:38:46","modified_gmt":"2024-05-28T19:38:46","slug":"abertas-inscricoes-para-curso-de-poda","status":"publish","type":"post","link":"https:\/\/guialimeira.com.br\/news\/abertas-inscricoes-para-curso-de-poda\/","title":{"rendered":"Abertas inscri\u00e7\u00f5es para curso de poda"},"content":{"rendered":"<p> <br \/>\n<\/p>\n<div>\n            <main class=\"\">&#13;<br \/>\n                &#13;<br \/>\n&#13;<br \/>\n&#13;<br \/>\n&#13;<br \/>\n    <img data-recalc-dims=\"1\" decoding=\"async\" src=\"https:\/\/i0.wp.com\/ecrie.com.br\/sistema\/conteudos\/imagem\/m_137_0_1_15052024113213.jpeg?w=696&#038;ssl=1\" alt=\"Abertas inscri\u00e7\u00f5es para curso de poda\"\/>&#13;<br \/>\n&#13;<\/p>\n<p>A Secretaria de Meio Ambiente e Agricultura de Limeira abriu as inscri\u00e7\u00f5es para um novo curso de poda. A capacita\u00e7\u00e3o ser\u00e1 realizada nos dias 13 e 14 de junho, no Parque Cidade. Durante as aulas, os participantes receber\u00e3o conhecimentos te\u00f3ricos e pr\u00e1ticos sobre diversos temas relacionados \u00e0 arboriza\u00e7\u00e3o urbana. A iniciativa faz parte do cronograma de atividades que ser\u00e3o desenvolvidas no m\u00eas do Meio Ambiente.<\/p>\n<p>&#13;<\/p>\n<p>As inscri\u00e7\u00f5es devem ser feitas pessoalmente, no Viveiro Municipal, que fica na Rua Professor Martins Lino, 206, no Jd. Santa L\u00facia. O atendimento ocorre de segunda a sexta-feira, das 8h \u00e0s 12h e das 13h \u00e0s 16h. \u00c9 necess\u00e1rio apresentar RG e CPF, al\u00e9m do comprovante de endere\u00e7o e uma foto 3&#215;4. O prazo para inscri\u00e7\u00e3o encerra-se em 5 de junho ou at\u00e9 o preenchimento das vagas.<\/p>\n<p>&#13;<\/p>\n<p>Quem concluir a capacita\u00e7\u00e3o ganhar\u00e1 certificado e ficar\u00e1 credenciado pela Secretaria de Meio Ambiente para executar servi\u00e7os de poda no munic\u00edpio.<\/p>\n<p>&#13;<br \/>\n&#13;<br \/>\n&#13;<br \/>\n&#13;<\/p>\n<aside class=\"list-related no-print\">&#13;<br \/>\n        &#13;<br \/>\n&#13;<\/p>\n<article class=\"list-item noticias \">&#13;<br \/>\n                    <a class=\"list-item__img\" href=\"https:\/\/limeira.sp.gov.br\/imprensa\/noticias\/meio-ambiente-e-agricultura\/mes-do-meio-ambiente-2024-tera-conscientizacao-sobre-sustentabilidade\" tabindex=\"-1\" aria-hidden=\"true\" rel=\"noopener\">&#13;<br \/>\n                        <img data-recalc-dims=\"1\" decoding=\"async\" src=\"https:\/\/i0.wp.com\/ecrie.com.br\/sistema\/conteudos\/imagem\/m_137_0_1_27052024170307.jpeg?w=696&#038;ssl=1\" alt=\"M\u00eas do Meio Ambiente 2024 ter\u00e1 conscientiza\u00e7\u00e3o sobre sustentabilidade\"\/>&#13;<br \/>\n                    <\/a>&#13;<br \/>\n&#13;<br \/>\n                &#13;<br \/>\n            <\/article>\n<p>&#13;<\/p>\n<article class=\"list-item noticias \">&#13;<br \/>\n                    <a class=\"list-item__img\" href=\"https:\/\/limeira.sp.gov.br\/imprensa\/noticias\/meio-ambiente-e-agricultura\/bem-estar-animal-realiza-180-atendimentos-no-jd-do-lago-e-agora-vai-para-o-parque-cidade\" tabindex=\"-1\" aria-hidden=\"true\" rel=\"noopener\">&#13;<br \/>\n                        <img data-recalc-dims=\"1\" decoding=\"async\" src=\"https:\/\/i0.wp.com\/ecrie.com.br\/sistema\/conteudos\/imagem\/m_137_0_1_25082023143256.jpeg?w=696&#038;ssl=1\" alt=\"Bem-Estar Animal realiza 180 atendimentos no Jd. do Lago e agora vai para o Parque Cidade\"\/>&#13;<br \/>\n                    <\/a>&#13;<br \/>\n&#13;<br \/>\n                &#13;<br \/>\n            <\/article>\n<p>&#13;<\/p>\n<article class=\"list-item noticias \">&#13;<br \/>\n                    <a class=\"list-item__img\" href=\"https:\/\/limeira.sp.gov.br\/imprensa\/noticias\/meio-ambiente-e-agricultura\/confira-os-servicos-municipais-no-feriado-de-corpuschristi\" tabindex=\"-1\" aria-hidden=\"true\" rel=\"noopener\">&#13;<br \/>\n                        <img data-recalc-dims=\"1\" decoding=\"async\" src=\"https:\/\/i0.wp.com\/ecrie.com.br\/sistema\/conteudos\/imagem\/m_137_0_1_27052024143547.jpg?w=696&#038;ssl=1\" alt=\"Confira os servi\u00e7os municipais no feriado de Corpus\u00a0Christi\"\/>&#13;<br \/>\n                    <\/a>&#13;<br \/>\n&#13;<br \/>\n                &#13;<br \/>\n            <\/article>\n<p>&#13;<br \/>\n    <\/aside>\n<p>&#13;<br \/>\n&#13;<br \/>\n            <\/main><\/p><\/div>\n<p><br \/>\n<br \/><a href=\"https:\/\/limeira.sp.gov.br\/abertas-inscricoes-para-curso-de-poda\" rel=\"noopener\">Informa\u00e7\u00f5es da PML <\/a><\/p>\n","protected":false},"excerpt":{"rendered":"<p>&#13; &#13; &#13; &#13; &#13; &#13; &#13; A Secretaria de Meio Ambiente e Agricultura de Limeira abriu as inscri\u00e7\u00f5es para um novo curso de poda. A capacita\u00e7\u00e3o ser\u00e1 realizada nos dias 13 e 14 de junho, no Parque Cidade. Durante as aulas, os participantes receber\u00e3o conhecimentos te\u00f3ricos e pr\u00e1ticos sobre diversos temas relacionados \u00e0 arboriza\u00e7\u00e3o [&hellip;]<\/p>\n","protected":false},"author":1,"featured_media":6747,"comment_status":"open","ping_status":"open","sticky":false,"template":"","format":"standard","meta":{"_jetpack_newsletter_access":"","_jetpack_dont_email_post_to_subs":false,"_jetpack_newsletter_tier_id":0,"_jetpack_memberships_contains_paywalled_content":false,"_mbp_banners":[],"_jetpack_feature_clip_id":0,"_jetpack_memberships_contains_paid_content":false,"footnotes":"","jetpack_publicize_message":"","jetpack_publicize_feature_enabled":true,"jetpack_social_post_already_shared":true,"jetpack_social_options":{"image_generator_settings":{"template":"highway","default_image_id":0,"font":"","enabled":false},"version":2},"jetpack_post_was_ever_published":false},"categories":[16],"tags":[],"class_list":["post-6746","post","type-post","status-publish","format-standard","has-post-thumbnail","category-local"],"jetpack_publicize_connections":[],"jetpack-related-posts":[],"jetpack_shortlink":"https:\/\/wp.me\/p7Eq1F-1KO","jetpack_sharing_enabled":true,"jetpack_featured_media_url":"https:\/\/i0.wp.com\/guialimeira.com.br\/news\/wp-content\/uploads\/2024\/05\/m_137_0_1_15052024113213.jpeg?fit=900%2C598&ssl=1","_links":{"self":[{"href":"https:\/\/guialimeira.com.br\/news\/wp-json\/wp\/v2\/posts\/6746","targetHints":{"allow":["GET"]}}],"collection":[{"href":"https:\/\/guialimeira.com.br\/news\/wp-json\/wp\/v2\/posts"}],"about":[{"href":"https:\/\/guialimeira.com.br\/news\/wp-json\/wp\/v2\/types\/post"}],"author":[{"embeddable":true,"href":"https:\/\/guialimeira.com.br\/news\/wp-json\/wp\/v2\/users\/1"}],"replies":[{"embeddable":true,"href":"https:\/\/guialimeira.com.br\/news\/wp-json\/wp\/v2\/comments?post=6746"}],"version-history":[{"count":0,"href":"https:\/\/guialimeira.com.br\/news\/wp-json\/wp\/v2\/posts\/6746\/revisions"}],"wp:featuredmedia":[{"embeddable":true,"href":"https:\/\/guialimeira.com.br\/news\/wp-json\/wp\/v2\/media\/6747"}],"wp:attachment":[{"href":"https:\/\/guialimeira.com.br\/news\/wp-json\/wp\/v2\/media?parent=6746"}],"wp:term":[{"taxonomy":"category","embeddable":true,"href":"https:\/\/guialimeira.com.br\/news\/wp-json\/wp\/v2\/categories?post=6746"},{"taxonomy":"post_tag","embeddable":true,"href":"https:\/\/guialimeira.com.br\/news\/wp-json\/wp\/v2\/tags?post=6746"}],"curies":[{"name":"wp","href":"https:\/\/api.w.org\/{rel}","templated":true}]}}