{"id":67438,"date":"2026-05-31T11:15:36","date_gmt":"2026-05-31T14:15:36","guid":{"rendered":"https:\/\/guialimeira.com.br\/cinemas-perdem-publico-mas-bibliotecas-e-shows-continuam-com-a-mesma-taxa-de-visitantes-mostra-pesquisa-do-seade\/"},"modified":"2026-05-31T11:15:36","modified_gmt":"2026-05-31T14:15:36","slug":"cinemas-perdem-publico-mas-bibliotecas-e-shows-continuam-com-a-mesma-taxa-de-visitantes-mostra-pesquisa-do-seade","status":"publish","type":"post","link":"https:\/\/guialimeira.com.br\/news\/cinemas-perdem-publico-mas-bibliotecas-e-shows-continuam-com-a-mesma-taxa-de-visitantes-mostra-pesquisa-do-seade\/","title":{"rendered":"Cinemas perdem p\u00fablico, mas bibliotecas e shows continuam com a mesma taxa de visitantes, mostra pesquisa do Seade"},"content":{"rendered":"<p> <br \/>\n<br \/><img data-recalc-dims=\"1\" decoding=\"async\" src=\"https:\/\/i0.wp.com\/www.agenciasp.sp.gov.br\/wp-content\/uploads\/2024\/08\/Cinema.jpeg?w=696&#038;ssl=1\" \/><\/p>\n<div data-id=\"753696f\" data-element_type=\"widget\" data-e-type=\"widget\" data-widget_type=\"text-editor.default\">\n<p>\n\t\t\t\t\t\t\t\t\tA parcela da popula\u00e7\u00e3o em S\u00e3o Paulo que n\u00e3o participou de nenhuma atividade cultural cresceu de 20%, em 2018, para 26%, em 2025 \t\t\t\t\t\t\t\t<\/p>\n<\/p><\/div>\n<div data-id=\"5a922b4\" data-element_type=\"widget\" data-e-type=\"widget\" data-widget_type=\"theme-post-content.default\">\n<div class=\"elementor-widget-container\">\n<p class=\"wp-block-paragraph\">A pesquisa \u201cPercep\u00e7\u00e3o da popula\u00e7\u00e3o sobre oferta, qualidade e uso dos servi\u00e7os de cultura\u201d, da <a href=\"https:\/\/www.seade.gov.br\/\" target=\"_blank\" rel=\"noopener\">Funda\u00e7\u00e3o Sistema Estadual de An\u00e1lise de Dados (Seade<\/a>), revela que a parcela da popula\u00e7\u00e3o em S\u00e3o Paulo que n\u00e3o participou de nenhuma atividade cultural cresceu de 20%, em 2018, para 26%, em 2025.<\/p>\n<p class=\"wp-block-paragraph\">Essa sondagem faz parte de uma s\u00e9rie de levantamentos que acontecem desde 2018 e que t\u00eam o objetivo de avaliar os h\u00e1bitos e compreender a percep\u00e7\u00e3o da popula\u00e7\u00e3o paulista sobre os servi\u00e7os culturais a sua disposi\u00e7\u00e3o. Esses resultados poder\u00e3o servir de par\u00e2metro para a formula\u00e7\u00e3o e o aprimoramento de pol\u00edticas p\u00fablicas na \u00e1rea da cultura, que \u00e9 um direito assegurado pela Constitui\u00e7\u00e3o.<\/p>\n<p class=\"wp-block-paragraph\"><strong>LEIA TAMB\u00c9M: <\/strong><a href=\"https:\/\/www.agenciasp.sp.gov.br\/governo-sp-abre-projetos-proac-icms-2026\/\" rel=\"noopener\">Governo de SP abre capta\u00e7\u00e3o de recursos para projetos culturais pelo ProAC ICMS 2026<\/a><\/p>\n<p class=\"wp-block-paragraph\">As salas de cinema foram as que mais perderam p\u00fablico. Neste \u00faltimo ano, apenas 35% dos residentes no Estado foram at\u00e9 elas, patamar semelhante ao do per\u00edodo da pandemia. Embora parte desse resultado possa ser associada ao aumento da oferta de servi\u00e7os de streaming nos \u00faltimos anos, \u00e9 poss\u00edvel sentir o impacto. Entre 2018 e 2019, a propor\u00e7\u00e3o era de 50%.<\/p>\n<h3 class=\"wp-block-heading\">Servi\u00e7os estabilizados<\/h3>\n<p class=\"wp-block-paragraph\">A frequ\u00eancia a bibliotecas se manteve est\u00e1vel em 21%, desde 2022, fatia menor do que a de 29%, registrada em 2018. Idas a museus permanecem na faixa de pouco mais de 30% desde o primeiro ano da s\u00e9rie. Shows ou espet\u00e1culos de m\u00fasica, dan\u00e7a, teatro, circo e outras formas de arte tamb\u00e9m quase n\u00e3o oscilaram. Em 2025, essas atividades fizeram parte da agenda de 47% da popula\u00e7\u00e3o paulista, pouco abaixo dos 50% registrados em 2018 e 2024.<\/p>\n<h3 class=\"wp-block-heading\">As causas<\/h3>\n<p class=\"wp-block-paragraph\">Caracter\u00edsticas pessoais e geogr\u00e1ficas influenciaram significativamente os achados do Seade. Isso ficou bastante claro, por exemplo, em rela\u00e7\u00e3o ao p\u00fablico de cinema. Enquanto na capital a propor\u00e7\u00e3o de frequentadores chegou a 46%, no interior n\u00e3o passou de 30%. Por faixa et\u00e1ria, a diferen\u00e7a foi de 63% entre jovens de 18 a 29 anos a 25% entre pessoas com 60 anos ou mais. A participa\u00e7\u00e3o tamb\u00e9m aumentou conforme cresceu a renda familiar e a escolaridade.<\/p>\n<\/p><\/div>\n<\/p><\/div>\n<p><br \/>\n<br \/><a href=\"https:\/\/www.agenciasp.sp.gov.br\/cinemas-perdem-publico-show-continuam\/\" rel=\"noopener\">Informa\u00e7\u00f5es GOV.SP<\/a><\/p>\n","protected":false},"excerpt":{"rendered":"<p>A parcela da popula\u00e7\u00e3o em S\u00e3o Paulo que n\u00e3o participou de nenhuma atividade cultural cresceu de 20%, em 2018, para 26%, em 2025 A pesquisa \u201cPercep\u00e7\u00e3o da popula\u00e7\u00e3o sobre oferta, qualidade e uso dos servi\u00e7os de cultura\u201d, da Funda\u00e7\u00e3o Sistema Estadual de An\u00e1lise de Dados (Seade), revela que a parcela da popula\u00e7\u00e3o em S\u00e3o Paulo [&hellip;]<\/p>\n","protected":false},"author":1,"featured_media":67439,"comment_status":"","ping_status":"open","sticky":false,"template":"","format":"standard","meta":{"_jetpack_newsletter_access":"","_jetpack_dont_email_post_to_subs":false,"_jetpack_newsletter_tier_id":0,"_jetpack_memberships_contains_paywalled_content":false,"_mbp_banners":[],"_jetpack_feature_clip_id":0,"_jetpack_memberships_contains_paid_content":false,"footnotes":"","jetpack_publicize_message":"","jetpack_publicize_feature_enabled":true,"jetpack_social_post_already_shared":true,"jetpack_social_options":{"image_generator_settings":{"template":"highway","default_image_id":0,"font":"","enabled":false},"version":2},"jetpack_post_was_ever_published":false},"categories":[21],"tags":[],"class_list":["post-67438","post","type-post","status-publish","format-standard","has-post-thumbnail","category-sp-news"],"jetpack_publicize_connections":[],"jetpack-related-posts":[],"jetpack_shortlink":"https:\/\/wp.me\/p7Eq1F-hxI","jetpack_sharing_enabled":true,"jetpack_featured_media_url":"https:\/\/i0.wp.com\/guialimeira.com.br\/news\/wp-content\/uploads\/2026\/05\/Cinemas-perdem-publico-mas-bibliotecas-e-shows-continuam-com-a.jpeg?fit=1024%2C682&ssl=1","_links":{"self":[{"href":"https:\/\/guialimeira.com.br\/news\/wp-json\/wp\/v2\/posts\/67438","targetHints":{"allow":["GET"]}}],"collection":[{"href":"https:\/\/guialimeira.com.br\/news\/wp-json\/wp\/v2\/posts"}],"about":[{"href":"https:\/\/guialimeira.com.br\/news\/wp-json\/wp\/v2\/types\/post"}],"author":[{"embeddable":true,"href":"https:\/\/guialimeira.com.br\/news\/wp-json\/wp\/v2\/users\/1"}],"replies":[{"embeddable":true,"href":"https:\/\/guialimeira.com.br\/news\/wp-json\/wp\/v2\/comments?post=67438"}],"version-history":[{"count":0,"href":"https:\/\/guialimeira.com.br\/news\/wp-json\/wp\/v2\/posts\/67438\/revisions"}],"wp:featuredmedia":[{"embeddable":true,"href":"https:\/\/guialimeira.com.br\/news\/wp-json\/wp\/v2\/media\/67439"}],"wp:attachment":[{"href":"https:\/\/guialimeira.com.br\/news\/wp-json\/wp\/v2\/media?parent=67438"}],"wp:term":[{"taxonomy":"category","embeddable":true,"href":"https:\/\/guialimeira.com.br\/news\/wp-json\/wp\/v2\/categories?post=67438"},{"taxonomy":"post_tag","embeddable":true,"href":"https:\/\/guialimeira.com.br\/news\/wp-json\/wp\/v2\/tags?post=67438"}],"curies":[{"name":"wp","href":"https:\/\/api.w.org\/{rel}","templated":true}]}}