{"id":67433,"date":"2026-05-31T10:14:53","date_gmt":"2026-05-31T13:14:53","guid":{"rendered":"https:\/\/guialimeira.com.br\/secretaria-de-estado-da-saude-confirma-meningite-meningococica-em-paciente-internado-com-suspeita-do-virus-ebola\/"},"modified":"2026-05-31T10:14:53","modified_gmt":"2026-05-31T13:14:53","slug":"secretaria-de-estado-da-saude-confirma-meningite-meningococica-em-paciente-internado-com-suspeita-do-virus-ebola","status":"publish","type":"post","link":"https:\/\/guialimeira.com.br\/news\/secretaria-de-estado-da-saude-confirma-meningite-meningococica-em-paciente-internado-com-suspeita-do-virus-ebola\/","title":{"rendered":"Secretaria de Estado da Sa\u00fade confirma meningite meningoc\u00f3cica em paciente internado com suspeita do v\u00edrus Ebola"},"content":{"rendered":"<p> <br \/>\n<br \/><img data-recalc-dims=\"1\" decoding=\"async\" src=\"https:\/\/i0.wp.com\/www.agenciasp.sp.gov.br\/wp-content\/uploads\/2026\/05\/Emilio-Ribas-exame-amostra-.jpg?w=696&#038;ssl=1\" \/><\/p>\n<div>\n<p class=\"wp-block-paragraph\">A Secretaria de Estado da Sa\u00fade de S\u00e3o Paulo informa que o Instituto Adolfo Lutz (IAL) confirmou, neste s\u00e1bado (30), resultado detect\u00e1vel para Neisseria meningitidis, bact\u00e9ria causadora de meningite meningoc\u00f3cica, em exame de rea\u00e7\u00e3o de qPCR realizado no paciente inicialmente classificado como caso suspeito de doen\u00e7a pelo v\u00edrus Ebola, na capital paulista. A investiga\u00e7\u00e3o para Ebola segue em andamento, assim como a apura\u00e7\u00e3o de outros diagn\u00f3sticos diferenciais virais, at\u00e9 a conclus\u00e3o das an\u00e1lises laboratoriais e gen\u00f4micas.<\/p>\n<p class=\"wp-block-paragraph\">O paciente, um homem de 37 anos, de proced\u00eancia da Rep\u00fablica Democr\u00e1tica do Congo, pa\u00eds com \u00e1reas de transmiss\u00e3o da doen\u00e7a pelo v\u00edrus Ebola, e viagem recente ao territ\u00f3rio, apresentou sintomas como febre, preenchendo a defini\u00e7\u00e3o de caso suspeito. Ele est\u00e1 internado em isolamento no Instituto de Infectologia Em\u00edlio Ribas, unidade estadual de refer\u00eancia para atendimento de casos suspeitos ou confirmados, seguindo os protocolos de biosseguran\u00e7a previstos.<\/p>\n<p class=\"wp-block-paragraph\"><strong>LEIA TAMB\u00c9M: <a href=\"https:\/\/www.agenciasp.sp.gov.br\/sao-paulo-investiga-caso-suspeito-de-ebola-e-mantem-vigilancia-em-saude-no-estado\/\" rel=\"noopener\">S\u00e3o Paulo investiga caso suspeito de Ebola e mant\u00e9m vigil\u00e2ncia em sa\u00fade no estado<\/a><\/strong><\/p>\n<p class=\"wp-block-paragraph\">A investiga\u00e7\u00e3o foi iniciada de forma preventiva ap\u00f3s a identifica\u00e7\u00e3o de crit\u00e9rios cl\u00ednicos e epidemiol\u00f3gicos compat\u00edveis com caso suspeito, conforme protocolos nacionais e estaduais. Mesmo com a confirma\u00e7\u00e3o laboratorial de meningite meningoc\u00f3cica, as equipes mant\u00eam a condu\u00e7\u00e3o cl\u00ednica e epidemiol\u00f3gica do caso at\u00e9 a conclus\u00e3o das an\u00e1lises para Ebola e outros diferenciais virais.<\/p>\n<p class=\"wp-block-paragraph\">\u201cH\u00e1 confirma\u00e7\u00e3o laboratorial da bact\u00e9ria causadora da meningite meningoc\u00f3cica pelo Instituto Adolfo Lutz, dentro do processo de diagn\u00f3stico diferencial. Ainda assim, a investiga\u00e7\u00e3o para Ebola permanece em andamento at\u00e9 a conclus\u00e3o das an\u00e1lises espec\u00edficas\u201d, afirma Regiane de Paula, coordenadora em Sa\u00fade da Coordenadoria de Controle de Doen\u00e7as da SES-SP.<\/p>\n<p class=\"wp-block-paragraph\">Na \u00faltima semana, a Coordenadoria de Controle de Doen\u00e7as estadual atualizou a Nota Informativa n\u00ba 01\/2026, elaborada em conjunto com CVE-SP e Instituto Adolfo Lutz, com orienta\u00e7\u00f5es \u00e0 rede de sa\u00fade sobre o surto de doen\u00e7a pelo v\u00edrus Ebola, cepa Bundibugyo, em curso na Rep\u00fablica Democr\u00e1tica do Congo. O documento refor\u00e7a as medidas de vigil\u00e2ncia, defini\u00e7\u00e3o de caso, notifica\u00e7\u00e3o imediata, isolamento, manejo inicial, fluxos assistenciais e investiga\u00e7\u00e3o laboratorial no estado.<\/p>\n<p class=\"wp-block-paragraph\">No estado de S\u00e3o Paulo, casos suspeitos devem ser comunicados imediatamente \u00e0 vigil\u00e2ncia epidemiol\u00f3gica municipal e ao CVE. O Instituto de Infectologia Em\u00edlio Ribas \u00e9 a unidade de refer\u00eancia estadual para atendimento de casos suspeitos ou confirmados, tendo atuado, em 2014, durante a Emerg\u00eancia de Sa\u00fade P\u00fablica de Import\u00e2ncia Internacional. Na ocasi\u00e3o, o instituto acolheu e monitorou tr\u00eas casos suspeitos, que foram posteriormente descartados. O Instituto Adolfo Lutz \u00e9 respons\u00e1vel pela investiga\u00e7\u00e3o laboratorial e pelo diagn\u00f3stico diferencial.<\/p>\n<p class=\"wp-block-paragraph\">A avalia\u00e7\u00e3o t\u00e9cnica da SES-SP aponta que o risco de introdu\u00e7\u00e3o da doen\u00e7a no Brasil e na Am\u00e9rica do Sul permanece muito baixo. Entre os fatores considerados est\u00e3o a aus\u00eancia hist\u00f3rica de transmiss\u00e3o aut\u00f3ctone no continente sul-americano, a inexist\u00eancia de voos diretos entre a regi\u00e3o afetada e a Am\u00e9rica do Sul e a forma de transmiss\u00e3o da doen\u00e7a, que exige contato direto com sangue, secre\u00e7\u00f5es, fluidos corporais ou tecidos de pessoas sintom\u00e1ticas infectadas.<\/p>\n<p class=\"wp-block-paragraph\">Mesmo diante do baixo risco, a orienta\u00e7\u00e3o \u00e9 para que os servi\u00e7os de sa\u00fade mantenham aten\u00e7\u00e3o a pessoas com febre e hist\u00f3rico de viagem, nos \u00faltimos 21 dias, para \u00e1reas com circula\u00e7\u00e3o do v\u00edrus. Tamb\u00e9m devem ser avaliados casos de contato direto com fluidos corporais de pessoas suspeitas ou confirmadas.<\/p>\n<h3 class=\"wp-block-heading\">Sintomas e atendimento<\/h3>\n<p class=\"wp-block-paragraph\">A doen\u00e7a pelo v\u00edrus Ebola pode come\u00e7ar de forma s\u00fabita, com febre alta, dor de cabe\u00e7a intensa, dores musculares, fadiga, n\u00e1useas, v\u00f4mitos, diarreia e dor abdominal. Em quadros graves, pode evoluir para manifesta\u00e7\u00f5es hemorr\u00e1gicas, choque e fal\u00eancia m\u00faltipla de \u00f3rg\u00e3os. O per\u00edodo de incuba\u00e7\u00e3o varia de dois a 21 dias.<\/p>\n<p class=\"wp-block-paragraph\">A SES-SP tamb\u00e9m refor\u00e7a que a transmiss\u00e3o do Ebola n\u00e3o ocorre antes do in\u00edcio dos sintomas. O maior risco est\u00e1 associado ao contato direto com fluidos corporais de pessoas infectadas, especialmente nas fases mais avan\u00e7adas da doen\u00e7a. Pessoas assintom\u00e1ticas com exposi\u00e7\u00e3o considerada de risco devem ser monitoradas diariamente por 21 dias.<\/p>\n<p class=\"wp-block-paragraph\">At\u00e9 o momento, n\u00e3o h\u00e1 vacinas licenciadas nem terapias espec\u00edficas aprovadas para a cepa Bundibugyo. As vacinas e tratamentos dispon\u00edveis foram desenvolvidos para a cepa Zaire e n\u00e3o t\u00eam efic\u00e1cia comprovada para a variante relacionada ao surto atual.<\/p>\n<h3 class=\"wp-block-heading\">Notifica\u00e7\u00e3o de casos suspeitos<\/h3>\n<p class=\"wp-block-paragraph\">Casos suspeitos devem ser comunicados imediatamente ao Centro de Vigil\u00e2ncia Epidemiol\u00f3gica, pelo CIEVS. A Nota Informativa completa <a href=\"https:\/\/portal.saude.sp.gov.br\/resources\/cve-centro-de-vigilancia-epidemiologica\/areas-de-vigilancia\/central\/notainformativaconjuntaebola.pdf\" target=\"_blank\" rel=\"noopener\">est\u00e1 dispon\u00edvel aqui<\/a>.<\/p>\n<p class=\"wp-block-paragraph\"><strong>Ou\u00e7a Regiane de Paula, coordenadora em Sa\u00fade da Coordenadoria de Controle de Doen\u00e7as da SES-SP:<\/strong><\/p>\n<p><iframe loading=\"lazy\" width=\"100%\" height=\"166\" scrolling=\"no\" frameborder=\"no\" allow=\"autoplay; encrypted-media\" src=\"https:\/\/w.soundcloud.com\/player\/?url=https%3A\/\/api.soundcloud.com\/tracks\/soundcloud%253Atracks%253A2330249285&amp;color=%23ff5500&amp;auto_play=false&amp;hide_related=false&amp;show_comments=true&amp;show_user=true&amp;show_reposts=false&amp;show_teaser=true\"><\/iframe>\n\t\t\t\t<\/div>\n<p><br \/>\n<br \/><a href=\"https:\/\/www.agenciasp.sp.gov.br\/secretaria-de-estado-da-saude-confirma-meningite-meningococica-em-paciente-internado-com-suspeita-do-virus-ebola\/\" rel=\"noopener\">Informa\u00e7\u00f5es GOV.SP<\/a><\/p>\n","protected":false},"excerpt":{"rendered":"<p>A Secretaria de Estado da Sa\u00fade de S\u00e3o Paulo informa que o Instituto Adolfo Lutz (IAL) confirmou, neste s\u00e1bado (30), resultado detect\u00e1vel para Neisseria meningitidis, bact\u00e9ria causadora de meningite meningoc\u00f3cica, em exame de rea\u00e7\u00e3o de qPCR realizado no paciente inicialmente classificado como caso suspeito de doen\u00e7a pelo v\u00edrus Ebola, na capital paulista. A investiga\u00e7\u00e3o para [&hellip;]<\/p>\n","protected":false},"author":1,"featured_media":67434,"comment_status":"","ping_status":"open","sticky":false,"template":"","format":"standard","meta":{"_jetpack_newsletter_access":"","_jetpack_dont_email_post_to_subs":false,"_jetpack_newsletter_tier_id":0,"_jetpack_memberships_contains_paywalled_content":false,"_mbp_banners":[],"_jetpack_feature_clip_id":0,"_jetpack_memberships_contains_paid_content":false,"footnotes":"","jetpack_publicize_message":"","jetpack_publicize_feature_enabled":true,"jetpack_social_post_already_shared":true,"jetpack_social_options":{"image_generator_settings":{"template":"highway","default_image_id":0,"font":"","enabled":false},"version":2},"jetpack_post_was_ever_published":false},"categories":[21],"tags":[],"class_list":["post-67433","post","type-post","status-publish","format-standard","has-post-thumbnail","category-sp-news"],"jetpack_publicize_connections":[],"jetpack-related-posts":[],"jetpack_shortlink":"https:\/\/wp.me\/p7Eq1F-hxD","jetpack_sharing_enabled":true,"jetpack_featured_media_url":"https:\/\/i0.wp.com\/guialimeira.com.br\/news\/wp-content\/uploads\/2026\/05\/Secretaria-de-Estado-da-Saude-confirma-meningite-meningococica-em-paciente.jpg?fit=2048%2C1365&ssl=1","_links":{"self":[{"href":"https:\/\/guialimeira.com.br\/news\/wp-json\/wp\/v2\/posts\/67433","targetHints":{"allow":["GET"]}}],"collection":[{"href":"https:\/\/guialimeira.com.br\/news\/wp-json\/wp\/v2\/posts"}],"about":[{"href":"https:\/\/guialimeira.com.br\/news\/wp-json\/wp\/v2\/types\/post"}],"author":[{"embeddable":true,"href":"https:\/\/guialimeira.com.br\/news\/wp-json\/wp\/v2\/users\/1"}],"replies":[{"embeddable":true,"href":"https:\/\/guialimeira.com.br\/news\/wp-json\/wp\/v2\/comments?post=67433"}],"version-history":[{"count":0,"href":"https:\/\/guialimeira.com.br\/news\/wp-json\/wp\/v2\/posts\/67433\/revisions"}],"wp:featuredmedia":[{"embeddable":true,"href":"https:\/\/guialimeira.com.br\/news\/wp-json\/wp\/v2\/media\/67434"}],"wp:attachment":[{"href":"https:\/\/guialimeira.com.br\/news\/wp-json\/wp\/v2\/media?parent=67433"}],"wp:term":[{"taxonomy":"category","embeddable":true,"href":"https:\/\/guialimeira.com.br\/news\/wp-json\/wp\/v2\/categories?post=67433"},{"taxonomy":"post_tag","embeddable":true,"href":"https:\/\/guialimeira.com.br\/news\/wp-json\/wp\/v2\/tags?post=67433"}],"curies":[{"name":"wp","href":"https:\/\/api.w.org\/{rel}","templated":true}]}}