{"id":6741,"date":"2024-05-28T15:37:44","date_gmt":"2024-05-28T18:37:44","guid":{"rendered":"https:\/\/guialimeira.com.br\/2024\/05\/28\/novo-plantao-de-vacinacao-sera-neste-sabado-1o-em-limeira\/"},"modified":"2024-05-28T15:37:44","modified_gmt":"2024-05-28T18:37:44","slug":"novo-plantao-de-vacinacao-sera-neste-sabado-1o-em-limeira","status":"publish","type":"post","link":"https:\/\/guialimeira.com.br\/news\/novo-plantao-de-vacinacao-sera-neste-sabado-1o-em-limeira\/","title":{"rendered":"Novo plant\u00e3o de vacina\u00e7\u00e3o ser\u00e1 neste s\u00e1bado (1\u00ba) em Limeira"},"content":{"rendered":"<p> <br \/>\n<\/p>\n<div>\n            <main class=\"\">&#13;<br \/>\n                &#13;<br \/>\n&#13;<br \/>\n&#13;<br \/>\n&#13;<br \/>\n    <img data-recalc-dims=\"1\" decoding=\"async\" src=\"https:\/\/i0.wp.com\/ecrie.com.br\/sistema\/conteudos\/imagem\/m_137_3_5_20032023161715.jpg?w=696&#038;ssl=1\" alt=\"Novo plant\u00e3o de vacina\u00e7\u00e3o ser\u00e1 neste s\u00e1bado (1\u00ba) em Limeira\"\/>&#13;<br \/>\n&#13;<\/p>\n<p style=\"text-align: justify;\" align=\"justify\">Um novo plant\u00e3o de vacina\u00e7\u00e3o ser\u00e1 realizado neste s\u00e1bado (1\u00ba), das 8h \u00e0s 13h, em Limeira. Ser\u00e3o disponibilizadas vacinas contra Covid-19, gripe, febre amarela e as vacinas previstas no Calend\u00e1rio de Vacina\u00e7\u00e3o. Com a chegada de doses de monovalente, o plant\u00e3o ter\u00e1 imuniza\u00e7\u00e3o contra Covid-19 para maiores de 12 anos.<\/p>\n<p>&#13;<\/p>\n<p style=\"text-align: justify;\" align=\"justify\">A vacina\u00e7\u00e3o contra Covid-19 ser\u00e1 na UBS <span lang=\"pt-BR\">Novo Horizonte<\/span>, para crian\u00e7as de seis meses a 11 anos, e na UBS Campo Belo, para maiores de 12 anos. A atualiza\u00e7\u00e3o vacinal e as doses contra a gripe estar\u00e3o dispon\u00edveis nas UBSs <span lang=\"pt-BR\">Campo Belo e Novo Horizonte<\/span>. J\u00e1 no drive-thru do Parque Cidade ser\u00e1 poss\u00edvel se vacinar contra gripe, Covid-19 (maiores de 5 anos) e febre amarela.<\/p>\n<p>&#13;<\/p>\n<p style=\"text-align: justify;\" align=\"justify\">A Secretaria de Sa\u00fade orienta que \u00e9 necess\u00e1rio apresentar os documentos pessoais, Carteira de Vacina\u00e7\u00e3o, comprovante de resid\u00eancia e Cart\u00e3o SUS. Menores de 18 anos devem estar acompanhados pelos pais ou respons\u00e1veis. A vacina\u00e7\u00e3o da gripe est\u00e1 dispon\u00edvel para toda popula\u00e7\u00e3o maior de 6 meses.<\/p>\n<p>&#13;<\/p>\n<p style=\"text-align: justify;\" align=\"justify\"><strong>SERVI\u00c7O<\/strong><\/p>\n<p>&#13;<\/p>\n<p style=\"text-align: justify;\" align=\"justify\"><strong>Plant\u00e3o de vacina\u00e7\u00e3o<\/strong><\/p>\n<p>&#13;<\/p>\n<p style=\"text-align: justify;\" align=\"justify\">S\u00e1bado, <span lang=\"pt-BR\">1\u00ba<\/span><span lang=\"pt-BR\"> de <\/span><span lang=\"pt-BR\">junho<\/span>, das 8h \u00e0s 13h<\/p>\n<p>&#13;<\/p>\n<p style=\"text-align: justify;\" align=\"justify\">UBS Novo Horizonte \u2013 Rua Nelson Ferraz da Silva, s\/n\u00ba (Covid-19 \u2013 de seis meses a 11 anos, gripe e atualiza\u00e7\u00e3o vacinal)<\/p>\n<p>&#13;<\/p>\n<p style=\"text-align: justify;\" align=\"justify\">UBS Campo Belo \u2013 Avenida Pedro Perissotto, 1.973 (Covid-19 \u2013 maiores de 12 anos, gripe e atualiza\u00e7\u00e3o vacinal)<\/p>\n<p>&#13;<\/p>\n<p style=\"text-align: justify;\" align=\"justify\">Drive-thru do Parque Cidade \u2013 entrada pelo anel vi\u00e1rio (Covid-19 \u2013 maiores de 5 anos, gripe e febre amarela)<\/p>\n<p>&#13;<br \/>\n&#13;<br \/>\n&#13;<br \/>\n&#13;<\/p>\n<aside class=\"list-related no-print\">&#13;<br \/>\n        &#13;<br \/>\n&#13;<\/p>\n<article class=\"list-item noticias \">&#13;<br \/>\n                    <a class=\"list-item__img\" href=\"https:\/\/limeira.sp.gov.br\/imprensa\/noticias\/saude\/vacinacao-com-monovalente-comeca-nesta-terca-feira-28-em-limeira\" tabindex=\"-1\" aria-hidden=\"true\" rel=\"noopener\">&#13;<br \/>\n                        <img data-recalc-dims=\"1\" decoding=\"async\" src=\"https:\/\/i0.wp.com\/ecrie.com.br\/sistema\/conteudos\/imagem\/m_137_0_1_04112023092716.jpg?w=696&#038;ssl=1\" alt=\"Vacina\u00e7\u00e3o com monovalente come\u00e7a nesta ter\u00e7a-feira (28) em Limeira\"\/>&#13;<br \/>\n                    <\/a>&#13;<br \/>\n&#13;<br \/>\n                &#13;<br \/>\n            <\/article>\n<p>&#13;<\/p>\n<article class=\"list-item noticias \">&#13;<br \/>\n                    <a class=\"list-item__img\" href=\"https:\/\/limeira.sp.gov.br\/imprensa\/noticias\/saude\/confira-os-servicos-municipais-no-feriado-de-corpuschristi\" tabindex=\"-1\" aria-hidden=\"true\" rel=\"noopener\">&#13;<br \/>\n                        <img data-recalc-dims=\"1\" decoding=\"async\" src=\"https:\/\/i0.wp.com\/ecrie.com.br\/sistema\/conteudos\/imagem\/m_137_0_1_27052024143547.jpg?w=696&#038;ssl=1\" alt=\"Confira os servi\u00e7os municipais no feriado de Corpus\u00a0Christi\"\/>&#13;<br \/>\n                    <\/a>&#13;<br \/>\n&#13;<br \/>\n                &#13;<br \/>\n            <\/article>\n<p>&#13;<\/p>\n<article class=\"list-item noticias \">&#13;<br \/>\n                    <a class=\"list-item__img\" href=\"https:\/\/limeira.sp.gov.br\/imprensa\/noticias\/saude\/secretaria-de-saude-presta-contas-em-86-audiencia-publica\" tabindex=\"-1\" aria-hidden=\"true\" rel=\"noopener\">&#13;<br \/>\n                        <img data-recalc-dims=\"1\" decoding=\"async\" src=\"https:\/\/i0.wp.com\/ecrie.com.br\/sistema\/conteudos\/imagem\/m_137_6_169_15122022144819.jpg?w=696&#038;ssl=1\" alt=\"Secretaria de Sa\u00fade presta contas em 86\u00aa Audi\u00eancia P\u00fablica\"\/>&#13;<br \/>\n                    <\/a>&#13;<br \/>\n&#13;<br \/>\n                &#13;<br \/>\n            <\/article>\n<p>&#13;<br \/>\n    <\/aside>\n<p>&#13;<br \/>\n&#13;<br \/>\n            <\/main><\/p><\/div>\n<p><br \/>\n<br \/><a href=\"https:\/\/limeira.sp.gov.br\/novo-plantao-de-vacinacao-sera-neste-sabado-1-em-limeira\" rel=\"noopener\">Informa\u00e7\u00f5es da PML <\/a><\/p>\n","protected":false},"excerpt":{"rendered":"<p>&#13; &#13; &#13; &#13; &#13; &#13; &#13; Um novo plant\u00e3o de vacina\u00e7\u00e3o ser\u00e1 realizado neste s\u00e1bado (1\u00ba), das 8h \u00e0s 13h, em Limeira. Ser\u00e3o disponibilizadas vacinas contra Covid-19, gripe, febre amarela e as vacinas previstas no Calend\u00e1rio de Vacina\u00e7\u00e3o. Com a chegada de doses de monovalente, o plant\u00e3o ter\u00e1 imuniza\u00e7\u00e3o contra Covid-19 para maiores de [&hellip;]<\/p>\n","protected":false},"author":1,"featured_media":4424,"comment_status":"open","ping_status":"open","sticky":false,"template":"","format":"standard","meta":{"_jetpack_newsletter_access":"","_jetpack_dont_email_post_to_subs":false,"_jetpack_newsletter_tier_id":0,"_jetpack_memberships_contains_paywalled_content":false,"_mbp_banners":[],"_jetpack_feature_clip_id":0,"_jetpack_memberships_contains_paid_content":false,"footnotes":"","jetpack_publicize_message":"","jetpack_publicize_feature_enabled":true,"jetpack_social_post_already_shared":true,"jetpack_social_options":{"image_generator_settings":{"template":"highway","default_image_id":0,"font":"","enabled":false},"version":2},"jetpack_post_was_ever_published":false},"categories":[16],"tags":[],"class_list":["post-6741","post","type-post","status-publish","format-standard","has-post-thumbnail","category-local"],"jetpack_publicize_connections":[],"jetpack-related-posts":[],"jetpack_shortlink":"https:\/\/wp.me\/p7Eq1F-1KJ","jetpack_sharing_enabled":true,"jetpack_featured_media_url":"https:\/\/i0.wp.com\/guialimeira.com.br\/news\/wp-content\/uploads\/2024\/05\/m_137_3_5_20032023161715.jpg?fit=1280%2C852&ssl=1","_links":{"self":[{"href":"https:\/\/guialimeira.com.br\/news\/wp-json\/wp\/v2\/posts\/6741","targetHints":{"allow":["GET"]}}],"collection":[{"href":"https:\/\/guialimeira.com.br\/news\/wp-json\/wp\/v2\/posts"}],"about":[{"href":"https:\/\/guialimeira.com.br\/news\/wp-json\/wp\/v2\/types\/post"}],"author":[{"embeddable":true,"href":"https:\/\/guialimeira.com.br\/news\/wp-json\/wp\/v2\/users\/1"}],"replies":[{"embeddable":true,"href":"https:\/\/guialimeira.com.br\/news\/wp-json\/wp\/v2\/comments?post=6741"}],"version-history":[{"count":0,"href":"https:\/\/guialimeira.com.br\/news\/wp-json\/wp\/v2\/posts\/6741\/revisions"}],"wp:featuredmedia":[{"embeddable":true,"href":"https:\/\/guialimeira.com.br\/news\/wp-json\/wp\/v2\/media\/4424"}],"wp:attachment":[{"href":"https:\/\/guialimeira.com.br\/news\/wp-json\/wp\/v2\/media?parent=6741"}],"wp:term":[{"taxonomy":"category","embeddable":true,"href":"https:\/\/guialimeira.com.br\/news\/wp-json\/wp\/v2\/categories?post=6741"},{"taxonomy":"post_tag","embeddable":true,"href":"https:\/\/guialimeira.com.br\/news\/wp-json\/wp\/v2\/tags?post=6741"}],"curies":[{"name":"wp","href":"https:\/\/api.w.org\/{rel}","templated":true}]}}